{"id":82326,"date":"2025-12-21T22:03:16","date_gmt":"2025-12-21T22:03:16","guid":{"rendered":"https:\/\/www.europesays.com\/lv\/82326\/"},"modified":"2025-12-21T22:03:16","modified_gmt":"2025-12-21T22:03:16","slug":"maksligas-apauglosanas-noslepums-dzons-travolta-varetu-but-elvisa-preslija-radinieks","status":"publish","type":"post","link":"https:\/\/www.europesays.com\/lv\/82326\/","title":{"rendered":"M\u0101ksl\u012bg\u0101s apaug\u013co\u0161anas nosl\u0113pums: D\u017eons Travolta var\u0113tu b\u016bt Elvisa Preslija radinieks"},"content":{"rendered":"\n<p>Holivuda non\u0101kusi ska\u013ca tiesas skand\u0101la epicentr\u0101, kur\u0101 tiek apspriesta D\u017eona Travoltas p\u0113cn\u0101c\u0113ju radniec\u012bba ar \u00abrokenrola karali\u00bb Elvisu Presliju.<\/p>\n<p>Saska\u0146\u0101 ar dokumentiem, ko ties\u0101 iesniegu\u0161i Priscillas Preslijas biju\u0161ie biznesa partneri, aktiera b\u0113rni \u2014 Ella, Bend\u017eamins un 2009. gad\u0101 boj\u0101 g\u0101ju\u0161ais D\u017eets \u2014 var\u0113tu b\u016bt le\u0123end\u0101r\u0101 dzied\u0101t\u0101ja mazb\u0113rni un mazmazb\u0113rni, zi\u0146o \u00abDaily Mail\u00bb.<\/p>\n<p>Lietas materi\u0101los teikts, ka 71 gadu vecais D\u017eons Travolta un vi\u0146a mirus\u012b sieva Kellija Prestona nesp\u0113ja dab\u012bg\u0101 ce\u013c\u0101 tikt pie b\u0113rniem. T\u0101p\u0113c p\u0101ris v\u0113rs\u0101s pie Elvisa vien\u012bg\u0101s meitas Lizas M\u0113rijas Preslijas ar l\u016bgumu nodro\u0161in\u0101t ol\u0161\u016bnas in vitro apaug\u013co\u0161anai.<\/p>\n<p>P\u0113c vec\u0101k\u0101 d\u0113la D\u017eeta n\u0101ves 2009. gad\u0101 p\u0101ris izl\u0113ma par otro b\u0113rnu. Tom\u0113r, saska\u0146\u0101 ar pras\u012bt\u0101ju apgalvojumiem, taj\u0101 laik\u0101 Liza M\u0113rija cietusi no narkotiku atkar\u012bbas, un vi\u0146as biomateri\u0101ls vairs netika izmantots. T\u0101 viet\u0101, p\u0113c dokumentu versijas, p\u0101rim it k\u0101 pal\u012bdz\u0113ja vi\u0146as meita Reilija Kio, kura nodro\u0161in\u0101ja savas ol\u0161\u016bnas apmai\u0146\u0101 pret vecu &#8220;Jaguar&#8221; markas automa\u0161\u012bnu un 20 000 dol\u0101ru.<\/p>\n<p>Ne D\u017eons Travolta, ne Reilija Kio nav ofici\u0101li koment\u0113ju\u0161i \u0161\u012bs aps\u016bdz\u012bbas.<\/p>\n<p><img decoding=\"async\" src=\"https:\/\/www.europesays.com\/lv\/wp-content\/uploads\/2025\/12\/John_Travolta_Cannes_2018_(cropped).jpg\" alt=\"John_Travolta_Cannes_2018_(cropped).jpg\"\/><\/p>\n<p>Liza M\u0113rija Preslija, uz kuru attiecas pras\u012bba, mirusi 2023. gada janv\u0101r\u012b, t\u0101p\u0113c vi\u0146a, protams, nevar apstiprin\u0101t vai noliegt \u0161o inform\u0101ciju. Ta\u010du vi\u0146as biju\u0161ais v\u012brs Maikls Lokvuds kategoriski noraida \u0161o inform\u0101ciju. \u00abTas ir vienk\u0101r\u0161i trakums. Es neko par to neesmu dzird\u0113jis,\u00bb vi\u0146\u0161 pazi\u0146oja.<\/p>\n<p>Svar\u012bgi atz\u012bm\u0113t, ka tiesas materi\u0101los tr\u016bkst medic\u012bnisku dokumentu, DNS testu vai citu pier\u0101d\u012bjumu, kas apstiprin\u0101tu \u0123en\u0113tisko saikni. Apgalvojumi balst\u0101s tikai uz Priscillas Preslijas biju\u0161o pal\u012bgu liec\u012bb\u0101m, kuri savuk\u0101rt atrodas konflikt\u0101 ar vi\u0146u biznesa domstarp\u012bbu d\u0113\u013c. Un tas nav ne tuvu vien\u012bgais pras\u012bbas pieteikums, ko vi\u0146i ir izvirz\u012bju\u0161i.<\/p>\n<p>\u0160\u012b gada septembr\u012b Priscilla Preslija, Elvisa Preslija bijus\u012b sieva un vi\u0146a vien\u012bg\u0101s meitas Lizas M\u0113rijas m\u0101te, non\u0101ca ska\u013ca skand\u0101la epicentr\u0101. Vi\u0146as biju\u0161ie biznesa partneri izvirz\u012bja smagas aps\u016bdz\u012bbas, sasaistot vi\u0146u ar div\u0101m tra\u0123\u0113dij\u0101m \u2014 rokenrola kara\u013ca n\u0101vi un Lizas M\u0113rijas aizie\u0161anu 2023. gada janv\u0101r\u012b. Saska\u0146\u0101 ar tiesas dokumentiem, Priscilla nod\u0113v\u0113ta par \u00abapr\u0113\u0137in\u0101t\u0101ju sociop\u0101ti un \u010d\u016bsku\u00bb, kura it k\u0101 izspiedusi no Elvisa miljonus dol\u0101ru neilgi pirms vi\u0146a boj\u0101ejas. Pras\u012bt\u0101ji apgalvo, ka \u0161is psiholo\u0123iskais spiediens bija viens no faktoriem, kas noveda pie vi\u0146a n\u0101ves.<\/p>\n<p>V\u0113l pla\u0161\u0101ku rezonansi izrais\u012bja aps\u016bdz\u012bbas par to, ka vi\u0146a neesot r\u012bkojusies, lai gl\u0101btu savu meitu. P\u0113c oponentu versijas, Priscilla zin\u0101ja par Lizas M\u0113rijas nopietnaj\u0101m vesel\u012bbas probl\u0113m\u0101m, bet nekas netika dar\u012bts, lai vi\u0146ai pal\u012bdz\u0113tu. \u0160\u0101da r\u012bc\u012bba, p\u0113c vi\u0146u dom\u0101m, bija v\u0113rsta uz Elvisa Preslija mantas saglab\u0101\u0161anu un kontroli, kas nov\u0113rt\u0113ta simtiem miljonu dol\u0101ru apm\u0113r\u0101.<\/p>\n<p>\u0160is st\u0101sts D\u017eonam Travoltam nav vienk\u0101r\u0161i v\u0113l viens skand\u0101ls av\u012bz\u0113s, bet iejauk\u0161an\u0101s person\u012bg\u0101 tra\u0123\u0113dij\u0101. Vi\u0146a vec\u0101kais d\u0113ls D\u017eets mira 16 gadu vecum\u0101 no epilepsijas l\u0113kmes, saist\u012btas ar retu Kavasaki sindromu. Sieva Kellija Prestona nomira 2020. gad\u0101 no kr\u016bts v\u0113\u017ea.<\/p>\n<ol start=\"2025\">\n<li>gada apr\u012bl\u012b aktieris public\u0113ja sirsn\u012bgu ierakstu dien\u0101, kad D\u017eetam b\u016btu aprit\u0113ju\u0161i 33 gadi: \u00abDaudz laimes dzim\u0161anas dien\u0101, D\u017eet, es p\u0113c tevi \u013coti ilgojos! M\u012blu tevi m\u016b\u017e\u012bgi!\u00bb<\/li>\n<\/ol>\n","protected":false},"excerpt":{"rendered":"Holivuda non\u0101kusi ska\u013ca tiesas skand\u0101la epicentr\u0101, kur\u0101 tiek apspriesta D\u017eona Travoltas p\u0113cn\u0101c\u0113ju radniec\u012bba ar \u00abrokenrola karali\u00bb Elvisu Presliju.&hellip;\n","protected":false},"author":2,"featured_media":82327,"comment_status":"","ping_status":"","sticky":false,"template":"","format":"standard","meta":{"footnotes":""},"categories":[19],"tags":[89,90,35,39,38,36,37,34,40],"class_list":{"0":"post-82326","1":"post","2":"type-post","3":"status-publish","4":"format-standard","5":"has-post-thumbnail","7":"category-izklaide","8":"tag-entertainment","9":"tag-izklaide","10":"tag-latvia","11":"tag-latvian","12":"tag-latviesu","13":"tag-latviesu-valoda","14":"tag-latviesuvaloda","15":"tag-latvija","16":"tag-lv"},"share_on_mastodon":{"url":"https:\/\/pubeurope.com\/@lv\/115759821976620882","error":""},"_links":{"self":[{"href":"https:\/\/www.europesays.com\/lv\/wp-json\/wp\/v2\/posts\/82326","targetHints":{"allow":["GET"]}}],"collection":[{"href":"https:\/\/www.europesays.com\/lv\/wp-json\/wp\/v2\/posts"}],"about":[{"href":"https:\/\/www.europesays.com\/lv\/wp-json\/wp\/v2\/types\/post"}],"author":[{"embeddable":true,"href":"https:\/\/www.europesays.com\/lv\/wp-json\/wp\/v2\/users\/2"}],"replies":[{"embeddable":true,"href":"https:\/\/www.europesays.com\/lv\/wp-json\/wp\/v2\/comments?post=82326"}],"version-history":[{"count":0,"href":"https:\/\/www.europesays.com\/lv\/wp-json\/wp\/v2\/posts\/82326\/revisions"}],"wp:featuredmedia":[{"embeddable":true,"href":"https:\/\/www.europesays.com\/lv\/wp-json\/wp\/v2\/media\/82327"}],"wp:attachment":[{"href":"https:\/\/www.europesays.com\/lv\/wp-json\/wp\/v2\/media?parent=82326"}],"wp:term":[{"taxonomy":"category","embeddable":true,"href":"https:\/\/www.europesays.com\/lv\/wp-json\/wp\/v2\/categories?post=82326"},{"taxonomy":"post_tag","embeddable":true,"href":"https:\/\/www.europesays.com\/lv\/wp-json\/wp\/v2\/tags?post=82326"}],"curies":[{"name":"wp","href":"https:\/\/api.w.org\/{rel}","templated":true}]}}