{"id":82346,"date":"2025-12-21T22:38:09","date_gmt":"2025-12-21T22:38:09","guid":{"rendered":"https:\/\/www.europesays.com\/lv\/82346\/"},"modified":"2025-12-21T22:38:09","modified_gmt":"2025-12-21T22:38:09","slug":"kadai-ir-jabut-imigracijas-politikai","status":"publish","type":"post","link":"https:\/\/www.europesays.com\/lv\/82346\/","title":{"rendered":"K\u0101dai ir j\u0101b\u016bt imigr\u0101cijas politikai"},"content":{"rendered":"<p>Saska\u0146\u0101 ar Eiropas Savien\u012bbas finans\u0113t\u0101s ekspertu organiz\u0101cijas &#8220;European Migration Network&#8221; 2024. gada zi\u0146ojumu Eiropas Savien\u012bb\u0101 katru gadu ierodas vair\u0101k nek\u0101 3,5 miljoni leg\u0101lo darbasp\u0113ka un studiju migrantu no tre\u0161\u0101s pasaules valst\u012bm (\u0100frikas, Tuvajiem Austrumiem, \u0100zijas un Dienvidamerikas). P\u0113c darba l\u012bguma vai studiju beig\u0101m iebrauc\u0113jiem Latvija ir j\u0101atst\u0101j.<\/p>\n<p>To dikt\u0113 ekonomisk\u0101 att\u012bst\u012bba un nepiecie\u0161am\u012bba p\u0113c gados jauniem str\u0101d\u0101jo\u0161ajiem, ko nesp\u0113j nodro\u0161in\u0101t novecoju\u0161\u0101s Eiropas n\u0101cijas ar zemu dzimst\u012bbu. Bez leg\u0101l\u0101s imigr\u0101cijas Eiropas Savien\u012bba katru gadu izskata nepilnu miljonu iesniegumu par b\u0113g\u013ca statusa pie\u0161\u0137ir\u0161anu cilv\u0113kiem, kas ieradu\u0161ies vai uzturas ES neleg\u0101li, taj\u0101 skait\u0101 ar\u012b no tiem, kas cen\u0161as \u0161\u0137\u0113rsot Latvijas robe\u017eu no Baltkrievijas. Eiropas Savien\u012bbas un daudzu dal\u012bbvalstu nacion\u0101l\u0101 politika \u0161obr\u012bd ir p\u0113c iesp\u0113jas integr\u0113t imigrantus viet\u0113j\u0101 darba tirg\u016b, soci\u0101laj\u0101 un kult\u016bras vid\u0113, kas ar laiku \u013cauj vi\u0146iem ieg\u016bt ES valstu pilson\u012bbu. \u0160\u0101da politika ir rupja strat\u0113\u0123isk\u0101 k\u013c\u016bda, kas l\u012bdz nepaz\u012b\u0161anai izmain\u012bs Eiropas seju, un ilgtermi\u0146\u0101 Eiropas pamatn\u0101cijas zaud\u0113s kontroli p\u0101r sav\u0101m valst\u012bm!<\/p>\n<p>Pa\u0161reiz\u0113j\u0101 masveid\u012bg\u0101 imigr\u0101cijas procesa d\u0113\u013c Eiropas valstu, kas ir imigr\u0101cijas galvenie m\u0113r\u0137i (V\u0101cija, Francija, Sp\u0101nija, It\u0101lija, Zviedrija), iedz\u012bvot\u0101ju etniskaj\u0101 sast\u0101v\u0101 jau ir apm\u0113ram 15\u201320% tre\u0161\u0101s pasaules valstu cilv\u0113ku, kam ir sava mentalit\u0101te un no kuriem da\u013ca nev\u0113las pilnv\u0113rt\u012bgi integr\u0113ties m\u012btnes zemes kult\u016br\u0101.<\/p>\n","protected":false},"excerpt":{"rendered":"Saska\u0146\u0101 ar Eiropas Savien\u012bbas finans\u0113t\u0101s ekspertu organiz\u0101cijas &#8220;European Migration Network&#8221; 2024. gada zi\u0146ojumu Eiropas Savien\u012bb\u0101 katru gadu ierodas&hellip;\n","protected":false},"author":2,"featured_media":82347,"comment_status":"","ping_status":"","sticky":false,"template":"","format":"standard","meta":{"footnotes":""},"categories":[12],"tags":[23,28,29,32,33,22,30,31,35,39,38,36,37,34,40,20,26,27,24,25,21],"class_list":{"0":"post-82346","1":"post","2":"type-post","3":"status-publish","4":"format-standard","5":"has-post-thumbnail","7":"category-latvija","8":"tag-aktualitates","9":"tag-breaking-news","10":"tag-breakingnews","11":"tag-featured-news","12":"tag-featurednews","13":"tag-headlines","14":"tag-latest-news","15":"tag-latestnews","16":"tag-latvia","17":"tag-latvian","18":"tag-latviesu","19":"tag-latviesu-valoda","20":"tag-latviesuvaloda","21":"tag-latvija","22":"tag-lv","23":"tag-news","24":"tag-popularakas-zinas","25":"tag-popularakaszinas","26":"tag-top-stories","27":"tag-topstories","28":"tag-zinas"},"share_on_mastodon":{"url":"https:\/\/pubeurope.com\/@lv\/115759959434530724","error":""},"_links":{"self":[{"href":"https:\/\/www.europesays.com\/lv\/wp-json\/wp\/v2\/posts\/82346","targetHints":{"allow":["GET"]}}],"collection":[{"href":"https:\/\/www.europesays.com\/lv\/wp-json\/wp\/v2\/posts"}],"about":[{"href":"https:\/\/www.europesays.com\/lv\/wp-json\/wp\/v2\/types\/post"}],"author":[{"embeddable":true,"href":"https:\/\/www.europesays.com\/lv\/wp-json\/wp\/v2\/users\/2"}],"replies":[{"embeddable":true,"href":"https:\/\/www.europesays.com\/lv\/wp-json\/wp\/v2\/comments?post=82346"}],"version-history":[{"count":0,"href":"https:\/\/www.europesays.com\/lv\/wp-json\/wp\/v2\/posts\/82346\/revisions"}],"wp:featuredmedia":[{"embeddable":true,"href":"https:\/\/www.europesays.com\/lv\/wp-json\/wp\/v2\/media\/82347"}],"wp:attachment":[{"href":"https:\/\/www.europesays.com\/lv\/wp-json\/wp\/v2\/media?parent=82346"}],"wp:term":[{"taxonomy":"category","embeddable":true,"href":"https:\/\/www.europesays.com\/lv\/wp-json\/wp\/v2\/categories?post=82346"},{"taxonomy":"post_tag","embeddable":true,"href":"https:\/\/www.europesays.com\/lv\/wp-json\/wp\/v2\/tags?post=82346"}],"curies":[{"name":"wp","href":"https:\/\/api.w.org\/{rel}","templated":true}]}}