{"id":82348,"date":"2025-12-21T22:40:11","date_gmt":"2025-12-21T22:40:11","guid":{"rendered":"https:\/\/www.europesays.com\/lv\/82348\/"},"modified":"2025-12-21T22:40:11","modified_gmt":"2025-12-21T22:40:11","slug":"rigas-centra-ienak-tokijas-kultura-durvis-veris-japanu-bistro-kama-kura","status":"publish","type":"post","link":"https:\/\/www.europesays.com\/lv\/82348\/","title":{"rendered":"R\u012bgas centr\u0101 ien\u0101k Tokijas kult\u016bra \u2013 durvis v\u0113ris jap\u0101\u0146u bistro Kama Kura"},"content":{"rendered":"<p>K\u013c\u016bstot par pav\u0101ru, pirmajos p\u0101ris gados tikai s\u0101c orient\u0113ties, izm\u0113\u0123in\u0101t, mekl\u0113t sevi. Es non\u0101cu profesij\u0101 2012. gad\u0101, kad nejau\u0161i s\u0101ku gatavot \u0161os su\u0161i un picas. P\u0113c tam, protams, iem\u0113\u0123in\u0101ju roku ar\u012b cit\u0101s virtuv\u0113s, pat konditorejas cep\u0161an\u0101 un desertu gatavo\u0161an\u0101. Tom\u0113r p\u0113c 2-3 gadiem sapratu, ka dievinu jap\u0101\u0146u virtuvi un v\u0113los pilnveidoties tie\u0161i \u0161aj\u0101 virzien\u0101.<\/p>\n<p>Esmu str\u0101d\u0101jis Ab\u016b Dab\u012b, Norv\u0113\u0123ij\u0101 un tr\u012bs gadus Nobu restor\u0101n\u0101 Var\u0161av\u0101. Es centos izmantot katru iesp\u0113ju: n\u0101cu uz darbu piecas stundas agr\u0101k un m\u0101c\u012bjos no iev\u0113rojamiem pav\u0101riem.<\/p>\n<p>\u0100zijas virtuve sav\u0101 zi\u0146\u0101 ir \u012bpa\u0161a. Liel\u0101k\u0101 da\u013ca \u0113dienu pie mums ir n\u0101ku\u0161i no \u0136\u012bnas, saglab\u0101jot savu pikantumu, svaigumu, ga\u013cas un ingvera arom\u0101tu. T\u0101 rada sp\u0113c\u012bg\u0101ku iespaidu nek\u0101 eiropie\u0161u virtuve.<\/p>\n<p>Esmu ramen zupas fans, pagar\u0161oju tos visos restor\u0101nos.<\/p>\n<p>Pirmais \u0113diens, ko es, k\u013c\u016bstot par pav\u0101ru, pagatavoju saviem vec\u0101kiem, bija ramen zupa. M\u0101j\u0101s m\u0113s p\u0101rsvar\u0101 \u0113dam jap\u0101\u0146u virtuvi: su\u0161i, un \u0161o ramen zupu. Visi mani draugi zina, ka es esmu mazliet aps\u0113sts ar ramen zup\u0101m, un pagar\u0161oju t\u0101s visos restor\u0101nos.<\/p>\n","protected":false},"excerpt":{"rendered":"K\u013c\u016bstot par pav\u0101ru, pirmajos p\u0101ris gados tikai s\u0101c orient\u0113ties, izm\u0113\u0123in\u0101t, mekl\u0113t sevi. Es non\u0101cu profesij\u0101 2012. gad\u0101, kad&hellip;\n","protected":false},"author":2,"featured_media":82349,"comment_status":"","ping_status":"","sticky":false,"template":"","format":"standard","meta":{"footnotes":""},"categories":[19],"tags":[63,65,60,89,59,90,70,64,35,39,38,36,37,34,40,68,69,66,67,62,21,61],"class_list":{"0":"post-82348","1":"post","2":"type-post","3":"status-publish","4":"format-standard","5":"has-post-thumbnail","7":"category-izklaide","8":"tag-arvalstis","9":"tag-auto","10":"tag-egoiste","11":"tag-entertainment","12":"tag-financenet","13":"tag-izklaide","14":"tag-klik","15":"tag-kultura","16":"tag-latvia","17":"tag-latvian","18":"tag-latviesu","19":"tag-latviesu-valoda","20":"tag-latviesuvaloda","21":"tag-latvija","22":"tag-lv","23":"tag-maja","24":"tag-receptes","25":"tag-sejas","26":"tag-sports","27":"tag-viedokli","28":"tag-zinas","29":"tag-zinatne"},"share_on_mastodon":{"url":"https:\/\/pubeurope.com\/@lv\/115759967255108173","error":""},"_links":{"self":[{"href":"https:\/\/www.europesays.com\/lv\/wp-json\/wp\/v2\/posts\/82348","targetHints":{"allow":["GET"]}}],"collection":[{"href":"https:\/\/www.europesays.com\/lv\/wp-json\/wp\/v2\/posts"}],"about":[{"href":"https:\/\/www.europesays.com\/lv\/wp-json\/wp\/v2\/types\/post"}],"author":[{"embeddable":true,"href":"https:\/\/www.europesays.com\/lv\/wp-json\/wp\/v2\/users\/2"}],"replies":[{"embeddable":true,"href":"https:\/\/www.europesays.com\/lv\/wp-json\/wp\/v2\/comments?post=82348"}],"version-history":[{"count":0,"href":"https:\/\/www.europesays.com\/lv\/wp-json\/wp\/v2\/posts\/82348\/revisions"}],"wp:featuredmedia":[{"embeddable":true,"href":"https:\/\/www.europesays.com\/lv\/wp-json\/wp\/v2\/media\/82349"}],"wp:attachment":[{"href":"https:\/\/www.europesays.com\/lv\/wp-json\/wp\/v2\/media?parent=82348"}],"wp:term":[{"taxonomy":"category","embeddable":true,"href":"https:\/\/www.europesays.com\/lv\/wp-json\/wp\/v2\/categories?post=82348"},{"taxonomy":"post_tag","embeddable":true,"href":"https:\/\/www.europesays.com\/lv\/wp-json\/wp\/v2\/tags?post=82348"}],"curies":[{"name":"wp","href":"https:\/\/api.w.org\/{rel}","templated":true}]}}