{"id":82350,"date":"2025-12-21T22:43:08","date_gmt":"2025-12-21T22:43:08","guid":{"rendered":"https:\/\/www.europesays.com\/lv\/82350\/"},"modified":"2025-12-21T22:43:08","modified_gmt":"2025-12-21T22:43:08","slug":"bruklins-it-ka-noblokejis-vecakus-bralis-kruzs-noliedz-lente-lv","status":"publish","type":"post","link":"https:\/\/www.europesays.com\/lv\/82350\/","title":{"rendered":"Bruklins it k\u0101 noblo\u0137\u0113jis vec\u0101kus, br\u0101lis Kr\u016bzs noliedz\u00a0\u2014\u00a0Lente.lv"},"content":{"rendered":"<p>Jauns pav\u0113rsiens Bekhemu attiec\u012bb\u0101s: Instagram blok\u0101de<\/p>\n<p>Deivida un Viktorijas Bekhemu vec\u0101kais d\u0113ls Bruklins, \u0161\u0137iet, turpina saasin\u0101t publiski apspriesto \u0123imenes konfliktu. K\u0101 inform\u0113 port\u0101ls jauns.lv, soci\u0101laj\u0101 t\u012bkl\u0101 &#8220;Instagram&#8221; esot radusies jauna spriedze, jo izskan\u0113ju\u0161as zi\u0146as, ka 26 gadus vecais Bruklins esot noblo\u0137\u0113jis savus slavenos vec\u0101kus. \u0160\u012b att\u012bst\u012bba iez\u012bm\u0113 iev\u0113rojamu soli attiec\u012bb\u0101s, kas jau ilgsto\u0161i tiek v\u0113rt\u0113tas k\u0101 saspringtas.<\/p>\n<p>Tom\u0113r situ\u0101cija nav tik vienk\u0101r\u0161a, k\u0101 s\u0101kotn\u0113ji tika zi\u0146ots. Bija izplat\u012bju\u0161\u0101s runas, ka gan Deivids, gan Viktorija vairs neseko savam vec\u0101kajam d\u0113lam. \u0160os apgalvojumus strauji noliedza Bruklina jaun\u0101kais br\u0101lis Kr\u016bzs. 20 gadus vecais Kr\u016bzs publiski iejauc\u0101s, izmantojot savus Instagram st\u0101stus, lai nov\u0113rstu dezinform\u0101ciju.<\/p>\n<p>Kr\u016bza Bekhema atkl\u0101j paties\u012bbu par \u201cblo\u0137\u0113\u0161anu\u201d<\/p>\n<p>Kr\u016bzs Bekhems rea\u0123\u0113ja uz mediju rakstiem, kuros tika apgalvots, ka Deivids un Viktorija esot atsekau\u0161ju\u0161i Bruklinu. Kr\u016bzs \u0161os apgalvojumus nosauca par nepatiemiesiem, uzsverot \u0123imenes lojalit\u0101ti. Vi\u0146\u0161 soci\u0101lajos t\u012bklos rakst\u012bja: \u201cNAV TAISN\u012aBA. Mana mamma un t\u0113tis nekad neatsekotu savam d\u0113lam\u2026 Saliksim faktus pa plaukti\u0146iem. Vi\u0146i pamod\u0101s blo\u0137\u0113ti\u2026 t\u0101pat k\u0101 es.\u201d<\/p>\n<p>\u0160is pazi\u0146ojums maina st\u0101sta virzienu: nevis vec\u0101ki uzs\u0101ku\u0161i atsekot d\u0113lu, bet gan Bruklins esot bijis tas, kur\u0161 uzlicis seko\u0161anas ierobe\u017eojumus abiem vec\u0101kiem, k\u0101 ar\u012b, p\u0113c pa\u0161a Kr\u016bza v\u0101rdiem, vi\u0146am pa\u0161am. T\u0101d\u0113j\u0101di tiek nor\u0101d\u012bts, ka iniciat\u012bva n\u0101kusi no vec\u0101k\u0101 d\u0113la puses.<\/p>\n<p>Ilgsto\u0161\u0101 konflikta saknes un nekl\u0101tb\u016btne sv\u0113tkos<\/p>\n<p>Skaidrs ir tas, ka spriedze Bekhemu \u0123imen\u0113 nav jauna par\u0101d\u012bba. Baumas par nopietnu domstarp\u012bbu s\u0101kumu galvenok\u0101rt saista ar Bruklina un aktrises Nikolas Peltzas (30) k\u0101z\u0101m 2022. gad\u0101. Tolaik publiski izskan\u0113ja st\u0101sti, ka domstarp\u012bbas rad\u0101s, kad Nikola atteic\u0101s no Viktorijas Bekhemas dizaina k\u0101zu kleitas par labu Valentino t\u0113rpam.<\/p>\n<p>Konfliktu ugunskuru uztur\u0113ja ar\u012b fakts, ka Bruklins un Nikola nepiedal\u012bj\u0101s Deivida 50. dzim\u0161anas dienas svin\u012bb\u0101s maij\u0101, neskatoties uz to, ka abi atrad\u0101s Lielbrit\u0101nij\u0101.<\/p>\n<p>Ziemassv\u0113tku pl\u0101ni nor\u0101da uz turpm\u0101ku distanc\u0113\u0161anos<\/p>\n<p>Situ\u0101ciju apgr\u016btina ar\u012b gaid\u0101mie sv\u0113tki. Tiek zi\u0146ots, ka \u0161ogad, gatavojoties pirmajiem Ziemassv\u0113tkiem bez kop\u012bgas atkal satik\u0161an\u0101s, Bruklins un Nikola, visticam\u0101k, pavad\u012bs sv\u0113tku dienu kop\u0101 ar Nikolas \u0123imeni Palmbi\u010d\u0101, Florid\u0101, t\u0101d\u0113j\u0101di izlai\u017eot tradicion\u0101los Bekhemu svin\u012bbu pas\u0101kumus.<\/p>\n<p>Lai gan \u0123imenes p\u0101rst\u0101vjiem jaut\u0101jumi par \u0161o nesen\u0101ko notikumu koment\u0101ri nav sniegti, soci\u0101lo mediju aktivit\u0101te un br\u0101\u013cu atkl\u0101t\u0101 komunik\u0101cija k\u013c\u016bst par noz\u012bm\u012bgu indikatoru vis\u0101 \u0161aj\u0101 publiskaj\u0101 dr\u0101m\u0101. Kam\u0113r Deivids un Viktorija joproj\u0101m seko saviem citiem b\u0113rniem \u2013 Romeo un Kr\u016bzam \u2013 situ\u0101cija ar vec\u0101ko d\u0113lu un t\u0101 ar\u012b neizl\u0113gu\u0161os nesaska\u0146as ar znotas Nikolas pusi turpina piesaist\u012bt mediju uzman\u012bbu.<\/p>\n","protected":false},"excerpt":{"rendered":"Jauns pav\u0113rsiens Bekhemu attiec\u012bb\u0101s: Instagram blok\u0101de Deivida un Viktorijas Bekhemu vec\u0101kais d\u0113ls Bruklins, \u0161\u0137iet, turpina saasin\u0101t publiski apspriesto&hellip;\n","protected":false},"author":2,"featured_media":82351,"comment_status":"","ping_status":"","sticky":false,"template":"","format":"standard","meta":{"footnotes":""},"categories":[14],"tags":[23,57,20808,28,29,20809,32,33,22,20810,20811,30,31,35,39,38,36,37,34,40,20,26,27,24,25,6341,54,55,56,21,58],"class_list":{"0":"post-82350","1":"post","2":"type-post","3":"status-publish","4":"format-standard","5":"has-post-thumbnail","7":"category-zinas-no-arvalstim","8":"tag-aktualitates","9":"tag-arvalstim","10":"tag-bekhems","11":"tag-breaking-news","12":"tag-breakingnews","13":"tag-bruklins-bekhems","14":"tag-featured-news","15":"tag-featurednews","16":"tag-headlines","17":"tag-instagram-drama","18":"tag-kruzs-bekhems","19":"tag-latest-news","20":"tag-latestnews","21":"tag-latvia","22":"tag-latvian","23":"tag-latviesu","24":"tag-latviesu-valoda","25":"tag-latviesuvaloda","26":"tag-latvija","27":"tag-lv","28":"tag-news","29":"tag-popularakas-zinas","30":"tag-popularakaszinas","31":"tag-top-stories","32":"tag-topstories","33":"tag-viktorija-bekhema","34":"tag-world","35":"tag-world-news","36":"tag-worldnews","37":"tag-zinas","38":"tag-zinas-no-arvalstim"},"share_on_mastodon":{"url":"https:\/\/pubeurope.com\/@lv\/115759979134692382","error":""},"_links":{"self":[{"href":"https:\/\/www.europesays.com\/lv\/wp-json\/wp\/v2\/posts\/82350","targetHints":{"allow":["GET"]}}],"collection":[{"href":"https:\/\/www.europesays.com\/lv\/wp-json\/wp\/v2\/posts"}],"about":[{"href":"https:\/\/www.europesays.com\/lv\/wp-json\/wp\/v2\/types\/post"}],"author":[{"embeddable":true,"href":"https:\/\/www.europesays.com\/lv\/wp-json\/wp\/v2\/users\/2"}],"replies":[{"embeddable":true,"href":"https:\/\/www.europesays.com\/lv\/wp-json\/wp\/v2\/comments?post=82350"}],"version-history":[{"count":0,"href":"https:\/\/www.europesays.com\/lv\/wp-json\/wp\/v2\/posts\/82350\/revisions"}],"wp:featuredmedia":[{"embeddable":true,"href":"https:\/\/www.europesays.com\/lv\/wp-json\/wp\/v2\/media\/82351"}],"wp:attachment":[{"href":"https:\/\/www.europesays.com\/lv\/wp-json\/wp\/v2\/media?parent=82350"}],"wp:term":[{"taxonomy":"category","embeddable":true,"href":"https:\/\/www.europesays.com\/lv\/wp-json\/wp\/v2\/categories?post=82350"},{"taxonomy":"post_tag","embeddable":true,"href":"https:\/\/www.europesays.com\/lv\/wp-json\/wp\/v2\/tags?post=82350"}],"curies":[{"name":"wp","href":"https:\/\/api.w.org\/{rel}","templated":true}]}}