{"id":82352,"date":"2025-12-21T22:44:11","date_gmt":"2025-12-21T22:44:11","guid":{"rendered":"https:\/\/www.europesays.com\/lv\/82352\/"},"modified":"2025-12-21T22:44:11","modified_gmt":"2025-12-21T22:44:11","slug":"tetis-dzivo-kapos-trinisu-mate-8-gadus-cinas-par-taisnibu-un-turpina-zaudet","status":"publish","type":"post","link":"https:\/\/www.europesays.com\/lv\/82352\/","title":{"rendered":"&#8220;T\u0113tis dz\u012bvo kapos.&#8221; Tr\u012bn\u012b\u0161u m\u0101te 8 gadus c\u012bn\u0101s par taisn\u012bbu un turpina zaud\u0113t"},"content":{"rendered":"<p>Taj\u0101 pavasara p\u0113cpusdien\u0101 k\u0101d\u0101 J\u016brmalas jaunb\u016bv\u0113 viss notika da\u017eu sekun\u017eu laik\u0101. Viens neuzman\u012bgs solis, un elektromontiera dz\u012bv\u012bba izdzisa uz betona bru\u0123a, p\u0113c kritiena no vienpadsmit metru augstuma. Ta\u010du tas, kas sekoja p\u0113c tra\u0123\u0113dijas, izv\u0113rt\u0101s par asto\u0146us gadus ilgu juridisku murgu, kur\u0101 &#8220;pap\u012bru dro\u0161\u012bba&#8221; tika st\u0101d\u012bta augst\u0101k par cilv\u0113ka dz\u012bv\u012bbu.<\/p>\n","protected":false},"excerpt":{"rendered":"Taj\u0101 pavasara p\u0113cpusdien\u0101 k\u0101d\u0101 J\u016brmalas jaunb\u016bv\u0113 viss notika da\u017eu sekun\u017eu laik\u0101. Viens neuzman\u012bgs solis, un elektromontiera dz\u012bv\u012bba izdzisa&hellip;\n","protected":false},"author":2,"featured_media":82353,"comment_status":"","ping_status":"","sticky":false,"template":"","format":"standard","meta":{"footnotes":""},"categories":[12],"tags":[23,28,29,32,33,22,30,31,35,39,38,36,37,34,40,20,26,27,24,25,900,21],"class_list":{"0":"post-82352","1":"post","2":"type-post","3":"status-publish","4":"format-standard","5":"has-post-thumbnail","7":"category-latvija","8":"tag-aktualitates","9":"tag-breaking-news","10":"tag-breakingnews","11":"tag-featured-news","12":"tag-featurednews","13":"tag-headlines","14":"tag-latest-news","15":"tag-latestnews","16":"tag-latvia","17":"tag-latvian","18":"tag-latviesu","19":"tag-latviesu-valoda","20":"tag-latviesuvaloda","21":"tag-latvija","22":"tag-lv","23":"tag-news","24":"tag-popularakas-zinas","25":"tag-popularakaszinas","26":"tag-top-stories","27":"tag-topstories","28":"tag-tvnet-cilvekstasti","29":"tag-zinas"},"share_on_mastodon":{"url":"https:\/\/pubeurope.com\/@lv\/115759983037279077","error":""},"_links":{"self":[{"href":"https:\/\/www.europesays.com\/lv\/wp-json\/wp\/v2\/posts\/82352","targetHints":{"allow":["GET"]}}],"collection":[{"href":"https:\/\/www.europesays.com\/lv\/wp-json\/wp\/v2\/posts"}],"about":[{"href":"https:\/\/www.europesays.com\/lv\/wp-json\/wp\/v2\/types\/post"}],"author":[{"embeddable":true,"href":"https:\/\/www.europesays.com\/lv\/wp-json\/wp\/v2\/users\/2"}],"replies":[{"embeddable":true,"href":"https:\/\/www.europesays.com\/lv\/wp-json\/wp\/v2\/comments?post=82352"}],"version-history":[{"count":0,"href":"https:\/\/www.europesays.com\/lv\/wp-json\/wp\/v2\/posts\/82352\/revisions"}],"wp:featuredmedia":[{"embeddable":true,"href":"https:\/\/www.europesays.com\/lv\/wp-json\/wp\/v2\/media\/82353"}],"wp:attachment":[{"href":"https:\/\/www.europesays.com\/lv\/wp-json\/wp\/v2\/media?parent=82352"}],"wp:term":[{"taxonomy":"category","embeddable":true,"href":"https:\/\/www.europesays.com\/lv\/wp-json\/wp\/v2\/categories?post=82352"},{"taxonomy":"post_tag","embeddable":true,"href":"https:\/\/www.europesays.com\/lv\/wp-json\/wp\/v2\/tags?post=82352"}],"curies":[{"name":"wp","href":"https:\/\/api.w.org\/{rel}","templated":true}]}}