{"id":82356,"date":"2025-12-21T22:49:14","date_gmt":"2025-12-21T22:49:14","guid":{"rendered":"https:\/\/www.europesays.com\/lv\/82356\/"},"modified":"2025-12-21T22:49:14","modified_gmt":"2025-12-21T22:49:14","slug":"cilvektirdznieciba-atrasti-desmitiem-pazudusu-bernu-tostarp-gadu-vecs-zidainis","status":"publish","type":"post","link":"https:\/\/www.europesays.com\/lv\/82356\/","title":{"rendered":"Cilv\u0113ktirdzniec\u012bba. Atrasti desmitiem pazudu\u0161u b\u0113rnu, tostarp gadu vecs z\u012bdainis"},"content":{"rendered":"<p>    <img decoding=\"async\" src=\"https:\/\/www.europesays.com\/lv\/wp-content\/uploads\/2025\/12\/pexels-ketchumcommunity-1464230-1024x683.jpg\" alt=\"&#10;Ilustrat\u012bvs att\u0113ls&#10;\"\/><\/p>\n<p>Ilustrat\u012bvs att\u0113ls<\/p>\n<p>Foto. pexels-ketchumcommunity\n<\/p>\n<p>12:30, 21. decembris 2025<\/p>\n<p>Vair\u0101k nek\u0101 40 b\u0113rnu p\u0113c veiksm\u012bgas un sare\u017e\u0123\u012btas policijas oper\u0101cijas ir atrasti un atgriezti m\u0101j\u0101s, p\u0113c tam, kad vi\u0146us bija nolaup\u012bju\u0161i seksu\u0101l\u0101s tirdzniec\u012bbas t\u012bklu p\u0101rst\u0101vji. Kopum\u0101 atrasti 43 bezv\u0113sts pazudu\u0161i b\u0113rni \u2013 s\u0101kot no viena gada veca l\u012bdz 17 gad\u012bgiem pusaud\u017eiem, 14 apgabalos Zieme\u013cflorid\u0101, pazi\u0146oja ASV Mar\u0161alu dienests.<\/p>\n<p>        Las\u012bt\u0101kie<br \/>\n        <a data-imagesrc=\"{&quot;300&quot;:&quot;https:\\\/\\\/lastatic.ams3.cdn.digitaloceanspaces.com\\\/2025\\\/12\\\/pexels-cottonbro-3171815-300x200.jpg&quot;,&quot;1024&quot;:&quot;https:\\\/\\\/lastatic.ams3.cdn.digitaloceanspaces.com\\\/2025\\\/12\\\/pexels-cottonbro-3171815-1024x684.jpg&quot;,&quot;1536&quot;:&quot;https:\\\/\\\/lastatic.ams3.cdn.digitaloceanspaces.com\\\/2025\\\/12\\\/pexels-cottonbro-3171815-1536x1026.jpg&quot;,&quot;500&quot;:&quot;https:\\\/\\\/lastatic.ams3.cdn.digitaloceanspaces.com\\\/2025\\\/12\\\/pexels-cottonbro-3171815-500x334.jpg&quot;,&quot;800&quot;:&quot;https:\\\/\\\/lastatic.ams3.cdn.digitaloceanspaces.com\\\/2025\\\/12\\\/pexels-cottonbro-3171815-800x534.jpg&quot;,&quot;2560&quot;:&quot;https:\\\/\\\/lastatic.ams3.cdn.digitaloceanspaces.com\\\/2025\\\/12\\\/pexels-cottonbro-3171815-scaled.jpg&quot;}\" data-focuspoint=\"&quot;&quot;\" data-p=\"2484502\" href=\"https:\/\/www.la.lv\/tikai-sis-cetras-zodiaka-zimes-mirdzes-visu-2026-gadu-kas-tas-sagaida\" class=\"content-item lazy-load\" wp_automatic_readability=\"26\" rel=\"nofollow noopener\" target=\"_blank\"><\/p>\n<p>                                <img decoding=\"async\" src=\"\" alt=\"\" style=\"\" data-imageid=\"\"\/><\/p>\n<p>                                Kokteilis<\/p>\n<p>\n                                                Tikai \u0161\u012bs \u010detras zodiaka z\u012bmes mirdz\u0113s visu 2026. gadu: kas t\u0101s sagaida\n                            <\/p>\n<p><\/a><a data-imagesrc=\"{&quot;300&quot;:&quot;https:\\\/\\\/lastatic.ams3.cdn.digitaloceanspaces.com\\\/2025\\\/12\\\/68ead995-eb1d-43f6-83be-659f3833dd4f-1-300x200.jpg&quot;,&quot;1024&quot;:&quot;https:\\\/\\\/lastatic.ams3.cdn.digitaloceanspaces.com\\\/2025\\\/12\\\/68ead995-eb1d-43f6-83be-659f3833dd4f-1-1024x683.jpg&quot;,&quot;1536&quot;:&quot;https:\\\/\\\/lastatic.ams3.cdn.digitaloceanspaces.com\\\/2025\\\/12\\\/68ead995-eb1d-43f6-83be-659f3833dd4f-1-1536x1024.jpg&quot;,&quot;500&quot;:&quot;https:\\\/\\\/lastatic.ams3.cdn.digitaloceanspaces.com\\\/2025\\\/12\\\/68ead995-eb1d-43f6-83be-659f3833dd4f-1-500x333.jpg&quot;,&quot;800&quot;:&quot;https:\\\/\\\/lastatic.ams3.cdn.digitaloceanspaces.com\\\/2025\\\/12\\\/68ead995-eb1d-43f6-83be-659f3833dd4f-1-800x533.jpg&quot;,&quot;1800&quot;:&quot;https:\\\/\\\/lastatic.ams3.cdn.digitaloceanspaces.com\\\/2025\\\/12\\\/68ead995-eb1d-43f6-83be-659f3833dd4f-1.jpg&quot;}\" data-focuspoint=\"&quot;&quot;\" data-p=\"2484506\" href=\"https:\/\/www.la.lv\/foto-bernudarzs-par-kuru-runa-visa-latvija-tik-grezna-ziemassvetku-pasaka-skiet-citviet-nav-redzeta\" class=\"content-item lazy-load\" wp_automatic_readability=\"28\" rel=\"nofollow noopener\" target=\"_blank\"><\/p>\n<p>                                <img decoding=\"async\" src=\"\" alt=\"\" style=\"\" data-imageid=\"\"\/><\/p>\n<p>                                            FOTO. B\u0113rnud\u0101rzs, par kuru run\u0101  visa Latvija \u2013 tik grezna Ziemassv\u0113tku pasaka, \u0161\u0137iet, citviet nav redz\u0113ta\n                            <\/p>\n<p><\/a><a data-imagesrc=\"{&quot;300&quot;:&quot;https:\\\/\\\/lastatic.ams3.cdn.digitaloceanspaces.com\\\/2025\\\/12\\\/russia_ukraine_war_56339-1-300x200.jpg&quot;,&quot;500&quot;:&quot;https:\\\/\\\/lastatic.ams3.cdn.digitaloceanspaces.com\\\/2025\\\/12\\\/russia_ukraine_war_56339-1-500x333.jpg&quot;,&quot;800&quot;:&quot;https:\\\/\\\/lastatic.ams3.cdn.digitaloceanspaces.com\\\/2025\\\/12\\\/russia_ukraine_war_56339-1.jpg&quot;}\" data-focuspoint=\"&quot;&quot;\" data-p=\"2481161\" href=\"https:\/\/www.la.lv\/si-ziema-krievijai-bus-aukstaka-un-tumsaka-neka-mums-kas-slepjas-zem-siem-ukrainas-klusajiem-draudiem\" class=\"content-item lazy-load\" wp_automatic_readability=\"26.5\" rel=\"nofollow noopener\" target=\"_blank\"><\/p>\n<p>                                <img decoding=\"async\" src=\"\" alt=\"\" style=\"\" data-imageid=\"\"\/><\/p>\n<p>\n                                                \u201c\u0160\u012b ziema Krievijai b\u016bs aukst\u0101ka un tum\u0161\u0101ka nek\u0101 mums!\u201d Kas sl\u0113pjas aiz \u0161\u012b klus\u0101 Ukrainas prieka?\n                            <\/p>\n<p><\/a><br \/>\n        <a class=\"read-more\" href=\"https:\/\/www.la.lv\/top\" rel=\"nofollow noopener\" target=\"_blank\">Las\u012bt citas zi\u0146as<\/a><\/p>\n<p>Oper\u0101cijas \u201cNorthern Lights\u201d rezult\u0101t\u0101 arest\u0113ti devi\u0146i cilv\u0113ki. Oper\u0101cija ilga divas ned\u0113\u013cas, un taj\u0101 piedal\u012bj\u0101s 80 cilv\u0113ki no 25 iest\u0101d\u0113m, raksta port\u0101ls Metro.<\/p>\n<p>Viens izgl\u0101btais 13 gadus vecais b\u0113rns bija pasludin\u0101ts par bezv\u0113sts pazudu\u0161u Suvanni apgabal\u0101 jau pirms asto\u0146iem m\u0113ne\u0161iem. <\/p>\n<p>    CITI \u0160OBR\u012aD LASA<\/p>\n<p>Mar\u0161alu dienests nor\u0101da, ka \u0161\u012b oper\u0101cija, kas tika \u012bstenota pag\u0101ju\u0161aj\u0101 m\u0113nes\u012b, bijusi bezprecedenta sare\u017e\u0123\u012bt\u012bbas. \u201cKatrs b\u0113rns ir peln\u012bjis b\u016bt dro\u0161\u012bb\u0101, un m\u0113s turpin\u0101sim izmantot visus mums pieejamos resursus, lai pazudu\u0161ie b\u0113rni atgrieztos m\u0101j\u0101s un vi\u0146u \u0123imenes sa\u0146emtu atbalstu,\u201d atbild\u012bgo dienestu sac\u012bto cit\u0113 medijs. <\/p>\n<p>Kop\u0161 2015. gada, kad mar\u0161ali sa\u0146\u0113ma papla\u0161in\u0101tas juridisk\u0101s pilnvaras mekl\u0113t jaunie\u0161us, kuri var\u0113tu atrasties briesm\u0101s, ASV ir atrasti gandr\u012bz 4 000 pazudu\u0161u b\u0113rnu.  Tom\u0113r 34% b\u0113rnu, par kuriem zi\u0146ots, ka vi\u0146i k\u013cuvu\u0161i par cilv\u0113ku tirdzniec\u012bbas upuriem, joproj\u0101m nav atrasti.<\/p>\n<p>T\u0113mas<\/p>\n<p>    SAIST\u012aTIE RAKSTI<\/p>\n","protected":false},"excerpt":{"rendered":"Ilustrat\u012bvs att\u0113ls Foto. pexels-ketchumcommunity 12:30, 21. decembris 2025 Vair\u0101k nek\u0101 40 b\u0113rnu p\u0113c veiksm\u012bgas un sare\u017e\u0123\u012btas policijas oper\u0101cijas&hellip;\n","protected":false},"author":2,"featured_media":82357,"comment_status":"","ping_status":"","sticky":false,"template":"","format":"standard","meta":{"footnotes":""},"categories":[14],"tags":[23,57,28,29,32,33,22,30,31,35,39,38,36,37,34,40,20,26,27,24,25,54,55,56,21,58],"class_list":{"0":"post-82356","1":"post","2":"type-post","3":"status-publish","4":"format-standard","5":"has-post-thumbnail","7":"category-zinas-no-arvalstim","8":"tag-aktualitates","9":"tag-arvalstim","10":"tag-breaking-news","11":"tag-breakingnews","12":"tag-featured-news","13":"tag-featurednews","14":"tag-headlines","15":"tag-latest-news","16":"tag-latestnews","17":"tag-latvia","18":"tag-latvian","19":"tag-latviesu","20":"tag-latviesu-valoda","21":"tag-latviesuvaloda","22":"tag-latvija","23":"tag-lv","24":"tag-news","25":"tag-popularakas-zinas","26":"tag-popularakaszinas","27":"tag-top-stories","28":"tag-topstories","29":"tag-world","30":"tag-world-news","31":"tag-worldnews","32":"tag-zinas","33":"tag-zinas-no-arvalstim"},"share_on_mastodon":{"url":"https:\/\/pubeurope.com\/@lv\/115760002916806300","error":""},"_links":{"self":[{"href":"https:\/\/www.europesays.com\/lv\/wp-json\/wp\/v2\/posts\/82356","targetHints":{"allow":["GET"]}}],"collection":[{"href":"https:\/\/www.europesays.com\/lv\/wp-json\/wp\/v2\/posts"}],"about":[{"href":"https:\/\/www.europesays.com\/lv\/wp-json\/wp\/v2\/types\/post"}],"author":[{"embeddable":true,"href":"https:\/\/www.europesays.com\/lv\/wp-json\/wp\/v2\/users\/2"}],"replies":[{"embeddable":true,"href":"https:\/\/www.europesays.com\/lv\/wp-json\/wp\/v2\/comments?post=82356"}],"version-history":[{"count":0,"href":"https:\/\/www.europesays.com\/lv\/wp-json\/wp\/v2\/posts\/82356\/revisions"}],"wp:featuredmedia":[{"embeddable":true,"href":"https:\/\/www.europesays.com\/lv\/wp-json\/wp\/v2\/media\/82357"}],"wp:attachment":[{"href":"https:\/\/www.europesays.com\/lv\/wp-json\/wp\/v2\/media?parent=82356"}],"wp:term":[{"taxonomy":"category","embeddable":true,"href":"https:\/\/www.europesays.com\/lv\/wp-json\/wp\/v2\/categories?post=82356"},{"taxonomy":"post_tag","embeddable":true,"href":"https:\/\/www.europesays.com\/lv\/wp-json\/wp\/v2\/tags?post=82356"}],"curies":[{"name":"wp","href":"https:\/\/api.w.org\/{rel}","templated":true}]}}