{"id":82358,"date":"2025-12-21T22:50:28","date_gmt":"2025-12-21T22:50:28","guid":{"rendered":"https:\/\/www.europesays.com\/lv\/82358\/"},"modified":"2025-12-21T22:50:28","modified_gmt":"2025-12-21T22:50:28","slug":"aizsardzibas-ministrija-dzelzcela-sliezu-demontaza-pie-krievijas-robezas-nav-universals-risinajums-draudi-patlaban-nav-kritiski-lente-lv","status":"publish","type":"post","link":"https:\/\/www.europesays.com\/lv\/82358\/","title":{"rendered":"Aizsardz\u012bbas ministrija: Dzelzce\u013ca slie\u017eu demont\u0101\u017ea pie Krievijas robe\u017eas nav univers\u0101ls risin\u0101jums, draudi patlaban nav kritiski &#8211; Lente.lv"},"content":{"rendered":"<ol>\n<li><a href=\"https:\/\/news.google.com\/rss\/articles\/CBMi_wFBVV95cUxNakl6WnJqaW15WldrMjMyRS1rQ3hSb3djVER1ZTFmYkQ3YjFpcy0zV2JidnFrTmd5Q0pHWHZIMTdCUkI0TW1mVi1yV1lrUXY3cEJMY3ZkQ0ZNNmhOOU1zOU5MNUh2SlhrdFBVUEk2cjIzY2thOURsVTcwZ3RFLUJOOFRNVG4zQ0N2ZkJtMDROWWRFZU11SkhBZ29zR21qTzJSNzNhMWtESU1XWEZ4d3gyTWFyN1ZxYTdBNVRpX2dHa3JMTHlhTlFpNWFHZkp6V051YVZkUldIbi1TVk9LVndma2ZfQUhBWU8weHRzQzVXbVRsWWs1SnNibmlGWTBrUm8?oc=5\" target=\"_blank\" rel=\"nofollow noopener\">Aizsardz\u012bbas ministrija: Dzelzce\u013ca slie\u017eu demont\u0101\u017ea pie Krievijas robe\u017eas nav univers\u0101ls risin\u0101jums, draudi patlaban nav kritiski<\/a>&nbsp;&nbsp;Lente.lv<\/li>\n<li><a href=\"https:\/\/news.google.com\/rss\/articles\/CBMiqwFBVV95cUxQd3Q2N0tURUhBMXZZNGxpN1RMTzU1aGx0MVVhdlU5TllZcUdRNGtCa2szUUlpczhtSUtJRFhqNzN4Q0xvT3Axa3o1T1hHMEt5c29JTWdMN2ZJVDVSVC1KbXJpTEJtSndrZEdCVENtOEVSb2dhUzc3d1FOY1ZqZ05CUEYtMWRWbm1VbWZlVDlCN05ST29aemdRbXAxeVZldTBNbmZheXNMcGtUNXc?oc=5\" target=\"_blank\" rel=\"nofollow noopener\">\u201cJo nabadz\u012bg\u0101ka valsts, jo t\u0101 ir nedro\u0161\u0101ka!\u201d Rajevskis br\u012bdina, ka slie\u017eu nojauk\u0161ana neko negl\u0101bs<\/a>&nbsp;&nbsp;LA.LV<\/li>\n<li><a href=\"https:\/\/news.google.com\/rss\/articles\/CBMi6wFBVV95cUxPMmxYYllqSWpKV09EZF80UGZsOE5iVVFJQk1pdk9nVUgxOTlQMUtZLTZjb0VnSGdxWENTYy1KS2pkRGFmandlY1RTdWxfRWpVVEhYVkJuSVpzMV9LQkJxSWZFUENUelhCMjN4U00xZ2lYam42RTFxX3Y5TE53MTlIVDNJS3RKRU9EVExHVjk4TTlSNWVxMThwYk1Na0Myd0tScGphWWVfeXdoREU0bkdDZmx0U29tcm9RanQ0OGdSYkx4ejRRX2twNDJPdVMxRURRWDdjRjM4MUhROUFLRmVlRXd3Umt1UDJwTk40?oc=5\" target=\"_blank\" rel=\"nofollow noopener\">Diskusijas par slie\u017eu nojauk\u0161anu uz Krieviju izraisa vi\u013c\u0146o\u0161anos austrumu pierobe\u017e\u0101, nov\u0113rojis prezidents<\/a>&nbsp;&nbsp;Delfi<\/li>\n<li><a href=\"https:\/\/news.google.com\/rss\/articles\/CBMi0gFBVV95cUxPTUNaaVU1aFdfamlvNUlxUmJCV0pwMjBDSjl1Qm9DMFpxOG5FcUpFUFhCZ19aVFYyaml0MHBHNmducnM2R0U4YXMwQzR0NGFocFpUbGtzUnd4REZkSUFOdlVCUWc1QjM4NURhQ0R4MnZmaVpmWDc5dGhlZ3ZEdlBQZVYwSEp4MGFzeWt2TkpFMHZOcnVZbzAzNUVsUkExaW9nbjlHYWxxOFlidmRZNTkwMzRxclBGWUlETkVkLU9OcDgtcGF4LXVvcktpQXFLNDRxSHc?oc=5\" target=\"_blank\" rel=\"nofollow noopener\">NBS: Apdraud\u0113juma gad\u012bjum\u0101 vislab\u0101k b\u016btu, ja slie\u017eu Krievijas pierobe\u017e\u0101 neb\u016btu \/ Raksts<\/a>&nbsp;&nbsp;LSM<\/li>\n<li><a href=\"https:\/\/news.google.com\/rss\/articles\/CBMi9AFBVV95cUxOYlpFdjFlSHpPeEdmaGVsQ2lnUzJqenEteUF3VUlBdnI0SGluVVpFaG4tNmtBOEQ5bTkxYlc2c1NLejRnZEVpaTd3TjhtLWJEMG9sNXNhdC1mRzF2VVlMZEo4YlVocElzZzVaWWQ3YklkbENqM1c5YjM3aTJJMFVNY2tfa0RLZWtYQWxfY2NWeGtPb1FIdlFaWGp5N3lyNEhYbFpueXBxXzhvY29IaENzWk5SYnBFZlR6TzhCci1EdWtyNWdiSEVvR3pOX0FOWVVqN0s1ZmRqQjRWb2hQY0pIMlN3ZHc5bll4SUc3dFBoZWVDdVhm?oc=5\" target=\"_blank\" rel=\"nofollow noopener\">&#8220;Vi\u0146i pie psihiatra iet?&#8221; Luka\u0161enko rea\u0123\u0113jis uz iesp\u0113jamo Latvijas dzelzce\u013cu demont\u0101\u017eu pie robe\u017eas ar Krieviju un Baltkrieviju<\/a>&nbsp;&nbsp;Jauns.lv<\/li>\n<\/ol>\n","protected":false},"excerpt":{"rendered":"Aizsardz\u012bbas ministrija: Dzelzce\u013ca slie\u017eu demont\u0101\u017ea pie Krievijas robe\u017eas nav univers\u0101ls risin\u0101jums, draudi patlaban nav kritiski&nbsp;&nbsp;Lente.lv \u201cJo nabadz\u012bg\u0101ka valsts,&hellip;\n","protected":false},"author":2,"featured_media":80292,"comment_status":"","ping_status":"","sticky":false,"template":"","format":"standard","meta":{"footnotes":""},"categories":[12],"tags":[23,28,29,32,33,22,30,31,35,39,38,36,37,34,40,20,26,27,24,25,21],"class_list":{"0":"post-82358","1":"post","2":"type-post","3":"status-publish","4":"format-standard","5":"has-post-thumbnail","7":"category-latvija","8":"tag-aktualitates","9":"tag-breaking-news","10":"tag-breakingnews","11":"tag-featured-news","12":"tag-featurednews","13":"tag-headlines","14":"tag-latest-news","15":"tag-latestnews","16":"tag-latvia","17":"tag-latvian","18":"tag-latviesu","19":"tag-latviesu-valoda","20":"tag-latviesuvaloda","21":"tag-latvija","22":"tag-lv","23":"tag-news","24":"tag-popularakas-zinas","25":"tag-popularakaszinas","26":"tag-top-stories","27":"tag-topstories","28":"tag-zinas"},"share_on_mastodon":{"url":"https:\/\/pubeurope.com\/@lv\/115760006622019658","error":""},"_links":{"self":[{"href":"https:\/\/www.europesays.com\/lv\/wp-json\/wp\/v2\/posts\/82358","targetHints":{"allow":["GET"]}}],"collection":[{"href":"https:\/\/www.europesays.com\/lv\/wp-json\/wp\/v2\/posts"}],"about":[{"href":"https:\/\/www.europesays.com\/lv\/wp-json\/wp\/v2\/types\/post"}],"author":[{"embeddable":true,"href":"https:\/\/www.europesays.com\/lv\/wp-json\/wp\/v2\/users\/2"}],"replies":[{"embeddable":true,"href":"https:\/\/www.europesays.com\/lv\/wp-json\/wp\/v2\/comments?post=82358"}],"version-history":[{"count":0,"href":"https:\/\/www.europesays.com\/lv\/wp-json\/wp\/v2\/posts\/82358\/revisions"}],"wp:featuredmedia":[{"embeddable":true,"href":"https:\/\/www.europesays.com\/lv\/wp-json\/wp\/v2\/media\/80292"}],"wp:attachment":[{"href":"https:\/\/www.europesays.com\/lv\/wp-json\/wp\/v2\/media?parent=82358"}],"wp:term":[{"taxonomy":"category","embeddable":true,"href":"https:\/\/www.europesays.com\/lv\/wp-json\/wp\/v2\/categories?post=82358"},{"taxonomy":"post_tag","embeddable":true,"href":"https:\/\/www.europesays.com\/lv\/wp-json\/wp\/v2\/tags?post=82358"}],"curies":[{"name":"wp","href":"https:\/\/api.w.org\/{rel}","templated":true}]}}