{"id":82359,"date":"2025-12-21T22:52:10","date_gmt":"2025-12-21T22:52:10","guid":{"rendered":"https:\/\/www.europesays.com\/lv\/82359\/"},"modified":"2025-12-21T22:52:10","modified_gmt":"2025-12-21T22:52:10","slug":"sis-nav-nekads-detektivs-makslas-legendas-sketina-slepkavibas-noslepumu","status":"publish","type":"post","link":"https:\/\/www.europesays.com\/lv\/82359\/","title":{"rendered":"\u0160is nav nek\u0101ds detekt\u012bvs! M\u0101kslas le\u0123endas \u0161\u0137etina slepkav\u012bbas nosl\u0113pumu"},"content":{"rendered":"<p>Kara fotogr\u0101fe un sirre\u0101listi<\/p>\n<p>Foto\u017eurn\u0101liste L\u012b Millere bija viena no sava laika celmlauz\u0113m. Karjeru vi\u0146a s\u0101ka k\u0101 modele, bet tad non\u0101ca kameras otr\u0101 pus\u0113, k\u013c\u016bstot par fotogr\u0101fi. Millere paz\u012bstama ar savu foto\u017eurn\u0101listes darbu, dokument\u0113jot Otr\u0101 pasaules kara notikumus, ta\u010du pirms tam vi\u0146a uztur\u0113j\u0101s m\u0101kslinieku un sirre\u0101listu vid\u0113, sl\u012bp\u0113jot savas tehnisk\u0101s prasmes un m\u0101ksliniecisko redz\u0113jumu. B\u016bdama attiec\u012bb\u0101s ar savu darbaudzin\u0101t\u0101ju Menu Reju, Millere draudz\u0113j\u0101s ar t\u0101diem sirre\u0101listiem k\u0101 Salvadors Dal\u012b, Makss Ernsts un Pablo Pikaso.<\/p>\n<p>P\u0101ris gadus p\u0113c tam, kad Millere izbeidza attiec\u012bbas ar Reju, vi\u0146as ce\u013ci aizveda laul\u012bb\u0101 ar \u0113\u0123iptie\u0161u uz\u0146\u0113m\u0113ju Azizu Elo\u012b Beju. Dz\u012bvojot \u0112\u0123ipt\u0113, vi\u0146a uz\u0146\u0113ma tuksne\u0161a fotogr\u0101fijas, kas v\u0113l\u0101k iedvesmoja Ren\u0113 Magrita gleznu \u201cLe Baiser\u201d. Milleres otr\u0101 laul\u012bba bija ar m\u0101kslinieku Rolandu Penrouzu, turkl\u0101t abu sirre\u0101listu redz\u0113jums bija b\u016btisks, liekot pamatus un populariz\u0113jot kamufl\u0101\u017eas tehnikas, k\u0101das t\u0101s zin\u0101m \u0161odien.<\/p>\n<p>Seri\u0101l\u0101 Dal\u012b un Magrits atveidoti k\u0101 s\u012bvi s\u0101ncen\u0161i. Realit\u0101t\u0113 starp abiem past\u0101vo\u0161\u0101 s\u0101ncens\u012bba vair\u0101k bija at\u0161\u0137ir\u012bgi m\u0101kslinieciskie rokraksti. Ja neskaita mis\u0113kli ar laul\u012bbas af\u0113ru, Magrits dz\u012bvoja mier\u012bgu dz\u012bvi un m\u0101ksl\u0101 aizr\u0101v\u0101s ar sirre\u0101lo ikdieni\u0161\u0137aj\u0101, kam\u0113r Dal\u012b bija ekscentriska persona, kura m\u0101kslu raksturoja re\u0101listisks pieg\u0101jiens sirre\u0101lo ainu atveidojumam un gremd\u0113\u0161an\u0101s zemapzi\u0146as dz\u012bl\u0113s.<\/p>\n<p>Ja Dal\u012b un Magrita profesion\u0101lo un priv\u0101to attiec\u012bbu at\u0161\u0137etin\u0101\u0161ana ir m\u0101kslas v\u0113sturnieku mist\u0113rija, intelektu\u0101li pies\u0101tin\u0101tas izklaides k\u0101rot\u0101ji var baud\u012bt abu m\u0101kslinieku sacens\u012bbu un noziegumu \u0161\u0137etin\u0101\u0161anu seri\u0101l\u0101 \u201c\u0160is nav k\u0101rt\u0113jais detekt\u012bvs\u201d.<\/p>\n<p>Raksts tapis sadarb\u012bb\u0101 ar &#8220;LMT Viedtelev\u012bziju&#8221;<\/p>\n","protected":false},"excerpt":{"rendered":"Kara fotogr\u0101fe un sirre\u0101listi Foto\u017eurn\u0101liste L\u012b Millere bija viena no sava laika celmlauz\u0113m. Karjeru vi\u0146a s\u0101ka k\u0101 modele,&hellip;\n","protected":false},"author":2,"featured_media":82360,"comment_status":"","ping_status":"","sticky":false,"template":"","format":"standard","meta":{"footnotes":""},"categories":[19],"tags":[89,90,35,39,38,36,37,34,40,7444,5898],"class_list":{"0":"post-82359","1":"post","2":"type-post","3":"status-publish","4":"format-standard","5":"has-post-thumbnail","7":"category-izklaide","8":"tag-entertainment","9":"tag-izklaide","10":"tag-latvia","11":"tag-latvian","12":"tag-latviesu","13":"tag-latviesu-valoda","14":"tag-latviesuvaloda","15":"tag-latvija","16":"tag-lv","17":"tag-mrs-tv-izklaide","18":"tag-tv-izklaide"},"share_on_mastodon":{"url":"https:\/\/pubeurope.com\/@lv\/115760014539990832","error":""},"_links":{"self":[{"href":"https:\/\/www.europesays.com\/lv\/wp-json\/wp\/v2\/posts\/82359","targetHints":{"allow":["GET"]}}],"collection":[{"href":"https:\/\/www.europesays.com\/lv\/wp-json\/wp\/v2\/posts"}],"about":[{"href":"https:\/\/www.europesays.com\/lv\/wp-json\/wp\/v2\/types\/post"}],"author":[{"embeddable":true,"href":"https:\/\/www.europesays.com\/lv\/wp-json\/wp\/v2\/users\/2"}],"replies":[{"embeddable":true,"href":"https:\/\/www.europesays.com\/lv\/wp-json\/wp\/v2\/comments?post=82359"}],"version-history":[{"count":0,"href":"https:\/\/www.europesays.com\/lv\/wp-json\/wp\/v2\/posts\/82359\/revisions"}],"wp:featuredmedia":[{"embeddable":true,"href":"https:\/\/www.europesays.com\/lv\/wp-json\/wp\/v2\/media\/82360"}],"wp:attachment":[{"href":"https:\/\/www.europesays.com\/lv\/wp-json\/wp\/v2\/media?parent=82359"}],"wp:term":[{"taxonomy":"category","embeddable":true,"href":"https:\/\/www.europesays.com\/lv\/wp-json\/wp\/v2\/categories?post=82359"},{"taxonomy":"post_tag","embeddable":true,"href":"https:\/\/www.europesays.com\/lv\/wp-json\/wp\/v2\/tags?post=82359"}],"curies":[{"name":"wp","href":"https:\/\/api.w.org\/{rel}","templated":true}]}}