{"id":82361,"date":"2025-12-21T22:56:31","date_gmt":"2025-12-21T22:56:31","guid":{"rendered":"https:\/\/www.europesays.com\/lv\/82361\/"},"modified":"2025-12-21T22:56:31","modified_gmt":"2025-12-21T22:56:31","slug":"saeima-verte-iespeju-civillikuma-nostiprinat-dzivnieku-ka-dzivu-butni-2","status":"publish","type":"post","link":"https:\/\/www.europesays.com\/lv\/82361\/","title":{"rendered":"Saeim\u0101 v\u0113rt\u0113 iesp\u0113ju Civillikum\u0101 nostiprin\u0101t dz\u012bvnieku k\u0101 dz\u012bvu b\u016btni"},"content":{"rendered":"<p class=\"lead\">\n                                Saeimas Juridisk\u0101 komisija tre\u0161dien vienoj\u0101s turpin\u0101t darbu pie iedz\u012bvot\u0101ju iniciat\u012bvas par dz\u012bvnieku ties\u012bbu aizsardz\u012bbu, kas paredz groz\u012bt Civillikumu, taj\u0101 nosakot, ka &#8220;dz\u012bvnieki nav manta, bet gan dz\u012bvas b\u016btnes&#8221;.\n                            <\/p>\n<p>Deput\u0101ti, uzklausot iniciat\u012bvas p\u0101rst\u0101vi Martu Mackevi\u010du, komisijas s\u0113d\u0113 bija vienispr\u0101tis, ka darbs pie \u0161\u012b jaut\u0101juma ir j\u0101turpina.<\/p>\n<p>Tieslietu ministrijas (TM) parlament\u0101r\u0101 sekret\u0101re Lauma Paeg\u013ckalna min\u0113ja, ka Civillikums tapis pirms teju 90 gadiem un izpratne par to, kas ir dz\u012bvnieks, m\u016bsdien\u0101s ir b\u016btiski main\u012bjusies. Vi\u0146a nor\u0101d\u012bja, ka daudzas civiltiesisk\u0101s attiec\u012bbas bie\u017ei vien ir saist\u012btas ar dz\u012bvnieku ikdienu \u2013 piem\u0113ram, jaut\u0101jums par to, kas notiek ar dz\u012bvnieku taj\u0101 br\u012bd\u012b, kad kaut kas notiek ar cilv\u0113ku. Paeg\u013ckalnas ieskat\u0101, Civillikums \u0161o jaut\u0101jumu nerisina pien\u0101c\u012bgi. P\u0113c Paeg\u013ckalnas dom\u0101m, esot v\u0113rts ielikt likum\u0101 \u0161\u0101du, iesp\u0113jams, deklarat\u012bvu v\u0113rt\u012bbu normu, lai sabiedr\u012bb\u0101 v\u0113l vair\u0101k main\u012btu izpratni. T\u0101pat Paeg\u013ckalna nor\u0101d\u012bja, ka j\u0101iez\u012bm\u0113 grupa, uz kuru attiektos \u0161is regul\u0113jums.<\/p>\n<p>Deput\u0101te Linda Liepi\u0146a atsauc\u0101s uz Latvijas Veterin\u0101r\u0101rstu biedr\u012bbas v\u0113stuli, nor\u0101dot, ka Latvij\u0101 jau esot pietiekami daudz normu, kas regul\u0113 dz\u012bvnieku uztur\u0113\u0161anas jaut\u0101jumus. Vi\u0146as ieskat\u0101, j\u0101saprot pati probl\u0113ma \u2013 vai nav pietiekamas izpratnes par \u0161o regul\u0113jumu vai normas netiek piem\u0113rotas.<\/p>\n<p>Latvijas Veterin\u0101r\u0101rstu biedr\u012bbas p\u0101rst\u0101ve s\u0113d\u0113 nor\u0101d\u012bja, ka biedr\u012bbas ieskat\u0101 nav nepiecie\u0161ami groz\u012bjumi Civillikum\u0101, jo esot piln\u012bgi cits darbu saraksts, kas j\u0101paveic. Piem\u0113ram, dz\u012bvnieku aizsardz\u012bbas organiz\u0101cij\u0101m j\u0101izgl\u012bto sabiedr\u012bba par likumiem, sludin\u0101jumu platform\u0101m j\u0101uzliek pien\u0101kums dz\u0113st dz\u012bvnieku pavairot\u0101ju sludin\u0101jumus, kas neatbilst ties\u012bbu norm\u0101m, t\u0101pat esot j\u0101organiz\u0113 tiesne\u0161u un prokuroru apm\u0101c\u012bbas par dz\u012bvnieku ties\u012bb\u0101m, dz\u012bvnieku aizsardz\u012bbas, labtur\u012bbas jaut\u0101jumiem. L\u012bdztekus ir b\u016btiski j\u0101uzlabo pa\u0161vald\u012bbas policijas darba efektivit\u0101te, k\u0101 ar\u012b pa\u0161vald\u012bb\u0101s j\u0101str\u0101d\u0101 ar dz\u012bvnieku re\u0123istr\u0101cijas un labtur\u012bbas kontroli, j\u0101dom\u0101, k\u0101 efekt\u012bvi iekas\u0113t pa\u0161vald\u012bbas nodevas par dz\u012bvnieku tur\u0113\u0161anu.<\/p>\n<p>Komisijas priek\u0161s\u0113d\u0113t\u0101js Andrejs Judins atz\u012bm\u0113ja, ka katrs no \u0161iem punktiem ir v\u0113r\u0101 \u0146emams un ar tiem vajadz\u0113tu str\u0101d\u0101t. Reiz\u0113 vi\u0146\u0161 aicin\u0101ja koncentr\u0113ties uz konkr\u0113to jaut\u0101jumu \u2013 j\u0101run\u0101 par v\u0113rt\u012bbu normas ierakst\u012b\u0161anu likum\u0101, kas aicin\u0101s cilv\u0113kus main\u012bt attieksmi. Vi\u0146a ieskat\u0101, \u0161o darbu var\u0113tu paveikt \u0161\u012b Saeima.<\/p>\n<p>Komisija l\u016bdza Tieslietu ministrijai l\u012bdz 1. martam izv\u0113rt\u0113t un sniegt komisijai viedokli par iesp\u0113jamajiem groz\u012bjumiem, k\u0101 ar\u012b apkopot s\u0113d\u0113 dzird\u0113to, lai veicin\u0101tu \u0161o jaut\u0101jumu skat\u012b\u0161anu.<\/p>\n<p>Parlament\u0101rie\u0161i par \u0161o jaut\u0101jumu sprie\u017e, jo Saeimas Juridiskajai komisijai nodota iniciat\u012bva &#8220;Likum\u0101 noteikt, ka dz\u012bvnieks nav manta, bet dz\u012bva b\u016btne&#8221;, kurai platform\u0101 &#8220;Manabalss.lv&#8221; sav\u0101kti ap 35 000 iedz\u012bvot\u0101ju parakstu.<\/p>\n<p class=\"paragraph-muted\">Izv\u0113lies savu soct\u012bklu platformu, lai sekotu LASI.LV: <a href=\"https:\/\/www.facebook.com\/portals.lasi.lv\" target=\"_blank\" rel=\"noopener noreferrer nofollow\">Facebook<\/a>, <a href=\"https:\/\/twitter.com\/lasilvportals\" target=\"_blank\" rel=\"noopener noreferrer nofollow\">X<\/a>, <a href=\"https:\/\/bsky.app\/profile\/lasilv.bsky.social\" target=\"_blank\" rel=\"noopener noreferrer nofollow\">Bluesky<\/a>, <a href=\"https:\/\/www.draugiem.lv\/lasilv\/?pg=4\" target=\"_blank\" rel=\"noopener noreferrer nofollow\">Draugiem<\/a> vai ar\u012b <a href=\"https:\/\/www.instagram.com\/lasilv_zinas\/\" target=\"_blank\" rel=\"noopener noreferrer nofollow\">Instagram<\/a>. Pievienojies m\u016bsu las\u012bt\u0101ju pulkam, lai sa\u0146emtu \u012bpa\u0161i tev atlas\u012btu noder\u012bgu, praktisku un aktu\u0101lu saturu.\u00a0<\/p>\n<p><a href=\"https:\/\/lasi.lv\/abonesana\" rel=\"nofollow noopener\" target=\"_blank\">Abon\u0113<\/a>\u00a0LASI.LV gadam\u00a0vai k\u0101du no\u00a0&#8220;Latvijas Mediju&#8221; periodiskajiem izdevumiem 2026. gadam, un laim\u0113 1500 eiro vai Philips kafijas autom\u0101tu. Loterijas at\u013caujas nr. 8744.<\/p>\n<p><img decoding=\"async\" src=\"https:\/\/www.europesays.com\/lv\/wp-content\/uploads\/2025\/12\/1765963873_985_2025100311425268df8c8c1572e.jpg\" alt=\"\" loading=\"lazy\"\/><\/p>\n<p style=\"margin-left:auto;\">Pieraksties LASI.LV redaktora v\u0113stkopai <a href=\"https:\/\/lasi.lv\/vestkopa\/lasi-lv-galvena-redaktora-vestkopa\" rel=\"nofollow noopener\" target=\"_blank\">\u0161eit<\/a>.<\/p>\n<p>Pieraksties v\u0113stkopai un divas reizes ned\u0113\u013c\u0101 sa\u0146em padzi\u013cin\u0101tu LASI.LV galven\u0101 redaktora aktu\u0101lo zi\u0146u, kompetentu viedok\u013cu un interesant\u0101ko interviju apkopojumu.<\/p>\n<p>Ko tu sa\u0146emsi:<\/p>\n<ul>\n<li>Daudzveid\u012bgus koment\u0101rus un kompetentus Latvijas Mediju \u017eurn\u0101listu un autoru viedok\u013cus par aktu\u0101lo<\/li>\n<li>Ekspertu koment\u0101rus par da\u017e\u0101diem praktiskiem, noder\u012bgiem tematiem<\/li>\n<li>Aizraujo\u0161us materi\u0101lus par v\u0113sturi, psiholo\u0123iju, kult\u016bru<\/li>\n<li>Gata \u0160\u013c\u016bkas karikat\u016bru<\/li>\n<li>Tav\u0101 e-pasta kast\u012bt\u0113 katru ceturtdienu<\/li>\n<\/ul>\n<p style=\"margin-left:auto;\">\u00a0<\/p>\n<p><script async src=\"https:\/\/platform.twitter.com\/widgets.js\" charset=\"utf-8\"><\/script><script async src=\"\/\/www.instagram.com\/embed.js\"><\/script><\/p>\n","protected":false},"excerpt":{"rendered":"Saeimas Juridisk\u0101 komisija tre\u0161dien vienoj\u0101s turpin\u0101t darbu pie iedz\u012bvot\u0101ju iniciat\u012bvas par dz\u012bvnieku ties\u012bbu aizsardz\u012bbu, kas paredz groz\u012bt Civillikumu,&hellip;\n","protected":false},"author":2,"featured_media":81168,"comment_status":"","ping_status":"","sticky":false,"template":"","format":"standard","meta":{"footnotes":""},"categories":[12],"tags":[23,28,29,32,33,22,30,31,35,39,38,36,37,34,40,20,26,27,24,25,21],"class_list":{"0":"post-82361","1":"post","2":"type-post","3":"status-publish","4":"format-standard","5":"has-post-thumbnail","7":"category-latvija","8":"tag-aktualitates","9":"tag-breaking-news","10":"tag-breakingnews","11":"tag-featured-news","12":"tag-featurednews","13":"tag-headlines","14":"tag-latest-news","15":"tag-latestnews","16":"tag-latvia","17":"tag-latvian","18":"tag-latviesu","19":"tag-latviesu-valoda","20":"tag-latviesuvaloda","21":"tag-latvija","22":"tag-lv","23":"tag-news","24":"tag-popularakas-zinas","25":"tag-popularakaszinas","26":"tag-top-stories","27":"tag-topstories","28":"tag-zinas"},"share_on_mastodon":{"url":"https:\/\/pubeurope.com\/@lv\/115760030357128401","error":""},"_links":{"self":[{"href":"https:\/\/www.europesays.com\/lv\/wp-json\/wp\/v2\/posts\/82361","targetHints":{"allow":["GET"]}}],"collection":[{"href":"https:\/\/www.europesays.com\/lv\/wp-json\/wp\/v2\/posts"}],"about":[{"href":"https:\/\/www.europesays.com\/lv\/wp-json\/wp\/v2\/types\/post"}],"author":[{"embeddable":true,"href":"https:\/\/www.europesays.com\/lv\/wp-json\/wp\/v2\/users\/2"}],"replies":[{"embeddable":true,"href":"https:\/\/www.europesays.com\/lv\/wp-json\/wp\/v2\/comments?post=82361"}],"version-history":[{"count":0,"href":"https:\/\/www.europesays.com\/lv\/wp-json\/wp\/v2\/posts\/82361\/revisions"}],"wp:featuredmedia":[{"embeddable":true,"href":"https:\/\/www.europesays.com\/lv\/wp-json\/wp\/v2\/media\/81168"}],"wp:attachment":[{"href":"https:\/\/www.europesays.com\/lv\/wp-json\/wp\/v2\/media?parent=82361"}],"wp:term":[{"taxonomy":"category","embeddable":true,"href":"https:\/\/www.europesays.com\/lv\/wp-json\/wp\/v2\/categories?post=82361"},{"taxonomy":"post_tag","embeddable":true,"href":"https:\/\/www.europesays.com\/lv\/wp-json\/wp\/v2\/tags?post=82361"}],"curies":[{"name":"wp","href":"https:\/\/api.w.org\/{rel}","templated":true}]}}