{"id":82365,"date":"2025-12-21T23:49:20","date_gmt":"2025-12-21T23:49:20","guid":{"rendered":"https:\/\/www.europesays.com\/lv\/82365\/"},"modified":"2025-12-21T23:49:20","modified_gmt":"2025-12-21T23:49:20","slug":"iedvesma-svetku-laika-saldajiem-mirkliem","status":"publish","type":"post","link":"https:\/\/www.europesays.com\/lv\/82365\/","title":{"rendered":"Iedvesma sv\u0113tku laika saldajiem mirk\u013ciem"},"content":{"rendered":"<p><img decoding=\"async\" class=\"figure__image\" onclick=\"triggerEvent('articleImageClick', { id: 17344092, focus: 'single-image', focusIndex: '17344092' })\" onkeydown=\"if (event.key === 'Enter') {&#10;        triggerEvent('articleImageClick', { id: 17344092, focus: 'single-image', focusIndex: '17344092' })&#10;        }\" role=\"button\" tabindex=\"0\" data-focus-from=\"single-image\" data-focus-index=\"17344092\" src=\"https:\/\/www.europesays.com\/lv\/wp-content\/uploads\/2025\/12\/17344092t1h9fb4.png\"  onload=\"this.parentElement.classList.remove('figure__image-loading')\" alt=\"\"\/> Foto: Publicit\u0101tes foto<\/p>\n<p>\u00b7 Suk\u0101des un rieksti \u0161okol\u0101d\u0113. Pieejamas da\u017e\u0101das gar\u0161as: mandeles, pist\u0101cijas, Indijas rieksti, ingvera gabali\u0146i, \u017e\u0101v\u0113tu apels\u012bnu \u0161\u0137\u0113les, sk\u0101bie \u0137ir\u0161i un daudz kas cits \u2013 katrs atrad\u012bs savu favor\u012btu. Turkl\u0101t \u0161ie gardumi ir ide\u0101li gan k\u0101 uzkoda, gan k\u0101 d\u0101vana.<\/p>\n<p><img decoding=\"async\" class=\"figure__image\" onclick=\"triggerEvent('articleImageClick', { id: 17344093, focus: 'single-image', focusIndex: '17344093' })\" onkeydown=\"if (event.key === 'Enter') {&#10;        triggerEvent('articleImageClick', { id: 17344093, focus: 'single-image', focusIndex: '17344093' })&#10;        }\" role=\"button\" tabindex=\"0\" data-focus-from=\"single-image\" data-focus-index=\"17344093\" src=\"https:\/\/f11.pmo.ee\/O9AImwukEprCp2FZYDX6_5O4JJE=\/616x0\/filters:format(webp)\/nginx\/o\/2025\/12\/16\/17344093t1h7528.png\"  onload=\"this.parentElement.classList.remove('figure__image-loading')\" alt=\"\"\/> Foto: Publicit\u0101tes foto<\/p>\n<p>\u00b7 Makar\u016bni \u2013 \u0161ie trauslie mande\u013cu gardumi, kas radu\u0161ies It\u0101lij\u0101 13.-16.gs, bet 19.-20.gs. Francij\u0101 ieguvu\u0161i m\u016bsdienu paz\u012bstamo versiju ar div\u0101m mande\u013cu bez\u0113 \u010dauli\u0146\u0101m ar kr\u0113m\u012bgo pild\u012bjumu pa vidu ir iecien\u012bti ar\u012b latvie\u0161u sv\u0113tku reiz\u0113s. Vismaz viens \u0161\u0101ds iepakojums sald\u0113tav\u0101 un vari b\u016bt dro\u0161s, ka b\u016bsi gatav\u012bb\u0101 eleganti uz\u0146emt ciemi\u0146us, kas uzrodas negaidot.<\/p>\n<p><img decoding=\"async\" class=\"figure__image\" onclick=\"triggerEvent('articleImageClick', { id: 17344094, focus: 'single-image', focusIndex: '17344094' })\" onkeydown=\"if (event.key === 'Enter') {&#10;        triggerEvent('articleImageClick', { id: 17344094, focus: 'single-image', focusIndex: '17344094' })&#10;        }\" role=\"button\" tabindex=\"0\" data-focus-from=\"single-image\" data-focus-index=\"17344094\" src=\"https:\/\/www.europesays.com\/lv\/wp-content\/uploads\/2025\/12\/17344094t1h5c87.png\"  onload=\"this.parentElement.classList.remove('figure__image-loading')\" alt=\"\"\/> Foto: Publicit\u0101tes foto<\/p>\n<p>\u201cFavorina\u201d \u2013 prieks mazajiem svin\u0113t\u0101jiem<\/p>\n<p>Sv\u0113tki ir laiks, kad b\u0113rnu acis iemirdzas \u012bpa\u0161i spo\u017ei. \u201cFavorina\u201d l\u012bnija pied\u0101v\u0101 daudzveid\u012bgus \u0161okol\u0101des gardumus un saldumus, k\u0101 ar\u012b pipark\u016bkas, kas rad\u012btas, lai \u012bpa\u0161i iepriecin\u0101tu jaun\u0101ko paaudzi. Turkl\u0101t pla\u0161aj\u0101 kl\u0101st\u0101 atrad\u012bsi ar\u012b d\u0101vanu komplektus, kas iek\u013cauj koka rota\u013clietas, dziedo\u0161as, dejojo\u0161as un pat run\u0101jo\u0161as m\u012bkst\u0101s manti\u0146as un citus jautrus p\u0101rsteigumus.<\/p>\n<p><img decoding=\"async\" class=\"figure__image\" onclick=\"triggerEvent('articleImageClick', { id: 17344095, focus: 'single-image', focusIndex: '17344095' })\" onkeydown=\"if (event.key === 'Enter') {&#10;        triggerEvent('articleImageClick', { id: 17344095, focus: 'single-image', focusIndex: '17344095' })&#10;        }\" role=\"button\" tabindex=\"0\" data-focus-from=\"single-image\" data-focus-index=\"17344095\" src=\"https:\/\/www.europesays.com\/lv\/wp-content\/uploads\/2025\/12\/17344095t1ha812.png\"  onload=\"this.parentElement.classList.remove('figure__image-loading')\" alt=\"\"\/> Foto: Publicit\u0101tes foto<\/p>\n<p>V\u0113rts piemin\u0113t, ka uz \u201cFavorina\u201d un \u201cDeluxe\u201d produktu iepakojumiem atrad\u012bsi \u201cFairtrade\u201d un \u201cRainforest Alliance\u201d mar\u0137\u0113jumus, kas apliecina, ka izejvielas ieg\u016btas atbild\u012bgi, iev\u0113rojot ilgtsp\u0113j\u012bgas lauksaimniec\u012bbas principus, god\u012bgu samaksu ra\u017eot\u0101jiem un r\u016bpes par dabas resursu saglab\u0101\u0161anu.<\/p>\n<p>Dz\u0113rieni, kas papildina sv\u0113tku noska\u0146u<\/p>\n<p>Protams, nevar aizmirst ar\u012b par dz\u0113rieniem. Sv\u0113tku laik\u0101 lieliski ieder\u0113sies \u201cDeluxe\u201d bezalkoholiskais karstv\u012bns, savuk\u0101rt bezalkoholiskais dzirksto\u0161ais v\u012bns b\u016bs lab\u0101kais risin\u0101jums Jaungada sagaid\u012b\u0161anai. Noska\u0146u papildin\u0101s ar\u012b pla\u0161s kars\u0113jamu dz\u0113rienu kl\u0101sts, kas rad\u012bs pat\u012bkamu siltumu un m\u0101j\u012bgumu ziemas vakaros.<\/p>\n<p><img decoding=\"async\" class=\"figure__image\" onclick=\"triggerEvent('articleImageClick', { id: 17344353, focus: 'single-image', focusIndex: '17344353' })\" onkeydown=\"if (event.key === 'Enter') {&#10;        triggerEvent('articleImageClick', { id: 17344353, focus: 'single-image', focusIndex: '17344353' })&#10;        }\" role=\"button\" tabindex=\"0\" data-focus-from=\"single-image\" data-focus-index=\"17344353\" src=\"https:\/\/www.europesays.com\/lv\/wp-content\/uploads\/2025\/12\/17344353t1h128f.png\"  onload=\"this.parentElement.classList.remove('figure__image-loading')\" alt=\"\"\/> Foto: Publicit\u0101tes foto<\/p>\n<p>Palutini sevi, \u0123imeni un draugus, jo piedz\u012bvot br\u012bnumaino ik dienu ir v\u0113rt\u012bgi!<\/p>\n","protected":false},"excerpt":{"rendered":"Foto: Publicit\u0101tes foto \u00b7 Suk\u0101des un rieksti \u0161okol\u0101d\u0113. Pieejamas da\u017e\u0101das gar\u0161as: mandeles, pist\u0101cijas, Indijas rieksti, ingvera gabali\u0146i, \u017e\u0101v\u0113tu&hellip;\n","protected":false},"author":2,"featured_media":82366,"comment_status":"","ping_status":"","sticky":false,"template":"","format":"standard","meta":{"footnotes":""},"categories":[14],"tags":[23,57,28,29,32,33,22,30,31,35,39,38,36,37,34,40,20,26,27,24,25,54,55,56,21,58],"class_list":{"0":"post-82365","1":"post","2":"type-post","3":"status-publish","4":"format-standard","5":"has-post-thumbnail","7":"category-zinas-no-arvalstim","8":"tag-aktualitates","9":"tag-arvalstim","10":"tag-breaking-news","11":"tag-breakingnews","12":"tag-featured-news","13":"tag-featurednews","14":"tag-headlines","15":"tag-latest-news","16":"tag-latestnews","17":"tag-latvia","18":"tag-latvian","19":"tag-latviesu","20":"tag-latviesu-valoda","21":"tag-latviesuvaloda","22":"tag-latvija","23":"tag-lv","24":"tag-news","25":"tag-popularakas-zinas","26":"tag-popularakaszinas","27":"tag-top-stories","28":"tag-topstories","29":"tag-world","30":"tag-world-news","31":"tag-worldnews","32":"tag-zinas","33":"tag-zinas-no-arvalstim"},"share_on_mastodon":{"url":"https:\/\/pubeurope.com\/@lv\/115760238858855308","error":""},"_links":{"self":[{"href":"https:\/\/www.europesays.com\/lv\/wp-json\/wp\/v2\/posts\/82365","targetHints":{"allow":["GET"]}}],"collection":[{"href":"https:\/\/www.europesays.com\/lv\/wp-json\/wp\/v2\/posts"}],"about":[{"href":"https:\/\/www.europesays.com\/lv\/wp-json\/wp\/v2\/types\/post"}],"author":[{"embeddable":true,"href":"https:\/\/www.europesays.com\/lv\/wp-json\/wp\/v2\/users\/2"}],"replies":[{"embeddable":true,"href":"https:\/\/www.europesays.com\/lv\/wp-json\/wp\/v2\/comments?post=82365"}],"version-history":[{"count":0,"href":"https:\/\/www.europesays.com\/lv\/wp-json\/wp\/v2\/posts\/82365\/revisions"}],"wp:featuredmedia":[{"embeddable":true,"href":"https:\/\/www.europesays.com\/lv\/wp-json\/wp\/v2\/media\/82366"}],"wp:attachment":[{"href":"https:\/\/www.europesays.com\/lv\/wp-json\/wp\/v2\/media?parent=82365"}],"wp:term":[{"taxonomy":"category","embeddable":true,"href":"https:\/\/www.europesays.com\/lv\/wp-json\/wp\/v2\/categories?post=82365"},{"taxonomy":"post_tag","embeddable":true,"href":"https:\/\/www.europesays.com\/lv\/wp-json\/wp\/v2\/tags?post=82365"}],"curies":[{"name":"wp","href":"https:\/\/api.w.org\/{rel}","templated":true}]}}