{"id":82374,"date":"2025-12-22T00:01:23","date_gmt":"2025-12-22T00:01:23","guid":{"rendered":"https:\/\/www.europesays.com\/lv\/82374\/"},"modified":"2025-12-22T00:01:23","modified_gmt":"2025-12-22T00:01:23","slug":"pec-400-gadu-ilgas-tradicijas-danijas-pasts-pilniba-partrauks-vestulu-piegadi","status":"publish","type":"post","link":"https:\/\/www.europesays.com\/lv\/82374\/","title":{"rendered":"P\u0113c 400 gadu ilgas trad\u012bcijas D\u0101nijas pasts piln\u012bb\u0101 p\u0101rtrauks v\u0113stu\u013cu pieg\u0101di"},"content":{"rendered":"<p>\u201cPostNord\u201d skaidro, ka iemesls \u0161\u0101dam l\u0113mumam ir strauj\u0101 digitaliz\u0101cija un b\u016btisks v\u0113stu\u013cu skaita kritums. \u201cD\u0101nija ir viena no digitaliz\u0113t\u0101kaj\u0101m valst\u012bm pasaul\u0113, un piepras\u012bjums p\u0113c v\u0113stu\u013cu s\u016bt\u012b\u0161anas ir krasi samazin\u0101jies,\u201d nor\u0101d\u012bja uz\u0146\u0113mums, piebilstot, ka arvien vair\u0101k tas koncentr\u0113jas uz s\u016bt\u012bjumu un paku pieg\u0101di, jo pieaug tie\u0161saistes iepirk\u0161an\u0101s apjomi.<\/p>\n<p>Da\u013ca no ikoniskaj\u0101m sarkanaj\u0101m pasta kast\u012bt\u0113m jau demont\u0113tas un p\u0101rdotas iedz\u012bvot\u0101jiem. 1000 kast\u012b\u0161u tika izpirktas vien tr\u012bs stundu laik\u0101, maks\u0101jot 2000 D\u0101nijas kronu (nepilni 270 eiro) par lab\u0101 st\u0101vokl\u012b eso\u0161\u0101m un 1500 kronu (aptuveni 200 eiro) par nolietot\u0101k\u0101m. V\u0113l 200 kast\u012btes paredz\u0113ts izsol\u012bt janv\u0101r\u012b.<\/p>\n<p>\u201cPostNord\u201d ar\u012b pazi\u0146ojis, ka noteiktu laiku atmaks\u0101s pirc\u0113jiem neizmantoto D\u0101nijas pastmarku v\u0113rt\u012bbu.<\/p>\n<p>Tiesa, neraugoties uz \u201cPostNord\u201d l\u0113mumu, v\u0113stu\u013cu s\u016bt\u012b\u0161ana D\u0101nij\u0101 netiks piln\u012bb\u0101 p\u0101rtraukta. To turpin\u0101s nodro\u0161in\u0101t pieg\u0101des uz\u0146\u0113mums \u201cDao\u201d, kas no n\u0101kam\u0101 gada pl\u0101no palielin\u0101t nos\u016bt\u012bto v\u0113stu\u013cu apjomu no aptuveni 30 miljoniem l\u012bdz 80 miljoniem gad\u0101.<\/p>\n<p>Interesanti, ka, neskatoties uz kop\u0113jo v\u0113stu\u013cu s\u016bt\u012b\u0161anas kritumu \u2013 nos\u016bt\u012bto v\u0113stu\u013cu skaits D\u0101nij\u0101 p\u0113d\u0113jo 25 gadu laik\u0101 sarucis par vair\u0101k nek\u0101 90% \u2013, p\u0113t\u012bjumi liecina par jaunie\u0161u intereses pieaugumu.<\/p>\n<p>\u201cDao\u201d p\u0113t\u012bjums r\u0101da, ka 18\u201334 gadus veci cilv\u0113ki s\u016bta divas l\u012bdz tr\u012bs reizes vair\u0101k v\u0113stu\u013cu nek\u0101 citas vecuma grupas.<\/p>\n<p class=\"ad-desc ad-desc-main\">Saturs turpin\u0101s p\u0113c rekl\u0101mas<\/p>\n<p class=\"ad-desc ad-desc-sec\">Rekl\u0101ma<\/p>\n<p>\u201cPostNord Denmark\u201d vad\u012bt\u0101ja vietnieks Kims Pedersens jau iepriek\u0161 atzina, ka \u0161is l\u0113mums bijis emocion\u0101li smags: \u201cM\u0113s esam biju\u0161i D\u0101nijas pasts 400 gadus, un \u0161\u012bs v\u0113stures posma nosl\u0113g\u0161ana nav viegla. Ta\u010du v\u0113stu\u013cu tirgus vairs nav rentabls.\u201d<\/p>\n<p class=\"tv3-fw-500\">Zi\u0146o par k\u013c\u016bdu rakst\u0101<\/p>\n<p class=\"d-md-block d-none\">Iez\u012bm\u0113 k\u013c\u016bdaino tekstu un spied Ctrl+Enter.<\/p>\n<p class=\"d-md-none d-block\">Iez\u012bm\u0113 k\u013c\u016bdaino tekstu un zi\u0146o par to!<\/p>\n","protected":false},"excerpt":{"rendered":"\u201cPostNord\u201d skaidro, ka iemesls \u0161\u0101dam l\u0113mumam ir strauj\u0101 digitaliz\u0101cija un b\u016btisks v\u0113stu\u013cu skaita kritums. \u201cD\u0101nija ir viena no&hellip;\n","protected":false},"author":2,"featured_media":82375,"comment_status":"","ping_status":"","sticky":false,"template":"","format":"standard","meta":{"footnotes":""},"categories":[14],"tags":[23,57,28,29,20820,32,33,22,30,31,35,39,38,36,37,34,40,20,26,27,24,25,54,55,56,21,58],"class_list":{"0":"post-82374","1":"post","2":"type-post","3":"status-publish","4":"format-standard","5":"has-post-thumbnail","7":"category-zinas-no-arvalstim","8":"tag-aktualitates","9":"tag-arvalstim","10":"tag-breaking-news","11":"tag-breakingnews","12":"tag-danijavestules","13":"tag-featured-news","14":"tag-featurednews","15":"tag-headlines","16":"tag-latest-news","17":"tag-latestnews","18":"tag-latvia","19":"tag-latvian","20":"tag-latviesu","21":"tag-latviesu-valoda","22":"tag-latviesuvaloda","23":"tag-latvija","24":"tag-lv","25":"tag-news","26":"tag-popularakas-zinas","27":"tag-popularakaszinas","28":"tag-top-stories","29":"tag-topstories","30":"tag-world","31":"tag-world-news","32":"tag-worldnews","33":"tag-zinas","34":"tag-zinas-no-arvalstim"},"share_on_mastodon":{"url":"https:\/\/pubeurope.com\/@lv\/115760285844151785","error":""},"_links":{"self":[{"href":"https:\/\/www.europesays.com\/lv\/wp-json\/wp\/v2\/posts\/82374","targetHints":{"allow":["GET"]}}],"collection":[{"href":"https:\/\/www.europesays.com\/lv\/wp-json\/wp\/v2\/posts"}],"about":[{"href":"https:\/\/www.europesays.com\/lv\/wp-json\/wp\/v2\/types\/post"}],"author":[{"embeddable":true,"href":"https:\/\/www.europesays.com\/lv\/wp-json\/wp\/v2\/users\/2"}],"replies":[{"embeddable":true,"href":"https:\/\/www.europesays.com\/lv\/wp-json\/wp\/v2\/comments?post=82374"}],"version-history":[{"count":0,"href":"https:\/\/www.europesays.com\/lv\/wp-json\/wp\/v2\/posts\/82374\/revisions"}],"wp:featuredmedia":[{"embeddable":true,"href":"https:\/\/www.europesays.com\/lv\/wp-json\/wp\/v2\/media\/82375"}],"wp:attachment":[{"href":"https:\/\/www.europesays.com\/lv\/wp-json\/wp\/v2\/media?parent=82374"}],"wp:term":[{"taxonomy":"category","embeddable":true,"href":"https:\/\/www.europesays.com\/lv\/wp-json\/wp\/v2\/categories?post=82374"},{"taxonomy":"post_tag","embeddable":true,"href":"https:\/\/www.europesays.com\/lv\/wp-json\/wp\/v2\/tags?post=82374"}],"curies":[{"name":"wp","href":"https:\/\/api.w.org\/{rel}","templated":true}]}}