{"id":82378,"date":"2025-12-22T00:03:21","date_gmt":"2025-12-22T00:03:21","guid":{"rendered":"https:\/\/www.europesays.com\/lv\/82378\/"},"modified":"2025-12-22T00:03:21","modified_gmt":"2025-12-22T00:03:21","slug":"ziemassvetku-brivdienas-varetu-sakties-ar-kailsalu","status":"publish","type":"post","link":"https:\/\/www.europesays.com\/lv\/82378\/","title":{"rendered":"Ziemassv\u0113tku br\u012bvdienas var\u0113tu s\u0101kties ar kailsalu"},"content":{"rendered":"<p>                        <img fetchpriority=\"high\" decoding=\"async\" width=\"909\" height=\"612\" src=\"https:\/\/www.europesays.com\/lv\/wp-content\/uploads\/2025\/12\/kailsals_arhivs.jpg\" alt=\"\" class=\"wp-image-1087809\"  \/>Att\u0113ls no \u201cBauskas Dz\u012bves\u201d arh\u012bva.<\/p>\n<p>23. un 24. decembr\u012b Latvij\u0101 gaid\u0101ms temperat\u016bras kritums, br\u012bvdienu turpin\u0101jum\u0101 \u2013 main\u012bgi laikapst\u0101k\u013ci, liecina pa\u0161reiz\u0113j\u0101 \u201cGlobal Forecast System\u201d prognoze.<\/p>\n<p>Sv\u0113tdien viet\u0101m Vidzem\u0113 un Latgal\u0113 uzl\u012bs, gaisa temperat\u016bra sasniegs +2..+7 gr\u0101dus. Pirmdien k\u013c\u016bs p\u0101ris gr\u0101dus v\u0113s\u0101ks un da\u017eviet gaid\u0101mi \u012bslaic\u012bgi nokri\u0161\u0146i.<\/p>\n<p>Paredzams, ka otrdien Latvij\u0101 no zieme\u013caustrumiem iepl\u016bd\u012bs aukst\u0101ks un saus\u0101ks gaiss, \u2013 vakar\u0101 jau vis\u0101 valst\u012b iesp\u0113jams sals. Sniega b\u016bs maz, t\u0101d\u0113\u013c galvenok\u0101rt gaid\u0101ms kailsals.<\/p>\n<p>24. decembr\u012b iesp\u0113jams saulains laiks un gaisa temperat\u016bra da\u017eviet valsts austrumu da\u013c\u0101 var nosl\u012bd\u0113t zem -10 gr\u0101diem, tom\u0113r jau Pirmajos Ziemassv\u0113tkos piekrast\u0113 iesp\u0113jams atkusnis, t\u0101pat daudzviet Latvij\u0101 var uzsnigt sniegs.<\/p>\n<p>Nokri\u0161\u0146i un sv\u0101rst\u012bga gaisa temperat\u016bra prognoz\u0113ta ar\u012b turpm\u0101k, bet valsts austrumos gaid\u0101ms notur\u012bgs sals.<\/p>\n<p>Saska\u0146\u0101 ar Eiropas Vid\u0113ja termi\u0146a laika progno\u017eu centra datiem Ziemassv\u0113tku un Jaun\u0101 gada ned\u0113\u013ca Latvij\u0101 gaid\u0101ma aptuveni divus gr\u0101dus aukst\u0101ka par normu. Ziem\u012bgi laikapst\u0101k\u013ci prognoz\u0113ti janv\u0101ra liel\u0101ko da\u013cu.<\/p>\n","protected":false},"excerpt":{"rendered":"Att\u0113ls no \u201cBauskas Dz\u012bves\u201d arh\u012bva. 23. un 24. decembr\u012b Latvij\u0101 gaid\u0101ms temperat\u016bras kritums, br\u012bvdienu turpin\u0101jum\u0101 \u2013 main\u012bgi laikapst\u0101k\u013ci,&hellip;\n","protected":false},"author":2,"featured_media":82379,"comment_status":"","ping_status":"","sticky":false,"template":"","format":"standard","meta":{"footnotes":""},"categories":[5],"tags":[23,28,29,32,33,22,30,31,35,39,38,36,37,34,40,20,26,27,24,25,21],"class_list":{"0":"post-82378","1":"post","2":"type-post","3":"status-publish","4":"format-standard","5":"has-post-thumbnail","7":"category-aktualitates","8":"tag-aktualitates","9":"tag-breaking-news","10":"tag-breakingnews","11":"tag-featured-news","12":"tag-featurednews","13":"tag-headlines","14":"tag-latest-news","15":"tag-latestnews","16":"tag-latvia","17":"tag-latvian","18":"tag-latviesu","19":"tag-latviesu-valoda","20":"tag-latviesuvaloda","21":"tag-latvija","22":"tag-lv","23":"tag-news","24":"tag-popularakas-zinas","25":"tag-popularakaszinas","26":"tag-top-stories","27":"tag-topstories","28":"tag-zinas"},"share_on_mastodon":{"url":"https:\/\/pubeurope.com\/@lv\/115760293813577731","error":""},"_links":{"self":[{"href":"https:\/\/www.europesays.com\/lv\/wp-json\/wp\/v2\/posts\/82378","targetHints":{"allow":["GET"]}}],"collection":[{"href":"https:\/\/www.europesays.com\/lv\/wp-json\/wp\/v2\/posts"}],"about":[{"href":"https:\/\/www.europesays.com\/lv\/wp-json\/wp\/v2\/types\/post"}],"author":[{"embeddable":true,"href":"https:\/\/www.europesays.com\/lv\/wp-json\/wp\/v2\/users\/2"}],"replies":[{"embeddable":true,"href":"https:\/\/www.europesays.com\/lv\/wp-json\/wp\/v2\/comments?post=82378"}],"version-history":[{"count":0,"href":"https:\/\/www.europesays.com\/lv\/wp-json\/wp\/v2\/posts\/82378\/revisions"}],"wp:featuredmedia":[{"embeddable":true,"href":"https:\/\/www.europesays.com\/lv\/wp-json\/wp\/v2\/media\/82379"}],"wp:attachment":[{"href":"https:\/\/www.europesays.com\/lv\/wp-json\/wp\/v2\/media?parent=82378"}],"wp:term":[{"taxonomy":"category","embeddable":true,"href":"https:\/\/www.europesays.com\/lv\/wp-json\/wp\/v2\/categories?post=82378"},{"taxonomy":"post_tag","embeddable":true,"href":"https:\/\/www.europesays.com\/lv\/wp-json\/wp\/v2\/tags?post=82378"}],"curies":[{"name":"wp","href":"https:\/\/api.w.org\/{rel}","templated":true}]}}