{"id":82380,"date":"2025-12-22T00:07:18","date_gmt":"2025-12-22T00:07:18","guid":{"rendered":"https:\/\/www.europesays.com\/lv\/82380\/"},"modified":"2025-12-22T00:07:18","modified_gmt":"2025-12-22T00:07:18","slug":"bmw-no-tilta-ietriecas-nevezas-upe-boja-gajusi-tris-jauniesi-lente-lv","status":"publish","type":"post","link":"https:\/\/www.europesays.com\/lv\/82380\/","title":{"rendered":"BMW no tilta ietriecas Nev\u0113\u017eas up\u0113, boj\u0101 g\u0101ju\u0161i tr\u012bs jaunie\u0161i\u00a0\u2014\u00a0Lente.lv"},"content":{"rendered":"<p>R\u012bta agrum\u0101 notikusi tra\u0123\u0113dija Panev\u0113\u017e\u0101<\/p>\n<p>Sestdienas, 20. decembra, r\u012bt\u0101 Lietuvas pils\u0113t\u0101 Panev\u0113\u017e\u0101 notikusi smaga satiksmes negad\u012bjuma, kur\u0101 dz\u012bv\u012bbu zaud\u0113ju\u0161i tr\u012bs jauni v\u012brie\u0161i. No tilta Nev\u0117\u017eis up\u0113 ieg\u0101zusies automa\u0161\u012bna BMW 730D, zi\u0146o viet\u0113jie mediji. Incidenta vieta, kur notikusi tra\u0123\u0113dija, ir Vakarin\u0117s iela, kur automa\u0161\u012bna p\u0113c trieciena aizsargbarjer\u0101s iekritta \u016bden\u012b.<\/p>\n<p>Gl\u0101b\u0113ju darbs notikuma viet\u0101 bija apgr\u016btin\u0101ts, jo upe bija srauna un \u016bdens dzi\u013cums notikuma viet\u0101 apm\u0113ram tr\u012bs metri, turkl\u0101t automa\u0161\u012bna iespr\u016bdusi zem tilta eso\u0161\u0101s aizsprosta basein\u0101. P\u0113c negad\u012bjuma ap plkst. 7:00 no r\u012bta sa\u0146emts pirmais izsaukums par notiku\u0161o. Viet\u0101 pirmie ierad\u0101s aculiecinieki, kuri aprakst\u012bja, ka bija redzami cilv\u0113ki, kuri izl\u012bdu\u0161i pa automa\u0161\u012bnas logiem, kam\u0113r auto v\u0113l nedaudz pl\u016bda. Viens no aculieciniekiem pat cent\u0101s pal\u012bdz\u0113t, mekl\u0113jot virvi net\u0101lu eso\u0161aj\u0101 degvielas uzpildes stacij\u0101, kam\u0113r cits jau bija izsaucis neatliekamos dienestus.<\/p>\n<p>Gl\u0101b\u0113ju un policijas reakcija<\/p>\n<p>Notikuma viet\u0101 \u0101tri ierad\u0101s gan ugunsdz\u0113s\u0113ji-gl\u0101b\u0113ji, gan policijas darbinieki. Pirm\u0101s zi\u0146as liecin\u0101ja par to, ka automa\u0161\u012bn\u0101 var\u0113tu atrasties tr\u012bs cilv\u0113ki. Prie\u0161gaisrin\u0117s apsaugos ir gelb\u0117jimo departamentas (PAGD) apstiprin\u0101ja, ka ir lokaliz\u0113ta nuskrieju\u0161\u0101s BMW atra\u0161an\u0101s vieta. S\u0101kotn\u0113jie gl\u0101b\u0161anas darbi bija saist\u012bti ar sare\u017e\u0123\u012btu piek\u013cuvi un sp\u0113c\u012bgo straumi, kas b\u016btiski apgr\u016btin\u0101ja oper\u0101cijas gaitu. P\u0113c s\u0101kotn\u0113jiem zi\u0146ojumiem, par automa\u0161\u012bnas numura z\u012bmi tika identific\u0113ts transportl\u012bdzek\u013ca modelis \u2013 BMW 730D.<\/p>\n<p>P\u0113c tam, kad tika uzs\u0101kti darbi transportl\u012bdzek\u013ca izcel\u0161anai, tika atrasti tr\u012bs boj\u0101g\u0101ju\u0161o v\u012brie\u0161u l\u012b\u0137i. Policija, veicot s\u0101kotn\u0113jo izmekl\u0113\u0161anu un identific\u0113jot upurus, ir apstiprin\u0101jusi vi\u0146u person\u012bbas. Lai gan prec\u012bzas boj\u0101g\u0101ju\u0161o vecuma un identit\u0101tes deta\u013cas medijiem pla\u0161i izplat\u012btas netiek, zin\u0101ms, ka tie ir jauni v\u012brie\u0161i. Avarijas d\u0113\u013c uz laiku tika sl\u0113gta satiksme uz Vakarin\u0117s ielas posm\u0101 no Janonis ielas l\u012bdz Saviti\u0161kio ielai, lai nodro\u0161in\u0101tu dro\u0161us gl\u0101b\u0161anas darbus.<\/p>\n<p>Izmekl\u0113\u0161anas virzieni un ietekme uz satiksmi<\/p>\n<p>Policija \u0161obr\u012bd izmekl\u0113 negad\u012bjuma apst\u0101k\u013cus, lai noskaidrotu prec\u012bzu av\u0101rijas c\u0113loni. Tiek p\u0101rbaud\u012btas visas iesp\u0113jam\u0101s versijas, tostarp brauk\u0161anas \u0101truma p\u0101rsnieg\u0161ana, ce\u013ca apst\u0101k\u013ci vai iesp\u0113jam\u0101 vad\u012bt\u0101ja alkohola vai citu apreibino\u0161u vielu iespaids. Tas, ka sp\u0113krats tikusi cauri barjer\u0101m un ielidojis up\u0113, nor\u0101da uz \u013coti lielu trieciena sp\u0113ku. \u0160\u0101das tra\u0123\u0113dijas vienm\u0113r izsauc sabiedr\u012bb\u0101 rezonansi, \u012bpa\u0161i, kad upuri ir jauni cilv\u0113ki. L\u012bdz\u012bgos gad\u012bjumos izmekl\u0113\u0161ana bie\u017ei vien koncentr\u0113jas uz ce\u013ca infrastrukt\u016bras atbilst\u012bbu standartiem, lai gan \u0161aj\u0101 gad\u012bjum\u0101 sp\u0113kratas ietekme \u0161\u0137iet galvenais faktors.<\/p>\n<p>P\u0113c automa\u0161\u012bnas izcel\u0161anas un ekspert\u012bzes tiek gaid\u012bti prec\u012bz\u0101ki sl\u0113dzieni par notiku\u0161\u0101 iemesliem. T\u0101pat tiek p\u0101rbaud\u012bts, vai visi tr\u012bs v\u012brie\u0161i atrad\u0101s automa\u0161\u012bn\u0101 vai ar\u012b k\u0101ds var\u0113ja pasp\u0113t pamest auto pirms t\u0101 iekri\u0161anas \u016bden\u012b, lai gan aculiecinieku liec\u012bbas liecina par pret\u0113jo. \u0160\u0101das av\u0101rijas Panev\u0113\u017e\u0101, kur\u0101s iesaist\u012bts \u016bdens baseins, ir retas, tom\u0113r katra no t\u0101m rada dzi\u013cas sekas. \u0160\u012b tra\u0123\u0113dija kalpo k\u0101 dr\u016bms atg\u0101din\u0101jums par satiksmes dro\u0161\u012bbas noz\u012bmi un nepiecie\u0161am\u012bbu vienm\u0113r b\u016bt \u012bpa\u0161i uzman\u012bgiem, \u012bpa\u0161i nakt\u012b vai r\u012bta stund\u0101s, kad redzam\u012bba var b\u016bt apgr\u016btin\u0101ta.<\/p>\n<p>Cietu\u0161o \u0123imen\u0113m un sabiedr\u012bbas reakcija<\/p>\n<p>Visi notiku\u0161\u0101 rezult\u0101t\u0101 boj\u0101g\u0101ju\u0161ie tika identific\u0113ti, kas \u013cauj iest\u0101d\u0113m inform\u0113t vi\u0146u \u0123imenes un tuviniekus. Pa\u0161laik fokuss p\u0101riet uz atbalsta snieg\u0161anu \u0161o zaud\u0113jumu piedz\u012bvoju\u0161aj\u0101m \u0123imen\u0113m. Panev\u0113\u017e\u0101 un pla\u0161\u0101k\u0101 Lietuvas sabiedr\u012bb\u0101 valda liels satraukums un no\u017e\u0113la par zaud\u0113taj\u0101m jaunaj\u0101m dz\u012bv\u012bb\u0101m. T\u0101das av\u0101rijas bie\u017ei vien liek sabiedr\u012bbai p\u0101rv\u0113rt\u0113t attieksmi pret \u0101tru brauk\u0161anu un atbild\u012bgu r\u012bc\u012bbu uz ce\u013ciem.<\/p>\n<p>Vara iest\u0101des aicina iedz\u012bvot\u0101jus b\u016bt maksim\u0101li uzman\u012bgiem, \u012bpa\u0161i uz tiltiem un ce\u013ca posmiem, kur redzam\u012bba vai ce\u013ca segums var b\u016bt neprognoz\u0113jams. Lai gan notikums v\u0113l tiek izmekl\u0113ts, priek\u0161laic\u012bga spekul\u0101cija par c\u0113lo\u0146iem ir neprodukt\u012bva. Tom\u0113r \u0161\u012b BMW tra\u0123\u0113dija Nev\u0113\u017e\u0101 k\u013cuvusi par vienu no \u0161\u012b gada m\u0113ne\u0161a atskaites punktiem satiksmes negad\u012bjumu statistik\u0101, uzsverot nepiecie\u0161am\u012bbu p\u0113c past\u0101v\u012bgas piesardz\u012bbas un atbild\u012bbas, braucot jebkur\u0101 laik\u0101 un jebkuros apst\u0101k\u013cos.<\/p>\n","protected":false},"excerpt":{"rendered":"R\u012bta agrum\u0101 notikusi tra\u0123\u0113dija Panev\u0113\u017e\u0101 Sestdienas, 20. decembra, r\u012bt\u0101 Lietuvas pils\u0113t\u0101 Panev\u0113\u017e\u0101 notikusi smaga satiksmes negad\u012bjuma, kur\u0101 dz\u012bv\u012bbu&hellip;\n","protected":false},"author":2,"featured_media":82381,"comment_status":"","ping_status":"","sticky":false,"template":"","format":"standard","meta":{"footnotes":""},"categories":[14],"tags":[23,57,20822,28,29,32,33,22,20825,30,31,35,39,38,36,37,34,40,20823,20,20821,26,27,20824,24,25,54,55,56,21,58],"class_list":{"0":"post-82380","1":"post","2":"type-post","3":"status-publish","4":"format-standard","5":"has-post-thumbnail","7":"category-zinas-no-arvalstim","8":"tag-aktualitates","9":"tag-arvalstim","10":"tag-bmw-upe","11":"tag-breaking-news","12":"tag-breakingnews","13":"tag-featured-news","14":"tag-featurednews","15":"tag-headlines","16":"tag-jauniesu-nave","17":"tag-latest-news","18":"tag-latestnews","19":"tag-latvia","20":"tag-latvian","21":"tag-latviesu","22":"tag-latviesu-valoda","23":"tag-latviesuvaloda","24":"tag-latvija","25":"tag-lv","26":"tag-nevezis","27":"tag-news","28":"tag-paneveza-avarija","29":"tag-popularakas-zinas","30":"tag-popularakaszinas","31":"tag-satiksmes-tragedija","32":"tag-top-stories","33":"tag-topstories","34":"tag-world","35":"tag-world-news","36":"tag-worldnews","37":"tag-zinas","38":"tag-zinas-no-arvalstim"},"share_on_mastodon":{"url":"https:\/\/pubeurope.com\/@lv\/115760309392015097","error":""},"_links":{"self":[{"href":"https:\/\/www.europesays.com\/lv\/wp-json\/wp\/v2\/posts\/82380","targetHints":{"allow":["GET"]}}],"collection":[{"href":"https:\/\/www.europesays.com\/lv\/wp-json\/wp\/v2\/posts"}],"about":[{"href":"https:\/\/www.europesays.com\/lv\/wp-json\/wp\/v2\/types\/post"}],"author":[{"embeddable":true,"href":"https:\/\/www.europesays.com\/lv\/wp-json\/wp\/v2\/users\/2"}],"replies":[{"embeddable":true,"href":"https:\/\/www.europesays.com\/lv\/wp-json\/wp\/v2\/comments?post=82380"}],"version-history":[{"count":0,"href":"https:\/\/www.europesays.com\/lv\/wp-json\/wp\/v2\/posts\/82380\/revisions"}],"wp:featuredmedia":[{"embeddable":true,"href":"https:\/\/www.europesays.com\/lv\/wp-json\/wp\/v2\/media\/82381"}],"wp:attachment":[{"href":"https:\/\/www.europesays.com\/lv\/wp-json\/wp\/v2\/media?parent=82380"}],"wp:term":[{"taxonomy":"category","embeddable":true,"href":"https:\/\/www.europesays.com\/lv\/wp-json\/wp\/v2\/categories?post=82380"},{"taxonomy":"post_tag","embeddable":true,"href":"https:\/\/www.europesays.com\/lv\/wp-json\/wp\/v2\/tags?post=82380"}],"curies":[{"name":"wp","href":"https:\/\/api.w.org\/{rel}","templated":true}]}}