{"id":82400,"date":"2025-12-22T01:10:07","date_gmt":"2025-12-22T01:10:07","guid":{"rendered":"https:\/\/www.europesays.com\/lv\/82400\/"},"modified":"2025-12-22T01:10:07","modified_gmt":"2025-12-22T01:10:07","slug":"pec-austras-balvas-triumfa-grupa-alejas-ieludz-uz-lielako-pavasara-deju-svetku-koncertu-koncertzale-palladium-lente-lv","status":"publish","type":"post","link":"https:\/\/www.europesays.com\/lv\/82400\/","title":{"rendered":"P\u0113c \u201eAustras balvas\u201d triumfa grupa \u201eAlejas\u201d iel\u016bdz uz liel\u0101ko pavasara deju sv\u0113tku koncertu koncertz\u0101l\u0113 \u201ePalladium\u201d\u00a0\u2014\u00a0Lente.lv"},"content":{"rendered":"<p>Apbalvojumu un atzin\u012bbas vainagoti: \u201cAlejas\u201d gatavojas v\u0113rien\u012bgam koncertam<\/p>\n<p>Kritika atzin\u012bbu guvu\u0161ie un presti\u017e\u0101s \u201cAustras balvas\u201d laure\u0101ti, grupa \u201cAlejas\u201d, pavasar\u012b gatavojas sar\u012bkot savu l\u012bdz \u0161im ambicioz\u0101ko un ener\u0123isk\u0101ko pas\u0101kumu. K\u0101 inform\u0113 port\u0101ls NRA, 24. apr\u012bl\u012b grupa iel\u016bdz ikvienu \u201csird\u012b jaunu un br\u012bvu\u201d uz deju un m\u016bzikas sv\u0113tkiem koncertz\u0101l\u0113 \u201cPalladium\u201d R\u012bg\u0101. \u0160is notikums tiek raksturots k\u0101 \u201ckarst\u0101kais pavasara diseni\u201d, solot neaizmirstamu piedz\u012bvojumu deju virpul\u012b, kas vienos da\u017e\u0101das paaudzes un cilv\u0113kus ar at\u0161\u0137ir\u012bgu pieredzi.<\/p>\n<p>\u201cAleju\u201d strauj\u0101 rado\u0161\u0101 evol\u016bcija nav palikusi nepaman\u012bta. Kop\u0161 debijas singla \u201cTPZB\u201d par\u0101d\u012b\u0161an\u0101s 2019. gad\u0101, trio ir p\u0101rvar\u0113jis iev\u0113rojamu att\u012bst\u012bbas posmu. Grupa, kuras sast\u0101v\u0101 ir Kirils \u0112cis, Sp\u0101re V\u012btola un Reinis \u017dod\u017eiks, veiksm\u012bgi manevr\u0113 starp \u017eanriem, pied\u0101v\u0101jot klaus\u012bt\u0101jiem interesantu se\u0161desmit\u0101ko (indie), alternat\u012bv\u0101 hiphopa, elektronikas un pat eksperiment\u0101l\u0101s popm\u016bzikas, k\u0101 ar\u012b \u201csynth wave\u201d elementu sajaukumu. Vi\u0146u m\u0101ksliniecisk\u0101 darb\u012bba aptver pla\u0161\u0101ku spektrumu nek\u0101 vien m\u016bzikas ierakst\u012b\u0161ana; dal\u012bbnieki akt\u012bvi iesaist\u0101s te\u0101tra, kino un vizu\u0101l\u0101s m\u0101kslas projektos, saglab\u0101jot uztic\u012bbu savam br\u012bvdom\u012bbas un sp\u012bt\u012bguma kursam.<\/p>\n<p>\u201cArdievu, ledus laikmet!\u201d \u2013 veiksmes st\u0101sts ar jaudu un kust\u012bbu<\/p>\n<p>Grupa \u201cAlejas\u201d 2025. gada \u201cAustras balvu\u201d ieguva par savu tre\u0161o studijas albumu \u201cArdievu, ledus laikmet!\u201d. \u0160is ieraksts, kas izn\u0101cis 2025. gada decembr\u012b, jau iepriek\u0161 ir bijis radio vi\u013c\u0146u un izp\u0101rdotu koncertu favor\u012bts, apliecinot grupas sp\u0113ju rad\u012bt rezonansi pla\u0161\u0101 auditorij\u0101.<\/p>\n<blockquote><p>Grupas solists Kirils \u0112cis par \u0161o ierakstu saka: \u201c pilda ar jaudu un v\u0113lmi kust\u0113ties uz priek\u0161u.\u201d<\/p><\/blockquote>\n<p>Albums, kas apvieno sev\u012b ener\u0123isku ritmu un pretrun\u012bgu b\u016bt\u012bbu, ir rad\u012bts ar m\u0113r\u0137i aicin\u0101t klaus\u012bt\u0101jus uz atbr\u012bvo\u0161anos \u2013 gan no pag\u0101tnes, gan no ierastajiem r\u0101mjiem. Vi\u0146u sirsn\u012bgais singls \u201cSirds DJ II\u201d ir viens no albuma atpaz\u012bstam\u0101kajiem ska\u0146darbiem.<\/p>\n<p>Koncerts k\u0101 m\u0101kslas instal\u0101cija un deju virpulis<\/p>\n<p>Gaid\u0101mais \u201cPalladium\u201d koncerts tiek pl\u0101nots k\u0101 daudzsl\u0101\u0146ains m\u0101kslas piedz\u012bvojums, nevis tikai ierasts muzik\u0101ls sniegums. Lai nodro\u0161in\u0101tu maksim\u0101lu iespaidu, \u201cAlejas\u201d piesaista deju kolekt\u012bvu \u201cSixth\u201d, papildinot skatuvi ar izmekl\u0113tu gaismu un d\u016bmu efektiem.<\/p>\n<p>M\u016bzi\u0137i v\u0113las rad\u012bt telpu, kur\u0101 satiekas pusaud\u017ei un vi\u0146u vec\u0101ki, m\u0101kslas aprindas un tie, kas noguru\u0161i no korporat\u012bv\u0101s vides. \u0160\u0101da da\u017e\u0101du soci\u0101lo grupu satik\u0161an\u0101s uz deju gr\u012bdas simboliz\u0113 grupas filozofiju par br\u012bv\u012bbu un vienot\u012bbu caur m\u016bziku. Pas\u0101kuma v\u0113st\u012bjums ir div\u0113j\u0101ds: \u201cL\u012bksm\u0101s atvad\u0101s no t\u0101, kas aiziet, un trauksmain\u0101 saj\u016bsm\u0101 par to, kas n\u0101ks\u201d.<\/p>\n<p>\u201cAustras balva\u201d un t\u0101s noz\u012bme Latvijas m\u016bzikas ainav\u0101<\/p>\n<p>\u201cAustras balva\u201d ir noz\u012bm\u012bgs notikums Latvijas m\u016bzikas dz\u012bv\u0113, ko pasniedz albumam, ko \u017e\u016brija \u2013 kriti\u0137i un industrijas p\u0101rst\u0101vji \u2013 atzinusi par gada lab\u0101ko. Balvas laure\u0101ti tradicion\u0101li sa\u0146em ne tikai kokt\u0113lnieka veidotu statuju, bet ar\u012b naudas stipendiju, kas paredz\u0113ta turpm\u0101k\u0101s rado\u0161\u0101s darb\u012bbas atbalstam, \u0161oreiz to nodro\u0161ina LaIPA.<\/p>\n<p>Pirms \u201cAleju\u201d triumfa 2025. gad\u0101, balvu iepriek\u0161 ieguvu\u0161as t\u0101das apvien\u012bbas k\u0101 \u201ckuba\u201d (2024), ansis (2021), \u201cPolifauna\u201d (2018) un citas. \u0160\u012b atzin\u012bba nozares profesion\u0101\u013cu vid\u016b apliecina \u201cAleju\u201d \u012bpa\u0161o vietu un ietekmi uz pa\u0161reiz\u0113jo Latvijas m\u016bzikas sc\u0113nu.<\/p>\n<p>Bi\u013ce\u0161u pieejam\u012bba un p\u0113d\u0113jie aicin\u0101jumi<\/p>\n<p>Bi\u013cetes uz 24. apr\u012b\u013ca \u201cdiseni\u201d koncertz\u0101l\u0113 \u201cPalladium\u201d R\u012bg\u0101 tirdzniec\u012bb\u0101 non\u0101ku\u0161as jau 5. decembr\u012b, pieejamas \u201cBi\u013ce\u0161u Serviss\u201d t\u012bkl\u0101. T\u0101 k\u0101 pas\u0101kums tiek reklam\u0113ts k\u0101 v\u0113rien\u012bgs un atsauce uz iepriek\u0161\u0113jo koncertu sezonu nor\u0101da uz augstu piepras\u012bjumu, tiek ieteikts bi\u013cetes ieg\u0101d\u0101ties laic\u012bgi.<\/p>\n<p>Organizatori un pa\u0161i m\u016bzi\u0137i uzsver, ka \u0161\u012b b\u016bs iesp\u0113ja izbaud\u012bt m\u016bziku \u201cprom no datorekr\u0101niem un radio apar\u0101tiem\u201d, tie\u0161i uz \u201cAleju\u201d rad\u012btaj\u0101m deju gr\u012bd\u0101m. Grupa aicina atz\u012bt, ka p\u0113c ziemas miega \u201cnen\u0101k par \u013caunu izkust\u0113ties!\u201d, gatavojoties piedz\u012bvot pavasara saj\u016btu, kas pies\u0101tin\u0101ta ar ritmu un br\u012bv\u012bbas garu.<\/p>\n","protected":false},"excerpt":{"rendered":"Apbalvojumu un atzin\u012bbas vainagoti: \u201cAlejas\u201d gatavojas v\u0113rien\u012bgam koncertam Kritika atzin\u012bbu guvu\u0161ie un presti\u017e\u0101s \u201cAustras balvas\u201d laure\u0101ti, grupa \u201cAlejas\u201d,&hellip;\n","protected":false},"author":2,"featured_media":82401,"comment_status":"","ping_status":"","sticky":false,"template":"","format":"standard","meta":{"footnotes":""},"categories":[19],"tags":[1506,1107,89,90,20835,35,39,38,36,37,34,355,40,4635],"class_list":{"0":"post-82400","1":"post","2":"type-post","3":"status-publish","4":"format-standard","5":"has-post-thumbnail","7":"category-izklaide","8":"tag-alejas","9":"tag-austras-balva","10":"tag-entertainment","11":"tag-izklaide","12":"tag-kirils-ecis","13":"tag-latvia","14":"tag-latvian","15":"tag-latviesu","16":"tag-latviesu-valoda","17":"tag-latviesuvaloda","18":"tag-latvija","19":"tag-latvijas-muzika","20":"tag-lv","21":"tag-palladium-riga"},"share_on_mastodon":{"url":"https:\/\/pubeurope.com\/@lv\/115760557125944253","error":""},"_links":{"self":[{"href":"https:\/\/www.europesays.com\/lv\/wp-json\/wp\/v2\/posts\/82400","targetHints":{"allow":["GET"]}}],"collection":[{"href":"https:\/\/www.europesays.com\/lv\/wp-json\/wp\/v2\/posts"}],"about":[{"href":"https:\/\/www.europesays.com\/lv\/wp-json\/wp\/v2\/types\/post"}],"author":[{"embeddable":true,"href":"https:\/\/www.europesays.com\/lv\/wp-json\/wp\/v2\/users\/2"}],"replies":[{"embeddable":true,"href":"https:\/\/www.europesays.com\/lv\/wp-json\/wp\/v2\/comments?post=82400"}],"version-history":[{"count":0,"href":"https:\/\/www.europesays.com\/lv\/wp-json\/wp\/v2\/posts\/82400\/revisions"}],"wp:featuredmedia":[{"embeddable":true,"href":"https:\/\/www.europesays.com\/lv\/wp-json\/wp\/v2\/media\/82401"}],"wp:attachment":[{"href":"https:\/\/www.europesays.com\/lv\/wp-json\/wp\/v2\/media?parent=82400"}],"wp:term":[{"taxonomy":"category","embeddable":true,"href":"https:\/\/www.europesays.com\/lv\/wp-json\/wp\/v2\/categories?post=82400"},{"taxonomy":"post_tag","embeddable":true,"href":"https:\/\/www.europesays.com\/lv\/wp-json\/wp\/v2\/tags?post=82400"}],"curies":[{"name":"wp","href":"https:\/\/api.w.org\/{rel}","templated":true}]}}