{"id":82406,"date":"2025-12-22T01:21:22","date_gmt":"2025-12-22T01:21:22","guid":{"rendered":"https:\/\/www.europesays.com\/lv\/82406\/"},"modified":"2025-12-22T01:21:22","modified_gmt":"2025-12-22T01:21:22","slug":"skolu-modernizacija-pierobeza-ieguldis-53-miljonus-eiro","status":"publish","type":"post","link":"https:\/\/www.europesays.com\/lv\/82406\/","title":{"rendered":"Skolu moderniz\u0101cij\u0101 pierobe\u017e\u0101 ieguld\u012bs 5,3 miljonus eiro"},"content":{"rendered":"<p>Septi\u0146as pierobe\u017eas pa\u0161vald\u012bbas ar Eiropas Savien\u012bbas (ES) fondu atbalstu un pa\u0161vald\u012bbu l\u012bdzfinans\u0113jumu var\u0113s ieguld\u012bt vair\u0101k nek\u0101 5,3 miljonus eiro skolu moderniz\u0101cij\u0101, port\u0101lu &#8220;Delfi&#8221; inform\u0113ja <a rel=\"noopener nofollow\" target=\"_blank\" href=\"https:\/\/www.delfi.lv\/temas\/44186955\/izglitiba\" tag-id=\"44186955\">Izgl\u012bt\u012bbas<\/a> un zin\u0101tnes ministrij\u0101 (<a rel=\"noopener nofollow\" target=\"_blank\" href=\"https:\/\/www.delfi.lv\/temas\/51875773\/izm\" tag-id=\"51875773\">IZM<\/a>)<\/p>\n<p class=\"western\">IZM nor\u0101d\u012bja, ka invest\u012bcijas paredz\u0113tas izgl\u012bt\u012bbas iest\u0101d\u0113m, kas atbilst skolu t\u012bkla sak\u0101rto\u0161anas nosac\u012bjumiem, taj\u0101 skait\u0101 ar\u012b taj\u0101s pa\u0161vald\u012bb\u0101s, kuras v\u0113l nav piln\u012bb\u0101 sak\u0101rtoju\u0161as izgl\u012bt\u012bbas iest\u0101\u017eu t\u012bklu. Skol\u0101m j\u0101atrodas noteiktaj\u0101 pierobe\u017eas pagast\u0101, iz\u0146emot administrat\u012bvos centrus.<\/p>\n<p class=\"western\">Al\u016bksnes novada pa\u0161vald\u012bbai pieejami 487 862 eiro, Aug\u0161daugavas novada pa\u0161vald\u012bbai 772 448 eiro, Balvu novada pa\u0161vald\u012bbai 668 552 eiro, Kr\u0101slavas novada pa\u0161vald\u012bbai 564 655 eiro, Ludzas novada pa\u0161vald\u012bbai 655 000 eiro, Prei\u013cu novadu pa\u0161vald\u012bbai 551 103 eiro, R\u0113zeknes novada pa\u0161vald\u012bbai 817 620 eiro.<\/p>\n<p class=\"western\">Invest\u012bcijas m\u0113r\u0137is ir nodro\u0161in\u0101t kvalitat\u012bvas izgl\u012bt\u012bbas pieejam\u012bbu pierobe\u017e\u0101, veicot izgl\u012bt\u012bbas iest\u0101\u017eu \u0113kas p\u0101rb\u016bvi vai atjauno\u0161anu, dienesta viesn\u012bcas infrastrukt\u016bras izveidi vai apjauno\u0161anu, sporta infrastrukt\u016bras atjauno\u0161anu, STEM un citu kabinetu izveidi vai atjauno\u0161anu, inform\u0101cijas un komunik\u0101ciju tehnolo\u0123iju risin\u0101jumu ievie\u0161anu un ergonomiskas m\u0101c\u012bbu vides izveidi.<\/p>\n<p class=\"m-0\">Seko &#8220;Delfi&#8221; ar\u012b  <a target=\"_blank\" href=\"https:\/\/www.instagram.com\/delfi.lv\/\" rel=\"nofollow noopener\">Instagram<\/a>  un <a target=\"_blank\" href=\"https:\/\/www.youtube.com\/channel\/UCw5foWtcJvAbUm64rv7jwUQ\" rel=\"nofollow noopener\">YouTube<\/a>  profil\u0101 \u2013 pievienojies, lai uzzin\u0101tu svar\u012bg\u0101ko un interesant\u0101ko pirmais!<\/p>\n<p>Publik\u0101cijas saturs vai t\u0101s jebk\u0101da apjoma da\u013ca ir aizsarg\u0101ts autorties\u012bbu objekts Autorties\u012bbu likuma izpratn\u0113, un t\u0101 izmanto\u0161ana bez izdev\u0113ja at\u013caujas ir aizliegta. Vair\u0101k lasi  <a target=\"_blank\" href=\"https:\/\/www.delfi.lv\/noteikumi#autortiesibas\" rel=\"nofollow noopener\">\u0161eit<\/a><script async src=\"\/\/www.instagram.com\/embed.js\"><\/script><\/p>\n","protected":false},"excerpt":{"rendered":"Septi\u0146as pierobe\u017eas pa\u0161vald\u012bbas ar Eiropas Savien\u012bbas (ES) fondu atbalstu un pa\u0161vald\u012bbu l\u012bdzfinans\u0113jumu var\u0113s ieguld\u012bt vair\u0101k nek\u0101 5,3 miljonus&hellip;\n","protected":false},"author":2,"featured_media":82407,"comment_status":"","ping_status":"","sticky":false,"template":"","format":"standard","meta":{"footnotes":""},"categories":[5],"tags":[23,28,29,7221,32,33,22,336,3313,2374,30,31,35,39,38,36,37,34,40,5604,20,26,27,24,25,21],"class_list":{"0":"post-82406","1":"post","2":"type-post","3":"status-publish","4":"format-standard","5":"has-post-thumbnail","7":"category-aktualitates","8":"tag-aktualitates","9":"tag-breaking-news","10":"tag-breakingnews","11":"tag-eiropas-zinas","12":"tag-featured-news","13":"tag-featurednews","14":"tag-headlines","15":"tag-izglitiba","16":"tag-izglitibas-un-zinatnes-ministrija","17":"tag-izm","18":"tag-latest-news","19":"tag-latestnews","20":"tag-latvia","21":"tag-latvian","22":"tag-latviesu","23":"tag-latviesu-valoda","24":"tag-latviesuvaloda","25":"tag-latvija","26":"tag-lv","27":"tag-ministru-kabinets","28":"tag-news","29":"tag-popularakas-zinas","30":"tag-popularakaszinas","31":"tag-top-stories","32":"tag-topstories","33":"tag-zinas"},"share_on_mastodon":{"url":"https:\/\/pubeurope.com\/@lv\/115760600389783682","error":""},"_links":{"self":[{"href":"https:\/\/www.europesays.com\/lv\/wp-json\/wp\/v2\/posts\/82406","targetHints":{"allow":["GET"]}}],"collection":[{"href":"https:\/\/www.europesays.com\/lv\/wp-json\/wp\/v2\/posts"}],"about":[{"href":"https:\/\/www.europesays.com\/lv\/wp-json\/wp\/v2\/types\/post"}],"author":[{"embeddable":true,"href":"https:\/\/www.europesays.com\/lv\/wp-json\/wp\/v2\/users\/2"}],"replies":[{"embeddable":true,"href":"https:\/\/www.europesays.com\/lv\/wp-json\/wp\/v2\/comments?post=82406"}],"version-history":[{"count":0,"href":"https:\/\/www.europesays.com\/lv\/wp-json\/wp\/v2\/posts\/82406\/revisions"}],"wp:featuredmedia":[{"embeddable":true,"href":"https:\/\/www.europesays.com\/lv\/wp-json\/wp\/v2\/media\/82407"}],"wp:attachment":[{"href":"https:\/\/www.europesays.com\/lv\/wp-json\/wp\/v2\/media?parent=82406"}],"wp:term":[{"taxonomy":"category","embeddable":true,"href":"https:\/\/www.europesays.com\/lv\/wp-json\/wp\/v2\/categories?post=82406"},{"taxonomy":"post_tag","embeddable":true,"href":"https:\/\/www.europesays.com\/lv\/wp-json\/wp\/v2\/tags?post=82406"}],"curies":[{"name":"wp","href":"https:\/\/api.w.org\/{rel}","templated":true}]}}