{"id":82416,"date":"2025-12-22T02:08:17","date_gmt":"2025-12-22T02:08:17","guid":{"rendered":"https:\/\/www.europesays.com\/lv\/82416\/"},"modified":"2025-12-22T02:08:17","modified_gmt":"2025-12-22T02:08:17","slug":"ugunosana-gadu-mija-pec-agresorvalsts-laika-aizliegta-lente-lv","status":"publish","type":"post","link":"https:\/\/www.europesays.com\/lv\/82416\/","title":{"rendered":"Ugu\u0146o\u0161ana Gadu Mij\u0101 P\u0113c Agresorvalsts Laika Aizliegta\u00a0\u2014\u00a0Lente.lv"},"content":{"rendered":"<p>Jauni Stingr\u0101ki Noteikumi Ieviesti Decembra Vid\u016b<\/p>\n<p>R\u012bgas pils\u0113tas pa\u0161vald\u012bba ir sperta noz\u012bm\u012bgu soli, lai samazin\u0101tu pirotehnikas izmanto\u0161anu pils\u0113t\u0101, \u012bpa\u0161i gadu mijas svin\u012bbu laik\u0101. K\u0101 inform\u0113 Latvijas Sabiedriskie Mediji, R\u012bgas dome tre\u0161dien, 17. decembr\u012b, pie\u0146\u0113ma jaunus, stingr\u0101kus saisto\u0161os noteikumus, kuru m\u0113r\u0137is ir nov\u0113rst ugu\u0146o\u0161anas notik\u0161anu Jaun\u0101 gada sagaid\u0113\u0161an\u0101 p\u0113c agresorvalsts laika (pulksten 23:00). \u0160is l\u0113mums pie\u0146emts, lai paustu skaidru politisko nost\u0101ju un solidariz\u0113\u0161anos ar Ukrainu. <\/p>\n<p>Lai gan noteikumi k\u013c\u016bst stingr\u0101ki, ir b\u016btiski atz\u012bm\u0113t, ka sodu apm\u0113rs un kontroles meh\u0101nisms \u0161obr\u012bd netiek main\u012bts. Tas noz\u012bm\u0113, ka policijai joproj\u0101m var\u0113tu saskarties ar izaicin\u0101jumiem pier\u0101d\u012bt p\u0101rk\u0101pumu, it \u012bpa\u0161i gad\u012bjumos, kad pirotehnikas lieto\u0161ana tiek saist\u012bta ar agresorvalsts slavin\u0101\u0161anu. <\/p>\n<p>Aizlieguma Konteksts un Politisk\u0101s Diskusijas<\/p>\n<p>\u0160is jaunais regul\u0113jums aizst\u0101j iepriek\u0161\u0113jos noteikumus, kas zaud\u0113ja sp\u0113ku, st\u0101joties sp\u0113k\u0101 Administrat\u012bvo sodu likumam par p\u0101rk\u0101pumiem p\u0101rvaldes, sabiedrisk\u0101s k\u0101rt\u012bbas un valsts valodas jom\u0101 2024. gad\u0101. <\/p>\n<p>Noteikumu iniciators, R\u012bgas vicem\u0113rs Edvards Ratnieks, uzsv\u0113ra, ka ar jauno regul\u0113jumu beidzot ir pan\u0101kts politisks atbalsts ugu\u0146o\u0161anas aizliegumam tie\u0161i pulksten 23:00, kas tradicion\u0101li tiek saist\u012bts ar Maskavas laika sagaid\u012b\u0161anu. <\/p>\n<blockquote><p> &#8220;R\u012bg\u0101 beidzot ir aizliegta ugu\u0146o\u0161ana, sagaidot Jauno gadu p\u0113c Maskavas laika, kas katru gadu no Latvijai neloj\u0101lu iedz\u012bvot\u0101ju puses gadu tika pla\u0161i atz\u012bm\u0113ts galvaspils\u0113tas apkaim\u0113s. R\u012bga \u0161aj\u0101 jaut\u0101jum\u0101 ir skaidri paudusi savu latvisko nost\u0101ju un solidariz\u0113\u0161anos ar Ukrainu,&#8221; uzsver noteikumu iniciators, R\u012bgas vicem\u0113rs Edvards Ratnieks. <\/p><\/blockquote>\n<p>Tom\u0113r l\u0113mums domes s\u0113d\u0113 rais\u012bjis asas diskusijas. Opoz\u012bcijas deput\u0101ti paudu\u0161i viedokli, ka jaut\u0101jums ir p\u0101rsp\u012bl\u0113ts, kam\u0113r koal\u012bcija atbalst\u012bja noteikumu pie\u0146em\u0161anu. Pret balsoja partijas &#8220;Stabilit\u0101tei!&#8221; un &#8220;Suver\u0113n\u0101 vara&#8221;\/Apvien\u012bba Jaunlatvie\u0161i. <\/p>\n<p>Jaunie Laika Ierobe\u017eojumi Pirotehnikai<\/p>\n<p>L\u012bdz ar jaunajiem saisto\u0161ajiem noteikumiem, kas regul\u0113 ugu\u0146o\u0161anas ier\u012b\u010du un skatuves pirotehnikas izmanto\u0161anu \u0101rpus telp\u0101m R\u012bgas pa\u0161vald\u012bbas teritorij\u0101, tiek noteikti stingri diennakts laika ierobe\u017eojumi. Kopum\u0101 pirotehnikas izmanto\u0161ana b\u016bs aizliegta nakt\u012bs. <\/p>\n<p>Specifiskie aizliegumi ir \u0161\u0101di: <\/p>\n<ul>\n<li>Vasaras period\u0101 (no 1. j\u016bnija l\u012bdz 31. augustam): aizliegts no plkst. 23.00 l\u012bdz 7.00. <\/li>\n<li>P\u0101r\u0113j\u0101 gada period\u0101 (no 1. septembra l\u012bdz 31. maijam): aizliegts no plkst. 22.00 l\u012bdz 7.00. <\/li>\n<\/ul>\n<p>Tom\u0113r noteikumi paredz iz\u0146\u0113mumus. Tie neattieksies uz publiskiem pas\u0101kumiem, kas ir ofici\u0101li saska\u0146oti ar R\u012bgas pa\u0161vald\u012bbu, un, kas ir svar\u012bgi, ar\u012b uz Jaungada dienu no plkst. 0.00 l\u012bdz plkst. 1.00. <\/p>\n<p>At\u0161\u0137ir\u012bbas No Iepriek\u0161\u0113jiem Gadiem un Kontroles Gr\u016bt\u012bbas<\/p>\n<p>Iepriek\u0161\u0113jos gados R\u012bg\u0101 jau past\u0101v\u0113ja tendence aicin\u0101t iedz\u012bvot\u0101jus attur\u0113ties no ugu\u0146o\u0161anas Jaun\u0101 gada nakt\u012b, \u012bpa\u0161i pulksten 23:00, solidariz\u0113joties ar Ukrainas civiliedz\u012bvot\u0101jiem un \u0146emot v\u0113r\u0101 dz\u012bvniekiem rad\u012bto kait\u0113jumu. <\/p>\n<p>K\u0101 atkl\u0101j iepriek\u0161\u0113j\u0101 gada pieredze, neskatoties uz aicin\u0101jumiem, policijai bija sare\u017e\u0123\u012bti konstat\u0113t un sod\u012bt p\u0101rk\u0101p\u0113jus, kuri ugu\u0146oja pulksten 23:00, jo bija j\u0101pier\u0101da ne tikai \u0161au\u0161anas fakts, bet ar\u012b agresorvalsts slavin\u0101\u0161anas nodoms. <\/p>\n<p>Lai gan jaunie noteikumi (p\u0113c b\u016bt\u012bbas) atvieglo situ\u0101ciju, nosakot skaidr\u0101ku laika ierobe\u017eojumu, jaut\u0101jums par pa\u0161u kontroles efektivit\u0101ti paliek aktu\u0101ls. R\u012bgas valstspils\u0113tas pa\u0161vald\u012bbas policija nodro\u0161in\u0101s noteikumu izpildi, ta\u010du tiek uzsv\u0113rts, ka tas nepras\u012bs papildu cilv\u0113kresursus un tiks \u012bstenots eso\u0161o funkciju ietvaros. <\/p>\n<p>Pla\u0161\u0101ks Iemeslu Lokas: Dz\u012bvnieki un Sabiedrisk\u0101 K\u0101rt\u012bba<\/p>\n<p>Papildus politiskajiem apsv\u0113rumiem, pirotehnikas ierobe\u017eo\u0161anas motiv\u0101cij\u0101 vienm\u0113r ir ietverti ar\u012b citi argumenti. Troksnis un p\u0113k\u0161\u0146\u0101s gaismas rada ak\u016btu stresu su\u0146iem un citiem dz\u012bvniekiem, k\u0101 rezult\u0101t\u0101 tie var aizb\u0113gt no m\u0101j\u0101m vai savainoties. <\/p>\n<p>Lai nodro\u0161in\u0101tu mier\u012bgu Jaungada sagaid\u012b\u0161anu tiem, kas nev\u0113las sal\u016btu, R\u012bgas pa\u0161vald\u012bba 31. decembr\u012b iedz\u012bvot\u0101jus tradicion\u0101li aicina uz svin\u012bbu viet\u0101m Vecr\u012bg\u0101, kur tiek pied\u0101v\u0101tas m\u016bzikas un video projekciju programmas. \u0145emot v\u0113r\u0101 sv\u0113tku noz\u012bmi, sabiedriskais transports \u0161aj\u0101 nakt\u012b parasti nodro\u0161ina bezmaksas brauk\u0161anu un papildu reisus. <\/p>\n<p>Lai gan R\u012bga \u0161ogad ir pie\u0146\u0113musi stingr\u0101kus regul\u0113jumus, kas iez\u012bm\u0113 at\u0161\u0137ir\u012bgu pieeju sv\u0113tku atz\u012bm\u0113\u0161anai, \u0161is l\u0113mums atspogu\u013co pils\u0113tas centienus sabalans\u0113t sv\u0113tku trad\u012bcijas ar m\u016bsdienu politisko realit\u0101ti un iedz\u012bvot\u0101ju (un dz\u012bvnieku) labkl\u0101j\u012bbu. <\/p>\n","protected":false},"excerpt":{"rendered":"Jauni Stingr\u0101ki Noteikumi Ieviesti Decembra Vid\u016b R\u012bgas pils\u0113tas pa\u0161vald\u012bba ir sperta noz\u012bm\u012bgu soli, lai samazin\u0101tu pirotehnikas izmanto\u0161anu pils\u0113t\u0101,&hellip;\n","protected":false},"author":2,"featured_media":82417,"comment_status":"","ping_status":"","sticky":false,"template":"","format":"standard","meta":{"footnotes":""},"categories":[12],"tags":[23,28,29,32,33,22,18259,30,31,35,39,38,36,37,34,40,20,19673,26,27,172,687,24,25,20838,21],"class_list":{"0":"post-82416","1":"post","2":"type-post","3":"status-publish","4":"format-standard","5":"has-post-thumbnail","7":"category-latvija","8":"tag-aktualitates","9":"tag-breaking-news","10":"tag-breakingnews","11":"tag-featured-news","12":"tag-featurednews","13":"tag-headlines","14":"tag-jaunais-gads","15":"tag-latest-news","16":"tag-latestnews","17":"tag-latvia","18":"tag-latvian","19":"tag-latviesu","20":"tag-latviesu-valoda","21":"tag-latviesuvaloda","22":"tag-latvija","23":"tag-lv","24":"tag-news","25":"tag-pirotehnika","26":"tag-popularakas-zinas","27":"tag-popularakaszinas","28":"tag-riga","29":"tag-rigas-dome","30":"tag-top-stories","31":"tag-topstories","32":"tag-ugunosanas-ierobezojumi","33":"tag-zinas"},"share_on_mastodon":{"url":"https:\/\/pubeurope.com\/@lv\/115760785204589674","error":""},"_links":{"self":[{"href":"https:\/\/www.europesays.com\/lv\/wp-json\/wp\/v2\/posts\/82416","targetHints":{"allow":["GET"]}}],"collection":[{"href":"https:\/\/www.europesays.com\/lv\/wp-json\/wp\/v2\/posts"}],"about":[{"href":"https:\/\/www.europesays.com\/lv\/wp-json\/wp\/v2\/types\/post"}],"author":[{"embeddable":true,"href":"https:\/\/www.europesays.com\/lv\/wp-json\/wp\/v2\/users\/2"}],"replies":[{"embeddable":true,"href":"https:\/\/www.europesays.com\/lv\/wp-json\/wp\/v2\/comments?post=82416"}],"version-history":[{"count":0,"href":"https:\/\/www.europesays.com\/lv\/wp-json\/wp\/v2\/posts\/82416\/revisions"}],"wp:featuredmedia":[{"embeddable":true,"href":"https:\/\/www.europesays.com\/lv\/wp-json\/wp\/v2\/media\/82417"}],"wp:attachment":[{"href":"https:\/\/www.europesays.com\/lv\/wp-json\/wp\/v2\/media?parent=82416"}],"wp:term":[{"taxonomy":"category","embeddable":true,"href":"https:\/\/www.europesays.com\/lv\/wp-json\/wp\/v2\/categories?post=82416"},{"taxonomy":"post_tag","embeddable":true,"href":"https:\/\/www.europesays.com\/lv\/wp-json\/wp\/v2\/tags?post=82416"}],"curies":[{"name":"wp","href":"https:\/\/api.w.org\/{rel}","templated":true}]}}