{"id":82430,"date":"2025-12-22T02:32:35","date_gmt":"2025-12-22T02:32:35","guid":{"rendered":"https:\/\/www.europesays.com\/lv\/82430\/"},"modified":"2025-12-22T02:32:35","modified_gmt":"2025-12-22T02:32:35","slug":"saeima-pieskir-latvijas-pilsonibu-dokumentalistam-vitalijam-manskim-par-ipasiem-nopelniem-lente-lv","status":"publish","type":"post","link":"https:\/\/www.europesays.com\/lv\/82430\/","title":{"rendered":"Saeima pie\u0161\u0137ir Latvijas pilson\u012bbu dokument\u0101listam Vit\u0101lijam Manskim par \u012bpa\u0161iem nopelniem\u00a0\u2014\u00a0Lente.lv"},"content":{"rendered":"<p>Parlaments atz\u012bst starptautiski atz\u012bta m\u0101kslinieka ieguld\u012bjumu<\/p>\n<p>Saeima pag\u0101ju\u0161aj\u0101 ned\u0113\u013c\u0101, 18. decembr\u012b, pie\u0146\u0113ma l\u0113mumu pie\u0161\u0137irt Latvijas pilson\u012bbu starptautiski atz\u012btajam dokument\u0101lo filmu re\u017eisoram Vit\u0101lijam Manskim, nov\u0113rt\u0113jot vi\u0146a iev\u0113rojamos un \u012bpa\u0161os nopelnus Latvijas valsts lab\u0101. \u0160is l\u0113mums, kas pie\u0146emts, piem\u0113rojot \u012bpa\u0161u proced\u016bru un nevis standarta naturaliz\u0101cijas k\u0101rt\u012bbu, apliecina re\u017eisora dzi\u013co integr\u0101ciju Latvijas sabiedr\u012bb\u0101 un vi\u0146a noz\u012bm\u012bgo devumu valsts kult\u016bras dz\u012bves stiprin\u0101\u0161an\u0101 un starptautisk\u0101s atpaz\u012bstam\u012bbas veicin\u0101\u0161an\u0101. K\u0101 inform\u0113 port\u0101ls jauns.lv, l\u0113mums tika pie\u0146emts, balstoties uz Manska ilgsto\u0161o un intens\u012bvo darbu, kas sekm\u0113jis Latvijas v\u0101rda izskan\u0113\u0161anu pasaules kino aprind\u0101s.<\/p>\n<p>Vit\u0101lijs Manskis, kur\u0161 ir dzimis Ukrain\u0101 un l\u012bdz \u0161im bijis Krievijas un Izra\u0113las dubultpilsonis, kop\u0161 2014. gada ir izv\u0113l\u0113jies R\u012bgu par sav\u0101m past\u0101v\u012bgaj\u0101m m\u0101j\u0101m. Vi\u0146a p\u0101rcel\u0161an\u0101s uz Latviju notika tie\u0161i 2014. gada mart\u0101, \u012bsi p\u0113c Krievijas veikt\u0101s Krimas aneksijas un gatavo\u0161an\u0101s milit\u0101rajai intervencei Ukrainas austrumos. Manskis skaidroja, ka vi\u0146am un vi\u0146a dz\u012bvesbiedrei Nat\u0101lijai Manskai k\u013cuva \u201cneiesp\u0113jami b\u016bt par da\u013cu no \u0161\u012bs noziedz\u012bg\u0101s valsts\u201d, kas mudin\u0101ja nekav\u0113joties pamest Krieviju.<\/p>\n<p>Kino, kas veido starptautisko t\u0113lu<\/p>\n<p>Re\u017eisora ieguld\u012bjums Latvijas kult\u016br\u0101 ir m\u0113r\u0101ms konkr\u0113tos sasniegumos. Vi\u0146a Latvij\u0101 dibin\u0101t\u0101 studija \u201cVertov\u201d ar Latvijas Kino centra un starptautisko partneru finansi\u0101lo atbalstu ir rad\u012bjusi septi\u0146as dokument\u0101l\u0101s filmas. \u0160ie darbi kopum\u0101 p\u0101rst\u0101v\u0113ju\u0161i Latviju vair\u0101k nek\u0101 250 starptautiskos kinofestiv\u0101los un atnesu\u0161i valstij vair\u0101k nek\u0101 50 presti\u017eu balvas. \u0160\u012b filmas nav tikai m\u0101kslinieciski veikumi; t\u0101s bie\u017ei vien p\u0113ta sare\u017e\u0123\u012btus soci\u0101lpolitiskus jaut\u0101jumus, cilv\u0113ka cie\u0146u un da\u017ek\u0101rt ar\u012b Latvijas v\u0113stures un sabiedr\u012bbas p\u0101rmai\u0146as, t\u0101d\u0113j\u0101di veicinot izpratni par m\u016bsu zemes pieredzi pasaul\u0113.<\/p>\n<p>Viens no noz\u012bm\u012bg\u0101kajiem Manska ieguld\u012bjumiem ir vi\u0146a akt\u012bv\u0101 loma Latvijas kult\u016bras dz\u012bves organiz\u0113\u0161an\u0101. Vi\u0146\u0161 ir viens no Starptautisk\u0101 dokument\u0101lo filmu festiv\u0101la \u201cArtdocfest\/Riga\u201d dibin\u0101t\u0101jiem un prezidentiem. Festiv\u0101ls, kas aizs\u0101k\u0101s R\u012bg\u0101, ir k\u013cuvis par \u013coti svar\u012bgu platformu Baltijas un Austrumeiropas kinematogr\u0101fijas jom\u0101, veicinot rado\u0161u dialogu un jaunu perspekt\u012bvu atkl\u0101\u0161anu re\u0123iona m\u0101ksliniekiem.<\/p>\n<p>Ilggad\u0113ja integr\u0101cija un latvie\u0161u valodas apguve<\/p>\n<p>Pilson\u012bbas pie\u0161\u0137ir\u0161anas pamat\u0101 ir ne tikai profesion\u0101lie sasniegumi, bet ar\u012b ilggad\u0113ja, akt\u012bva integr\u0101cija Latvijas sabiedr\u012bb\u0101. Manskis ir nor\u0101d\u012bjis, ka p\u0113c 11 gadiem R\u012bg\u0101, Latvija vi\u0146am un sievai ir k\u013cuvusi par \u012bst\u0101m m\u0101j\u0101m. Dokument\u0101lists nav g\u0101jis viegl\u0101ko ce\u013cu, bet akt\u012bvi iesaist\u012bjies ar\u012b valodas apguv\u0113. Gan Vit\u0101lijs, gan Nat\u0101lija Manska turpina m\u0101c\u012bties latvie\u0161u valodu un abi jau ir sekm\u012bgi nok\u0101rtoju\u0161i A2 l\u012bme\u0146a valodas eks\u0101menu. Papildus profesion\u0101lajiem sakariem, vi\u0146i Latvij\u0101 ieguvu\u0161i ar\u012b pla\u0161u draugu loku sabiedr\u012bb\u0101.<\/p>\n<p>Pats Manskis komisijai paudis p\u0101rliec\u012bbu, ka, k\u013c\u016bstot par pilnties\u012bgu Latvijas pilsoni, vi\u0146\u0161 var\u0113s sniegt v\u0113l liel\u0101ku ieguld\u012bjumu Latvijas kult\u016bras stiprin\u0101\u0161an\u0101, t\u0101d\u0113j\u0101di v\u0113l intens\u012bv\u0101k veicinot valsts atpaz\u012bstam\u012bbu glob\u0101li.<\/p>\n<p>Atbalsts no kult\u016bras un sabiedr\u012bbas viedok\u013cu l\u012bderiem<\/p>\n<p>L\u0113muma pie\u0146em\u0161anai par labu pilson\u012bbas pie\u0161\u0137ir\u0161anai par \u012bpa\u0161iem nopelniem bija pieteikami ar\u012b sabiedr\u012bbas atbalsta apliecin\u0101jumi. Atbalstu Vit\u0101lija Manska uz\u0146em\u0161anai Latvijas pilson\u012bb\u0101 sav\u0101s v\u0113stul\u0113s Saeimas Pilson\u012bbas, migr\u0101cijas un sabiedr\u012bbas salied\u0113t\u012bbas komisijai bija paudu\u0161as vair\u0101kas paz\u012bstamas person\u012bbas. To vid\u016b bija re\u017eisors Viesturs Kairi\u0161s, Fisk\u0101l\u0101s discipl\u012bnas padomes priek\u0161s\u0113d\u0113t\u0101ja Inna \u0160teinbuka, komponists K\u0101rlis Auz\u0101ns un cits dokument\u0101lo filmu re\u017eisors Ivars Seleckis. \u0160\u0101ds atbalsts no kult\u016bras un akad\u0113misk\u0101s jomas l\u012bderiem uzsv\u0113ra Manska noz\u012bm\u012bgumu Latvijas kult\u016bras vid\u0113.<\/p>\n<p>Saeimas debat\u0113s tika uzsv\u0113rts, ka Manska darbs un vi\u0146a pilsonisk\u0101 nost\u0101ja atbilst visiem krit\u0113rijiem, kas tiek piem\u0113roti person\u0101m, kur\u0101m pilson\u012bba tiek pie\u0161\u0137irta par \u012bpa\u0161iem nopelniem, \u012bpa\u0161i \u0146emot v\u0113r\u0101 vi\u0146a ieguld\u012bjumu demokr\u0101tisko v\u0113rt\u012bbu un atkl\u0101t\u012bbas veicin\u0101\u0161an\u0101, kas ir \u012bpa\u0161i aktu\u0101li, \u0146emot v\u0113r\u0101 vi\u0146a iepriek\u0161\u0113jo dz\u012bvi un darbu Krievij\u0101.<\/p>\n<p>P\u0113c l\u0113muma: Saj\u016btas un turpm\u0101kie so\u013ci<\/p>\n<p>P\u0113c l\u0113muma pie\u0146em\u0161anas Vit\u0101lijs Manskis medijiem sniedza emocion\u0101lu atbildi ukrai\u0146u valod\u0101. Vi\u0146\u0161 pauda dzi\u013cu pateic\u012bbu visiem, kas balsoja par vi\u0146a pilson\u012bbu, atz\u012bstot: \u201cMan ir \u013coti pat\u012bkami. Es j\u016btos k\u0101 m\u0101j\u0101s.\u201d<\/p>\n<blockquote><p>Esmu gandar\u012bts, ka tas, ko es daru, tika t\u0101 nov\u0113rt\u0113ts, un es jau r\u012bt turpin\u0101\u0161u str\u0101d\u0101t, lai b\u016btu da\u013ca no Latvijas kult\u016bras, lai Latvijas karogs pl\u012bvotu v\u0113l augst\u0101k festiv\u0101lu laukumos vis\u0101 pasaul\u0113. V\u0113lreiz gribu pateikties Latvijai par to, ka t\u0101 man ir k\u013cuvusi par \u012bst\u0101m m\u0101j\u0101m.<\/p><\/blockquote>\n<p>\u0160is notikums iez\u012bm\u0113 jaunu posmu Manska dz\u012bv\u0113 un profesion\u0101laj\u0101 darb\u012bb\u0101 Latvij\u0101. Tas ir simbolisks solis, kas apliecina ne tikai vi\u0146a person\u012bgo izv\u0113li, bet ar\u012b valsts atzin\u012bbu vi\u0146a m\u0101kslinieciskajai drosmei un principialit\u0101tei. Dokument\u0101lista p\u0113d\u0113jais darbs, piem\u0113ram, jaun\u0101k\u0101 filma \u201cLaiks l\u012bdz m\u0113r\u0137im\u201d, kas velt\u012bta dzimtajai \u013bvivai, apliecina vi\u0146a past\u0101v\u012bgo interesi par Ukrainas likteni, vienlaikus stiprinot vi\u0146a saknes un atbild\u012bbu pret jauno dzimteni \u2013 Latviju.<\/p>\n","protected":false},"excerpt":{"rendered":"Parlaments atz\u012bst starptautiski atz\u012bta m\u0101kslinieka ieguld\u012bjumu Saeima pag\u0101ju\u0161aj\u0101 ned\u0113\u013c\u0101, 18. decembr\u012b, pie\u0146\u0113ma l\u0113mumu pie\u0161\u0137irt Latvijas pilson\u012bbu starptautiski atz\u012btajam&hellip;\n","protected":false},"author":2,"featured_media":82431,"comment_status":"","ping_status":"","sticky":false,"template":"","format":"standard","meta":{"footnotes":""},"categories":[12],"tags":[23,14813,28,29,20845,32,33,22,30,31,35,39,38,36,37,34,311,40,20,26,27,141,24,25,14814,21],"class_list":{"0":"post-82430","1":"post","2":"type-post","3":"status-publish","4":"format-standard","5":"has-post-thumbnail","7":"category-latvija","8":"tag-aktualitates","9":"tag-artdocfest-riga","10":"tag-breaking-news","11":"tag-breakingnews","12":"tag-dokumentalisti","13":"tag-featured-news","14":"tag-featurednews","15":"tag-headlines","16":"tag-latest-news","17":"tag-latestnews","18":"tag-latvia","19":"tag-latvian","20":"tag-latviesu","21":"tag-latviesu-valoda","22":"tag-latviesuvaloda","23":"tag-latvija","24":"tag-latvijas-pilsoniba","25":"tag-lv","26":"tag-news","27":"tag-popularakas-zinas","28":"tag-popularakaszinas","29":"tag-saeima","30":"tag-top-stories","31":"tag-topstories","32":"tag-vitalijs-manskis","33":"tag-zinas"},"share_on_mastodon":{"url":"https:\/\/pubeurope.com\/@lv\/115760879596581762","error":""},"_links":{"self":[{"href":"https:\/\/www.europesays.com\/lv\/wp-json\/wp\/v2\/posts\/82430","targetHints":{"allow":["GET"]}}],"collection":[{"href":"https:\/\/www.europesays.com\/lv\/wp-json\/wp\/v2\/posts"}],"about":[{"href":"https:\/\/www.europesays.com\/lv\/wp-json\/wp\/v2\/types\/post"}],"author":[{"embeddable":true,"href":"https:\/\/www.europesays.com\/lv\/wp-json\/wp\/v2\/users\/2"}],"replies":[{"embeddable":true,"href":"https:\/\/www.europesays.com\/lv\/wp-json\/wp\/v2\/comments?post=82430"}],"version-history":[{"count":0,"href":"https:\/\/www.europesays.com\/lv\/wp-json\/wp\/v2\/posts\/82430\/revisions"}],"wp:featuredmedia":[{"embeddable":true,"href":"https:\/\/www.europesays.com\/lv\/wp-json\/wp\/v2\/media\/82431"}],"wp:attachment":[{"href":"https:\/\/www.europesays.com\/lv\/wp-json\/wp\/v2\/media?parent=82430"}],"wp:term":[{"taxonomy":"category","embeddable":true,"href":"https:\/\/www.europesays.com\/lv\/wp-json\/wp\/v2\/categories?post=82430"},{"taxonomy":"post_tag","embeddable":true,"href":"https:\/\/www.europesays.com\/lv\/wp-json\/wp\/v2\/tags?post=82430"}],"curies":[{"name":"wp","href":"https:\/\/api.w.org\/{rel}","templated":true}]}}