{"id":82476,"date":"2025-12-22T04:45:14","date_gmt":"2025-12-22T04:45:14","guid":{"rendered":"https:\/\/www.europesays.com\/lv\/82476\/"},"modified":"2025-12-22T04:45:14","modified_gmt":"2025-12-22T04:45:14","slug":"kooperacijai-laukos-nepieciesams-lielaks-atbalsts","status":"publish","type":"post","link":"https:\/\/www.europesays.com\/lv\/82476\/","title":{"rendered":"Kooper\u0101cijai laukos nepiecie\u0161ams liel\u0101ks atbalsts"},"content":{"rendered":"<p class=\"lead\">\n                                Aizvad\u012btais gads bijis izaicin\u0101jumu pilns. Bet izaicin\u0101jumi savuk\u0101rt sniedz v\u0113rt\u012bgas m\u0101c\u012bbstundas, kas liek non\u0101kt pie svar\u012bg\u0101m atzi\u0146\u0101m un praktiskiem l\u0113mumiem, kas b\u016btu j\u0101pie\u0146em, lai veiksm\u012bg\u0101k virz\u012btos uz priek\u0161u. &#8220;Agro Tops&#8221; \u0161\u0101gada laik\u0101 uzklaus\u012bjis ar\u012b daudz da\u017e\u0101du interesantu un v\u0113r\u0101 \u0146emamu viedok\u013cu, kurus, gadam nosl\u0113dzoties, \u0161\u0137iet, b\u016btu v\u0113rts atg\u0101din\u0101t. Lai ir v\u0113l k\u0101ds avots, no kura smelties atzi\u0146as.\n                            <\/p>\n<p>Rolands Feldmanis, LLKA valdes priek\u0161s\u0113d\u0113t\u0101js<\/p>\n<p>Gribam izc\u012bn\u012bt liel\u0101ku atbalsta intensit\u0101ti projektos. Esam izp\u0113t\u012bju\u0161i, ka, piem\u0113ram, p\u0101rstr\u0101des uz\u0146\u0113mums, kas nepieder kooperat\u012bvam, var sa\u0146emt liel\u0101ku atbalstu nek\u0101 kooperat\u012bvam piedero\u0161s. M\u016bsupr\u0101t, tas nav god\u012bgi. Kooperat\u012bvam, kam pieder sava p\u0101rstr\u0101de un kas t\u0101d\u0113j\u0101di veiksm\u012bg\u0101k var izpild\u012bt strat\u0113\u0123iju No lauka l\u012bdz galdam, b\u016btu j\u0101sa\u0146em liel\u0101ks atbalsts, kas \u013cautu strauj\u0101k att\u012bst\u012bties.\u00a0<\/p>\n<p>Dom\u0101ju, ar\u012b Latvijas pilso\u0146i b\u016btu gatavi lab\u0101k atbalst\u012bt viet\u0113jiem piena ra\u017eot\u0101jiem piedero\u0161u uz\u0146\u0113mumu, nevis t\u0101du, kam patiesais labuma guv\u0113js visp\u0101r nav Latvijas pilsonis. \u0160obr\u012bd p\u0101rstr\u0101des att\u012bst\u012bbas ierobe\u017eojo\u0161ais faktors ir kapit\u0101la un sara\u017eot\u0101s produkcijas apjoma tr\u016bkums. Tas noz\u012bm\u0113, ka kooperat\u012bvaj\u0101m sabiedr\u012bb\u0101m j\u0101k\u013c\u016bst liel\u0101k\u0101m, lai varam run\u0101t jau par m\u0113roga ekonomiku, dom\u0101t par savu kooperat\u012bvu z\u012bmolu un savas produkcijas stabilu vietu lielveikalu plauktos.<\/p>\n<blockquote>\n<p class=\"paragraph-small\">Vajadz\u0113tu pan\u0101kt liel\u0101ku atbalstu lauksaimniekiem, kuri vair\u0101k dom\u0101 par ilgtsp\u0113ju, iesaist\u0101s kooper\u0101cij\u0101, iesp\u0113jams, da\u017ebr\u012bd ar\u012b sa\u0146emot maz\u0101ku pe\u013c\u0146as da\u013cu, ta\u010du raug\u0101s uz savu saimnieko\u0161anu ilgtermi\u0146\u0101.\u00a0<\/p>\n<\/blockquote>\n<p>B\u016btu tikai god\u012bgi, ja vi\u0146iem b\u016btu k\u0101das priek\u0161roc\u012bbas, start\u0113jot da\u017e\u0101dos projektos. T\u0101d\u0101 veid\u0101 saimniec\u012bba stiprin\u0101tu savu kapacit\u0101ti, var\u0113tu sara\u017eot un p\u0101rdot vair\u0101k produkcijas, t\u0101d\u0113j\u0101di ar\u012b k\u013c\u016bstot efekt\u012bv\u0101ka.<\/p>\n<p>J\u0101pan\u0101k liel\u0101ks atbalsts tie\u0161i p\u0101rstr\u0101dei, kas pieder kooperat\u012bviem, jo tas l\u012bdzsvaro ekonomiku. Lauksaimniekiem ir iesp\u0113ja stabiliz\u0113t savus ien\u0101kumus, proti \u2013 kad izejvielu cena, piem\u0113ram, piena, ir zema, tad izdev\u012bgi ir piena p\u0101rstr\u0101d\u0101t\u0101jam, bet, kad augsta \u2013 piena ra\u017eot\u0101jam. Ja kooperat\u012bvam ir p\u0101rstr\u0101de, tad biedri ieg\u016bst jebkur\u0101 gad\u012bjum\u0101, un tas jau ir ilgtsp\u0113j\u012bgi.<\/p>\n<p class=\"paragraph-muted\">Izv\u0113lies savu soct\u012bklu platformu, lai sekotu LASI.LV: <a href=\"https:\/\/www.facebook.com\/portals.lasi.lv\" target=\"_blank\" rel=\"noopener noreferrer nofollow\">Facebook<\/a>, <a href=\"https:\/\/twitter.com\/lasilvportals\" target=\"_blank\" rel=\"noopener noreferrer nofollow\">X<\/a>, <a href=\"https:\/\/bsky.app\/profile\/lasilv.bsky.social\" target=\"_blank\" rel=\"noopener noreferrer nofollow\">Bluesky<\/a>, <a href=\"https:\/\/www.draugiem.lv\/lasilv\/?pg=4\" target=\"_blank\" rel=\"noopener noreferrer nofollow\">Draugiem<\/a> vai ar\u012b <a href=\"https:\/\/www.instagram.com\/lasilv_zinas\/\" target=\"_blank\" rel=\"noopener noreferrer nofollow\">Instagram<\/a>. Pievienojies m\u016bsu las\u012bt\u0101ju pulkam, lai sa\u0146emtu \u012bpa\u0161i tev atlas\u012btu noder\u012bgu, praktisku un aktu\u0101lu saturu.\u00a0<\/p>\n<p style=\"margin-left:auto;\">Pieraksties LASI.LV d\u0101rza darbu kalend\u0101ra v\u0113stkopai <a href=\"https:\/\/lasi.lv\/vestkopa\/darza-un-dabas-tematiska-iknedelas-vestkopa\" rel=\"nofollow noopener\" target=\"_blank\">\u0161eit<\/a>.<\/p>\n<p>Pieraksties v\u0113stkopai un reizi ned\u0113\u013c\u0101 sa\u0146em LASI.LV atlas\u012btus rakstus par d\u0101rza, dabas, recep\u0161u tematiku.<\/p>\n<p>Ko tu sa\u0146emsi:<\/p>\n<p>\ud83c\udf31 Noder\u012bgus padomus par d\u0101rza un m\u0101jas kop\u0161anu, aktu\u0101lo d\u0101rza darbu kalend\u0101ru<br \/>\ud83c\udf4f Sezon\u0101las un vesel\u012bgas receptes<br \/>\ud83d\udc3e Ieteikumus par m\u0101jdz\u012bvnieku apr\u016bpi<br \/>\ud83c\udf3f St\u0101stus par Latvijas dabu un vidi<br \/>\u2696\ufe0f Praktisku inform\u0101ciju par ties\u012bb\u0101m un ikdienas jaut\u0101jumiem<\/p>\n<p style=\"margin-left:auto;\">\u00a0<\/p>\n<p><script async src=\"https:\/\/platform.twitter.com\/widgets.js\" charset=\"utf-8\"><\/script><script async src=\"\/\/www.instagram.com\/embed.js\"><\/script><\/p>\n","protected":false},"excerpt":{"rendered":"Aizvad\u012btais gads bijis izaicin\u0101jumu pilns. Bet izaicin\u0101jumi savuk\u0101rt sniedz v\u0113rt\u012bgas m\u0101c\u012bbstundas, kas liek non\u0101kt pie svar\u012bg\u0101m atzi\u0146\u0101m un&hellip;\n","protected":false},"author":2,"featured_media":82477,"comment_status":"","ping_status":"","sticky":false,"template":"","format":"standard","meta":{"footnotes":""},"categories":[12],"tags":[23,28,29,32,33,22,30,31,35,39,38,36,37,34,40,20,26,27,24,25,21],"class_list":{"0":"post-82476","1":"post","2":"type-post","3":"status-publish","4":"format-standard","5":"has-post-thumbnail","7":"category-latvija","8":"tag-aktualitates","9":"tag-breaking-news","10":"tag-breakingnews","11":"tag-featured-news","12":"tag-featurednews","13":"tag-headlines","14":"tag-latest-news","15":"tag-latestnews","16":"tag-latvia","17":"tag-latvian","18":"tag-latviesu","19":"tag-latviesu-valoda","20":"tag-latviesuvaloda","21":"tag-latvija","22":"tag-lv","23":"tag-news","24":"tag-popularakas-zinas","25":"tag-popularakaszinas","26":"tag-top-stories","27":"tag-topstories","28":"tag-zinas"},"share_on_mastodon":{"url":"https:\/\/pubeurope.com\/@lv\/115761402525150178","error":""},"_links":{"self":[{"href":"https:\/\/www.europesays.com\/lv\/wp-json\/wp\/v2\/posts\/82476","targetHints":{"allow":["GET"]}}],"collection":[{"href":"https:\/\/www.europesays.com\/lv\/wp-json\/wp\/v2\/posts"}],"about":[{"href":"https:\/\/www.europesays.com\/lv\/wp-json\/wp\/v2\/types\/post"}],"author":[{"embeddable":true,"href":"https:\/\/www.europesays.com\/lv\/wp-json\/wp\/v2\/users\/2"}],"replies":[{"embeddable":true,"href":"https:\/\/www.europesays.com\/lv\/wp-json\/wp\/v2\/comments?post=82476"}],"version-history":[{"count":0,"href":"https:\/\/www.europesays.com\/lv\/wp-json\/wp\/v2\/posts\/82476\/revisions"}],"wp:featuredmedia":[{"embeddable":true,"href":"https:\/\/www.europesays.com\/lv\/wp-json\/wp\/v2\/media\/82477"}],"wp:attachment":[{"href":"https:\/\/www.europesays.com\/lv\/wp-json\/wp\/v2\/media?parent=82476"}],"wp:term":[{"taxonomy":"category","embeddable":true,"href":"https:\/\/www.europesays.com\/lv\/wp-json\/wp\/v2\/categories?post=82476"},{"taxonomy":"post_tag","embeddable":true,"href":"https:\/\/www.europesays.com\/lv\/wp-json\/wp\/v2\/tags?post=82476"}],"curies":[{"name":"wp","href":"https:\/\/api.w.org\/{rel}","templated":true}]}}