{"id":82480,"date":"2025-12-22T04:56:08","date_gmt":"2025-12-22T04:56:08","guid":{"rendered":"https:\/\/www.europesays.com\/lv\/82480\/"},"modified":"2025-12-22T04:56:08","modified_gmt":"2025-12-22T04:56:08","slug":"saisinats-darba-laiks-un-slegtas-durvis-ka-svetkos-stradas-veikali-un-tirdzniecibas-centri","status":"publish","type":"post","link":"https:\/\/www.europesays.com\/lv\/82480\/","title":{"rendered":"Sa\u012bsin\u0101ts darba laiks un sl\u0113gtas durvis. K\u0101 sv\u0113tkos str\u0101d\u0101s veikali un tirdzniec\u012bbas centri?"},"content":{"rendered":"<p>Ar\u012b \u201cMaxima\u201d pirc\u0113jus inform\u0113, ka 24., 25. un 31. decembr\u012b, veikali str\u0101d\u0101s ne p\u0113c ierast\u0101 darba laika. Savuk\u0101rt 26. decembr\u012b darba laiki netiks main\u012bti. 1. janv\u0101r\u012b visi veikali b\u016bs sl\u0113gti. Detaliz\u0113t\u0101k par sa\u012bsin\u0101tajiem darba laikiem, atsevi\u0161\u0137os \u201cMaxima\u201d veikalos, var skat\u012bt veikala m\u0101jaslap\u0101 \u201cwww.maxima.lv\u201d.<\/p>\n<p>Veikal\u0101 \u201cRimi\u201d, t\u0101pat k\u0101 Ziemassv\u0113tkos, ar\u012b 31. decembr\u012b un 1. janv\u0101r\u012b veikali str\u0101d\u0101s sa\u012bsin\u0101tu darba laiku un atsevi\u0161\u0137i veikali b\u016bs sl\u0113gti. Piem\u0113ram, Ziemassv\u0113tku vakar\u0101 liel\u0101k\u0101 da\u013ca veikalu str\u0101d\u0101s l\u012bdz plkst. 20.00, t\u0101pat 1. janv\u0101r\u012b veikali darbu s\u0101ks v\u0113l\u0101k no 11.00. \u201cRimi\u201d nor\u0101da, ka analiz\u0113jot veikala pl\u016bsmu no p\u0113rnajiem gadiem, darba laiki piel\u0101goti un at\u0161\u0137iras katram veikalam, tie atrodami \u201cRimi\u201d m\u0101jas lap\u0101 \u201cwww.rimi.lv\u201d.<\/p>\n<p>Veikal\u0101 \u201cTop\u201d darba laika sa\u012bsin\u0101jumi vis\u0101 veikala t\u012bkl\u0101 b\u016bs par 2,3 stund\u0101m at\u0161\u0137ir\u012bgi k\u0101 ierasti. 1.janv\u0101r\u012b da\u013ca veikalu b\u016bs sl\u0113gti, atsevi\u0161\u0137i veikali str\u0101d\u0101s, tos var skat\u012bt m\u0101jaslap\u0101 \u201cetop.lv\u201d.<\/p>\n<p>K\u0101 str\u0101d\u0101s tirdzniec\u012bbas centri?<\/p>\n<p>Tirdzniec\u012bbas centrs \u201cDomina Shopping\u201d, 24. decembr\u012b b\u016bs atv\u0113rts no plkst.10.00 l\u012bdz 19.00. 25.decembr\u012b no plkst.12.00 l\u012bdz 19.00. 26.decembr\u012b iepirk\u0161an\u0101s centrs str\u0101d\u0101s bez izmai\u0146\u0101m, savuk\u0101rt 1. janv\u0101r\u012b sl\u0113gts.<\/p>\n<p>\u201cAKROPOLE\u201d nor\u0101da, ka sv\u0113tku laik\u0101 gaid\u0101mas darba laika izmai\u0146as, bet 1. janv\u0101r\u012b abi iepirk\u0161an\u0101s centri b\u016bs da\u013c\u0113ji sl\u0113gti. Bet iepirk\u0161an\u0101s centru \u201cAKROPOLE Alfa\u201d un \u201cAKROPOLE R\u012bga\u201d \u00a024.decembr\u012b str\u0101d\u0101s no plkst.10.00 l\u012bdz 20.00. 25.decembr\u012b no 12.00 l\u012bdz 21.00.\u00a0 31. decembr\u012b no plkst.10.00 l\u012bdz 20.00 un 1. janv\u0101r\u012b iepirk\u0161an\u0101s centri b\u016bs da\u013c\u0113ji sl\u0113gti un darbosies tikai atsevi\u0161\u0137u kategoriju veikali un pakalpojumu snieg\u0161anas vietas.<\/p>\n<p class=\"ad-desc ad-desc-main\">Saturs turpin\u0101s p\u0113c rekl\u0101mas<\/p>\n<p class=\"ad-desc ad-desc-sec\">Rekl\u0101ma<\/p>\n<p>Tirdzniec\u012bbas centrs \u201cRiga Plaza\u201d, sv\u0113tkos ar\u012b str\u0101d\u0101s p\u0113c sa\u012bsin\u0101ta darba laika. 24.decembr\u012b no plkst.10.00 l\u012bdz 19.00. 25. un 26. decembr\u012b no plkst.10.00 l\u012bdz 21.00. 1.janv\u0101r\u012b centrs b\u016bs sl\u0113gts.<\/p>\n<p>\u201cGalleria Riga\u201d darba laiks veikaliem at\u0161\u0137irsies no ikdien\u0101 ierast\u0101. Veikali str\u0101d\u0101s divas l\u012bdz tr\u012bs stundas maz\u0101k. 24.decembr\u012b veikali str\u0101d\u0101s no plkst.10.00 \u2013 17.00, 25. decemrb\u012b no plkst. 12.00 \u2013 19.00. 26.decembr\u012b no plkst. 12.00 \u2013 19.00 un 1. janv\u0101r\u012b visi veikali, iz\u0146emot \u201cRimi\u201d, b\u016bs sl\u0113gti. Atsevi\u0161\u0137as pakalpojumu snieg\u0161anas vietu darba laiki at\u0161\u0137irsies.<\/p>\n<p>Ar\u012b \u201cSpice\u201d sv\u0113tkos str\u0101d\u0101s p\u0113c at\u0161\u0137ir\u012bga laika. 24., 25. un 31. decembr\u012b no plkst.8.00 l\u012bdz 16.00. 26.decembr\u012b no plkst.8.00 l\u012bdz 21.00. K\u0101 ar\u012b 1. janv\u0101ri veikals b\u016bs sl\u0113gts.<\/p>\n<p>T\u0101pat ar\u012b tirdzniec\u012bbas centram \u201cOrigo\u201d sv\u0113tkos main\u012bti darba laiki, 24. decembr\u012b b\u016bs atv\u0113rts no plkst. 10.00 l\u012bdz 19.00. 25. un 31.decembr\u012b no plkst. 10.00 \u2013 20.00. 26.decembr\u012b no plkst. 10.00 \u2013 21.00. 1.janv\u0101r\u012b liel\u0101k\u0101 da\u013ca veikalu b\u016bs sl\u0113gti.<\/p>\n<p class=\"tv3-fw-500\">Zi\u0146o par k\u013c\u016bdu rakst\u0101<\/p>\n<p class=\"d-md-block d-none\">Iez\u012bm\u0113 k\u013c\u016bdaino tekstu un spied Ctrl+Enter.<\/p>\n<p class=\"d-md-none d-block\">Iez\u012bm\u0113 k\u013c\u016bdaino tekstu un zi\u0146o par to!<\/p>\n","protected":false},"excerpt":{"rendered":"Ar\u012b \u201cMaxima\u201d pirc\u0113jus inform\u0113, ka 24., 25. un 31. decembr\u012b, veikali str\u0101d\u0101s ne p\u0113c ierast\u0101 darba laika. Savuk\u0101rt&hellip;\n","protected":false},"author":2,"featured_media":82481,"comment_status":"","ping_status":"","sticky":false,"template":"","format":"standard","meta":{"footnotes":""},"categories":[12],"tags":[23,28,29,32,33,22,30,31,35,39,38,36,37,34,20864,40,20,26,27,24,25,21],"class_list":{"0":"post-82480","1":"post","2":"type-post","3":"status-publish","4":"format-standard","5":"has-post-thumbnail","7":"category-latvija","8":"tag-aktualitates","9":"tag-breaking-news","10":"tag-breakingnews","11":"tag-featured-news","12":"tag-featurednews","13":"tag-headlines","14":"tag-latest-news","15":"tag-latestnews","16":"tag-latvia","17":"tag-latvian","18":"tag-latviesu","19":"tag-latviesu-valoda","20":"tag-latviesuvaloda","21":"tag-latvija","22":"tag-lidlmaximarimiziemassvetki","23":"tag-lv","24":"tag-news","25":"tag-popularakas-zinas","26":"tag-popularakaszinas","27":"tag-top-stories","28":"tag-topstories","29":"tag-zinas"},"share_on_mastodon":{"url":"https:\/\/pubeurope.com\/@lv\/115761445801192344","error":""},"_links":{"self":[{"href":"https:\/\/www.europesays.com\/lv\/wp-json\/wp\/v2\/posts\/82480","targetHints":{"allow":["GET"]}}],"collection":[{"href":"https:\/\/www.europesays.com\/lv\/wp-json\/wp\/v2\/posts"}],"about":[{"href":"https:\/\/www.europesays.com\/lv\/wp-json\/wp\/v2\/types\/post"}],"author":[{"embeddable":true,"href":"https:\/\/www.europesays.com\/lv\/wp-json\/wp\/v2\/users\/2"}],"replies":[{"embeddable":true,"href":"https:\/\/www.europesays.com\/lv\/wp-json\/wp\/v2\/comments?post=82480"}],"version-history":[{"count":0,"href":"https:\/\/www.europesays.com\/lv\/wp-json\/wp\/v2\/posts\/82480\/revisions"}],"wp:featuredmedia":[{"embeddable":true,"href":"https:\/\/www.europesays.com\/lv\/wp-json\/wp\/v2\/media\/82481"}],"wp:attachment":[{"href":"https:\/\/www.europesays.com\/lv\/wp-json\/wp\/v2\/media?parent=82480"}],"wp:term":[{"taxonomy":"category","embeddable":true,"href":"https:\/\/www.europesays.com\/lv\/wp-json\/wp\/v2\/categories?post=82480"},{"taxonomy":"post_tag","embeddable":true,"href":"https:\/\/www.europesays.com\/lv\/wp-json\/wp\/v2\/tags?post=82480"}],"curies":[{"name":"wp","href":"https:\/\/api.w.org\/{rel}","templated":true}]}}