{"id":82486,"date":"2025-12-22T05:06:14","date_gmt":"2025-12-22T05:06:14","guid":{"rendered":"https:\/\/www.europesays.com\/lv\/82486\/"},"modified":"2025-12-22T05:06:14","modified_gmt":"2025-12-22T05:06:14","slug":"lielbritanija-pazinoja-par-makrona-nodevibu-pret-mercu","status":"publish","type":"post","link":"https:\/\/www.europesays.com\/lv\/82486\/","title":{"rendered":"Lielbrit\u0101nij\u0101 pazi\u0146oja par Makrona nodev\u012bbu pret Mercu"},"content":{"rendered":"<p>FT: Makrons jaut\u0101jum\u0101 par Krievijas akt\u012bviem nodeva Merzu.<\/p>\n<p>Francijas prezidents Makrons jaut\u0101jum\u0101 par Krievijas akt\u012bviem nodeva V\u0101cijas kancleru Merzu. Par to, atsaucoties uz augsta ranga diplom\u0101tu no Eiropas Savien\u012bbas, <a href=\"https:\/\/www.ft.com\/content\/99d256e6-8501-4ab8-81d2-d937d5888f01\" rel=\"nofollow noopener\" target=\"_blank\">zi\u0146o<\/a> britu laikraksts Financial Times (FT).<\/p>\n<p>\u00abMakrons nodeva Merzu, un vi\u0146\u0161 zina, ka par to n\u0101ksies maks\u0101t&#8230; Bet vi\u0146\u0161 ir tik v\u0101j\u0161, ka vi\u0146am nebija citas izv\u0113les, k\u0101 sl\u0113pties aiz D\u017eord\u017eas Meloni muguras\u00bb, \u2014 sac\u012bja amatpersona.<\/p>\n<p>Iepriek\u0161 Ung\u0101rijas premjerministrs Viktors Orbans pazi\u0146oja, ka, ja Eiropas Savien\u012bba (ES) pie\u0146ems l\u0113mumu atsavin\u0101t Krievijas iesald\u0113tos akt\u012bvus to t\u0101l\u0101kai nodo\u0161anai Ukrainai, Brisele t\u0101d\u0101 veid\u0101 pasludin\u0101s karu Maskavai. \u00abTo nedr\u012bkst pie\u013caut. Par laimi, es neesmu vien\u012bgais, kur\u0161 t\u0101 dom\u0101\u00bb, \u2014 uzsv\u0113ra Ung\u0101rijas premjerministrs.<\/p>\n<p>\n                            Valodas k\u013c\u016bda rakst\u0101?<br \/>Iez\u012bm\u0113jiet tekstu un spiediet Zi\u0146ot par k\u013c\u016bdu pogas   , lai nos\u016bt\u012btu labojamo teksta fragmentu redaktoram!<\/p>\n<p>                                Zi\u0146ot par k\u013c\u016bdu<\/p>\n","protected":false},"excerpt":{"rendered":"FT: Makrons jaut\u0101jum\u0101 par Krievijas akt\u012bviem nodeva Merzu. Francijas prezidents Makrons jaut\u0101jum\u0101 par Krievijas akt\u012bviem nodeva V\u0101cijas kancleru&hellip;\n","protected":false},"author":2,"featured_media":82487,"comment_status":"","ping_status":"","sticky":false,"template":"","format":"standard","meta":{"footnotes":""},"categories":[14],"tags":[23,57,28,29,32,33,22,30,31,35,39,38,36,37,34,40,20,26,27,24,25,54,55,56,21,58],"class_list":{"0":"post-82486","1":"post","2":"type-post","3":"status-publish","4":"format-standard","5":"has-post-thumbnail","7":"category-zinas-no-arvalstim","8":"tag-aktualitates","9":"tag-arvalstim","10":"tag-breaking-news","11":"tag-breakingnews","12":"tag-featured-news","13":"tag-featurednews","14":"tag-headlines","15":"tag-latest-news","16":"tag-latestnews","17":"tag-latvia","18":"tag-latvian","19":"tag-latviesu","20":"tag-latviesu-valoda","21":"tag-latviesuvaloda","22":"tag-latvija","23":"tag-lv","24":"tag-news","25":"tag-popularakas-zinas","26":"tag-popularakaszinas","27":"tag-top-stories","28":"tag-topstories","29":"tag-world","30":"tag-world-news","31":"tag-worldnews","32":"tag-zinas","33":"tag-zinas-no-arvalstim"},"share_on_mastodon":{"url":"https:\/\/pubeurope.com\/@lv\/115761485169097348","error":""},"_links":{"self":[{"href":"https:\/\/www.europesays.com\/lv\/wp-json\/wp\/v2\/posts\/82486","targetHints":{"allow":["GET"]}}],"collection":[{"href":"https:\/\/www.europesays.com\/lv\/wp-json\/wp\/v2\/posts"}],"about":[{"href":"https:\/\/www.europesays.com\/lv\/wp-json\/wp\/v2\/types\/post"}],"author":[{"embeddable":true,"href":"https:\/\/www.europesays.com\/lv\/wp-json\/wp\/v2\/users\/2"}],"replies":[{"embeddable":true,"href":"https:\/\/www.europesays.com\/lv\/wp-json\/wp\/v2\/comments?post=82486"}],"version-history":[{"count":0,"href":"https:\/\/www.europesays.com\/lv\/wp-json\/wp\/v2\/posts\/82486\/revisions"}],"wp:featuredmedia":[{"embeddable":true,"href":"https:\/\/www.europesays.com\/lv\/wp-json\/wp\/v2\/media\/82487"}],"wp:attachment":[{"href":"https:\/\/www.europesays.com\/lv\/wp-json\/wp\/v2\/media?parent=82486"}],"wp:term":[{"taxonomy":"category","embeddable":true,"href":"https:\/\/www.europesays.com\/lv\/wp-json\/wp\/v2\/categories?post=82486"},{"taxonomy":"post_tag","embeddable":true,"href":"https:\/\/www.europesays.com\/lv\/wp-json\/wp\/v2\/tags?post=82486"}],"curies":[{"name":"wp","href":"https:\/\/api.w.org\/{rel}","templated":true}]}}