{"id":82488,"date":"2025-12-22T05:13:14","date_gmt":"2025-12-22T05:13:14","guid":{"rendered":"https:\/\/www.europesays.com\/lv\/82488\/"},"modified":"2025-12-22T05:13:14","modified_gmt":"2025-12-22T05:13:14","slug":"latvijas-televizija-tapusi-filma-par-izcilo-aktrisi-antru-liedskalninu-lr1-latvijas-radio","status":"publish","type":"post","link":"https:\/\/www.europesays.com\/lv\/82488\/","title":{"rendered":"Latvijas Telev\u012bzij\u0101 tapusi filma par izcilo aktrisi Antru Liedskalni\u0146u \/ LR1 \/ \/ Latvijas Radio"},"content":{"rendered":"<p><a href=\"https:\/\/mapp.latvijasradio.lv\/shared-broadcast?b=237&amp;url=http:\/\/latvijasradio.lsm.lv\/lv\/lr1\/raidijumi\/labriit\/\" target=\"_blank\" rel=\"nofollow noopener\"><img decoding=\"async\" alt=\"Latvijas radio lietotnes logo\" src=\"https:\/\/www.europesays.com\/lv\/wp-content\/uploads\/2025\/12\/1766380394_495_LR_pod poga.png\" style=\"width: 140px; height: 38px;\"\/><\/a><\/p>\n<p>Sav\u0101s lab\u0101kaj\u0101s lom\u0101s vi\u0146a bija k\u0101 no m\u0113nesgaismas rad\u012bta \u2013 \u0161\u012b ir viena no atzi\u0146\u0101m, kas izskan jaunaj\u0101 Latvijas Telev\u012bzijas dokument\u0101laj\u0101 film\u0101 par izcilo aktrisi Antru Liedskalni\u0146u.\u00a0Filmas autori ir re\u017eisors Guntis L\u0113manis un scen\u0101riste Ilze Strenga, kuri izveidoju\u0161i daudzpus\u012bgu st\u0101stu gan par aktrises fenomen\u0101lo talantu, gan vi\u0146as person\u012bbas pretrun\u0101m un vi\u0146as atst\u0101taj\u0101m p\u0113d\u0101m te\u0101tra un kino m\u0101ksl\u0101.<\/p>\n<p>Antrai Liedskalni\u0146ai \u0161ogad b\u016btu aprit\u0113ju\u0161i 95 gadi, m\u016b\u017e\u012bb\u0101 vi\u0146a aizg\u0101ja pirms 25 gadiem neilgi pirms savas 70. jubilejas. Filmas \u201dAntra Liedskalni\u0146a. Kaisl\u012bbu var\u0101\u201d pirmizr\u0101de Latvijas Telev\u012bzij\u0101 b\u016bs skat\u0101ma 23. decembr\u012b.\u00a0<\/p>\n<p>Dzeja Antras Liedskalni\u0146as las\u012bjum\u0101, fragmenti no lom\u0101m un intervij\u0101m ar vi\u0146u film\u0101 mijas ar vi\u0146as laikabiedru atmi\u0146\u0101m. Taj\u0101s dal\u0101s vi\u0146as kol\u0113\u0123i \u2013 aktieri un re\u017eisori, vi\u0146as m\u0101sas meita, vi\u0146as \u0101rste un citi.<\/p>\n<p>Ir jau 25 gadi, kop\u0161 vi\u0146as nav m\u016bsu vid\u016b, un t\u0101 ir pietiekama distance, lai nu jau ar \u0161odienas ac\u012bm atkal pal\u016bkotos uz vi\u0146as devumu \u2013 uzskata re\u017eisors Guntis L\u0113manis.<\/p>\n<p>Blan\u0161as loma \u201dIlgu tramvaj\u0101\u201d Alfreda Jaunu\u0161ana iestud\u0113jum\u0101 ir viens no filmas caurviju mot\u012bviem. Iestud\u0113jums uz skatuves bija veselus divpadsmit gadus, Blan\u0161as t\u0113ls bija radniec\u012bgs pa\u0161as Liedskalni\u0146as emocion\u0101li trauslajai iek\u0161\u0113jai pasaulei, un katra izr\u0101de no vi\u0146as pras\u012bja visu gar\u012bgo un fizisko sp\u0113ku ziedo\u0161anu.<\/p>\n<p>Filma atkl\u0101j aktrises dzimtas st\u0101stu, kas ir \u013coti spilgts un v\u0113rien\u012bgs, p\u0113ta vi\u0146as apbr\u012bnojamo talantu, nevair\u0101s ar\u012b piemin\u0113t vi\u0146as posto\u0161o atkar\u012bbu no alkohola, ta\u010du filmas emocion\u0101lais centrs ir aktrises ilgas p\u0113c m\u012blest\u012bbas, p\u0113c \u012bstas m\u012blest\u012bbas dz\u012bv\u0113, ne tikai uz skatuves, vi\u0146as divas laul\u012bbas bija tra\u0123iskas un nepiepild\u012btas.<\/p>\n<p>Filmas kop\u0113jo inton\u0101ciju Guntis L\u0113manis raksturo k\u0101 apcer\u012bgi melanholisku, nedaudz smeldz\u012bgu, bet kopum\u0101 gai\u0161u.<\/p>\n<p>No kol\u0113\u0123u vidus film\u0101 par aktrisi atmi\u0146\u0101s dal\u0101s re\u017eisori Edmunds Freibergs un P\u0113teris Krilovs, aktieri Uldis Dumpis, Lolita Cauka, Juris Hir\u0161s, Juris Lisners, L\u0101sma Kugr\u0113na un te\u0101tra zin\u0101tniece Rita Melnace.<\/p>\n<p style=\"display: inline;\">\n<p>    Latvijas Radio aicina izteikt savu viedokli par raid\u012bjum\u0101 dzird\u0113to un atbalsta diskusijas klaus\u012bt\u0101ju starp\u0101, tom\u0113r patur ties\u012bbas dz\u0113st koment\u0101rus, kas p\u0101rk\u0101pj cie\u0146pilnas attieksmes un \u0113tiskas r\u012bc\u012bbas robe\u017eas.<\/p>\n","protected":false},"excerpt":{"rendered":"Sav\u0101s lab\u0101kaj\u0101s lom\u0101s vi\u0146a bija k\u0101 no m\u0113nesgaismas rad\u012bta \u2013 \u0161\u012b ir viena no atzi\u0146\u0101m, kas izskan jaunaj\u0101&hellip;\n","protected":false},"author":2,"featured_media":82489,"comment_status":"","ping_status":"","sticky":false,"template":"","format":"standard","meta":{"footnotes":""},"categories":[19],"tags":[89,90,35,39,38,36,37,34,40],"class_list":{"0":"post-82488","1":"post","2":"type-post","3":"status-publish","4":"format-standard","5":"has-post-thumbnail","7":"category-izklaide","8":"tag-entertainment","9":"tag-izklaide","10":"tag-latvia","11":"tag-latvian","12":"tag-latviesu","13":"tag-latviesu-valoda","14":"tag-latviesuvaloda","15":"tag-latvija","16":"tag-lv"},"share_on_mastodon":{"url":"https:\/\/pubeurope.com\/@lv\/115761512759471479","error":""},"_links":{"self":[{"href":"https:\/\/www.europesays.com\/lv\/wp-json\/wp\/v2\/posts\/82488","targetHints":{"allow":["GET"]}}],"collection":[{"href":"https:\/\/www.europesays.com\/lv\/wp-json\/wp\/v2\/posts"}],"about":[{"href":"https:\/\/www.europesays.com\/lv\/wp-json\/wp\/v2\/types\/post"}],"author":[{"embeddable":true,"href":"https:\/\/www.europesays.com\/lv\/wp-json\/wp\/v2\/users\/2"}],"replies":[{"embeddable":true,"href":"https:\/\/www.europesays.com\/lv\/wp-json\/wp\/v2\/comments?post=82488"}],"version-history":[{"count":0,"href":"https:\/\/www.europesays.com\/lv\/wp-json\/wp\/v2\/posts\/82488\/revisions"}],"wp:featuredmedia":[{"embeddable":true,"href":"https:\/\/www.europesays.com\/lv\/wp-json\/wp\/v2\/media\/82489"}],"wp:attachment":[{"href":"https:\/\/www.europesays.com\/lv\/wp-json\/wp\/v2\/media?parent=82488"}],"wp:term":[{"taxonomy":"category","embeddable":true,"href":"https:\/\/www.europesays.com\/lv\/wp-json\/wp\/v2\/categories?post=82488"},{"taxonomy":"post_tag","embeddable":true,"href":"https:\/\/www.europesays.com\/lv\/wp-json\/wp\/v2\/tags?post=82488"}],"curies":[{"name":"wp","href":"https:\/\/api.w.org\/{rel}","templated":true}]}}