{"id":82494,"date":"2025-12-22T05:26:08","date_gmt":"2025-12-22T05:26:08","guid":{"rendered":"https:\/\/www.europesays.com\/lv\/82494\/"},"modified":"2025-12-22T05:26:08","modified_gmt":"2025-12-22T05:26:08","slug":"decembra-beigas-iedzivotajiem-varetu-atvert-mukusalas-ielas-krasta-promenadi-dienas-bizness","status":"publish","type":"post","link":"https:\/\/www.europesays.com\/lv\/82494\/","title":{"rendered":"Decembra beig\u0101s iedz\u012bvot\u0101jiem var\u0113tu atv\u0113rt M\u016bkusalas ielas krasta promen\u0101di :: Dienas Bizness"},"content":{"rendered":"<p class=\"text-font font-size--text-xlarge margin-3--bottom font-weight--bold padding-1--top\">Decembra beig\u0101s iedz\u012bvot\u0101jiem var\u0113tu atv\u0113rt M\u016bkusalas ielas krasta promen\u0101di, a\u0123ent\u016bra LETA uzzin\u0101ja R\u012bgas dom\u0113.<\/p>\n<p class=\"text-font font-size--text-xlarge margin-3--bottom\">Krasta promen\u0101des p\u0101rb\u016bves darbi nosl\u0113dz\u0101s b\u016bvniec\u012bbas l\u012bgum\u0101 noteiktaj\u0101 termi\u0146\u0101 \u0161\u012b gada decembr\u012b.<\/p>\n<p class=\"text-font font-size--text-xlarge margin-3--bottom\">Pa\u0161laik notiekot ekspluat\u0101cij\u0101 nodo\u0161anas process.<\/p>\n<p class=\"text-font font-size--text-xlarge margin-3--bottom\">Tikl\u012bdz objekts tiks nodots ekspluat\u0101cij\u0101 un b\u016bvdarbu veic\u0113js izpild\u012bs visas saist\u012bbas, t\u0101 promen\u0101de b\u016bs pieejama iedz\u012bvotajiem.<\/p>\n<p class=\"text-font font-size--text-xlarge margin-3--bottom\">Pl\u0101nots, ka objekts tiks atv\u0113rts lieto\u0161anai l\u012bdz decembra beig\u0101m.<\/p>\n<p class=\"text-font font-size--text-xlarge margin-3--bottom\">K\u0101 zi\u0146ots, M\u016bkusalas ielas krastmalas rekonstrukcija tika s\u0101kta 2023. gada decembr\u012b un ir viens no liel\u0101kajiem R\u012bgas pa\u0161vald\u012bbas invest\u012bciju projektiem pils\u0113tas infrastrukt\u016bras atjauno\u0161anai.<\/p>\n<p class=\"text-font font-size--text-xlarge margin-3--bottom\">Veicot M\u016bkusalas krasta promen\u0101des p\u0101rb\u016bvi, pa\u0161vald\u012bbas m\u0113r\u0137is ir att\u012bst\u012bt Daugavas krastmalu par vizu\u0101li pievilc\u012bgu, modernu un labiek\u0101rtotu promen\u0101di, kur\u0101 b\u016bs pat\u012bkami un dro\u0161i uztur\u0113ties gan r\u012bdziniekiem, gan R\u012bgas viesiem.<\/p>\n<p class=\"text-font font-size--text-xlarge margin-3--bottom\">B\u016bvdarbu laik\u0101 rekonstru\u0113ta M\u016bkusalas ielas krastmala 2,3 kilometru garum\u0101, nostiprin\u0101ta Daugavas krastmala, izb\u016bv\u0113ta g\u0101j\u0113ju un veloinfrastrukt\u016bra, atjaunotas in\u017eenierkomunik\u0101cijas un labiek\u0101rtota vide.<\/p>\n<p class=\"text-font font-size--text-xlarge margin-3--bottom\">B\u016bvdarbus veic SIA &#8220;Tilts&#8221;. Kop\u0113jais M\u016bkusalas ielas krastmalas nostiprin\u0101\u0161anai un saist\u012bt\u0101s infrastrukt\u016bras b\u016bvniec\u012bbai pl\u0101notais finans\u0113jums ir ap 20 miljoniem eiro bez pievienot\u0101s v\u0113rt\u012bbas nodok\u013ca. 85% no izmaks\u0101m tiks finans\u0113ti ar Valsts kases aizdevumu, bet 15% ir R\u012bgas pa\u0161vald\u012bbas finans\u0113jums.<\/p>\n","protected":false},"excerpt":{"rendered":"Decembra beig\u0101s iedz\u012bvot\u0101jiem var\u0113tu atv\u0113rt M\u016bkusalas ielas krasta promen\u0101di, a\u0123ent\u016bra LETA uzzin\u0101ja R\u012bgas dom\u0113. Krasta promen\u0101des p\u0101rb\u016bves darbi&hellip;\n","protected":false},"author":2,"featured_media":82495,"comment_status":"","ping_status":"","sticky":false,"template":"","format":"standard","meta":{"footnotes":""},"categories":[12],"tags":[23,869,77,870,28,29,867,32,33,22,30,31,35,39,38,36,37,34,871,868,40,20,26,27,24,25,21],"class_list":{"0":"post-82494","1":"post","2":"type-post","3":"status-publish","4":"format-standard","5":"has-post-thumbnail","7":"category-latvija","8":"tag-aktualitates","9":"tag-biznesa-zinas","10":"tag-bizness","11":"tag-bizness-latvija","12":"tag-breaking-news","13":"tag-breakingnews","14":"tag-dienas-zinas","15":"tag-featured-news","16":"tag-featurednews","17":"tag-headlines","18":"tag-latest-news","19":"tag-latestnews","20":"tag-latvia","21":"tag-latvian","22":"tag-latviesu","23":"tag-latviesu-valoda","24":"tag-latviesuvaloda","25":"tag-latvija","26":"tag-latvijas-biznesa-zinas","27":"tag-latvijas-zinas","28":"tag-lv","29":"tag-news","30":"tag-popularakas-zinas","31":"tag-popularakaszinas","32":"tag-top-stories","33":"tag-topstories","34":"tag-zinas"},"share_on_mastodon":{"url":"https:\/\/pubeurope.com\/@lv\/115761563790710484","error":""},"_links":{"self":[{"href":"https:\/\/www.europesays.com\/lv\/wp-json\/wp\/v2\/posts\/82494","targetHints":{"allow":["GET"]}}],"collection":[{"href":"https:\/\/www.europesays.com\/lv\/wp-json\/wp\/v2\/posts"}],"about":[{"href":"https:\/\/www.europesays.com\/lv\/wp-json\/wp\/v2\/types\/post"}],"author":[{"embeddable":true,"href":"https:\/\/www.europesays.com\/lv\/wp-json\/wp\/v2\/users\/2"}],"replies":[{"embeddable":true,"href":"https:\/\/www.europesays.com\/lv\/wp-json\/wp\/v2\/comments?post=82494"}],"version-history":[{"count":0,"href":"https:\/\/www.europesays.com\/lv\/wp-json\/wp\/v2\/posts\/82494\/revisions"}],"wp:featuredmedia":[{"embeddable":true,"href":"https:\/\/www.europesays.com\/lv\/wp-json\/wp\/v2\/media\/82495"}],"wp:attachment":[{"href":"https:\/\/www.europesays.com\/lv\/wp-json\/wp\/v2\/media?parent=82494"}],"wp:term":[{"taxonomy":"category","embeddable":true,"href":"https:\/\/www.europesays.com\/lv\/wp-json\/wp\/v2\/categories?post=82494"},{"taxonomy":"post_tag","embeddable":true,"href":"https:\/\/www.europesays.com\/lv\/wp-json\/wp\/v2\/tags?post=82494"}],"curies":[{"name":"wp","href":"https:\/\/api.w.org\/{rel}","templated":true}]}}