{"id":82502,"date":"2025-12-22T05:42:26","date_gmt":"2025-12-22T05:42:26","guid":{"rendered":"https:\/\/www.europesays.com\/lv\/82502\/"},"modified":"2025-12-22T05:42:26","modified_gmt":"2025-12-22T05:42:26","slug":"parmainas-un-ieguvumi-kurzemnieks-lv","status":"publish","type":"post","link":"https:\/\/www.europesays.com\/lv\/82502\/","title":{"rendered":"p\u0101rmai\u0146as un ieguvumi \u2013 Kurzemnieks.lv"},"content":{"rendered":"<p class=\"has-very-light-gray-to-cyan-bluish-gray-gradient-background has-background\">\u0160oreiz\u00a0Kurzemnieka\u00a0publik\u0101ciju s\u0113rij\u0101\u00a0Izp\u0113ti, izgaismo, risini!\u00a0\u2013 par to, ko noz\u012bm\u0113 \u012bpa\u0161ais Kuld\u012bgas vecpils\u0113tas likums, k\u0101p\u0113c t\u0101ds vajadz\u012bgs un ar ko j\u0101r\u0113\u0137in\u0101s \u0113ku \u012bpa\u0161niekiem un iedz\u012bvot\u0101jiem.<\/p>\n<p>Kuld\u012bgas vecpils\u0113tai, kas iek\u013cauta UNESCO Pasaules mantojuma sarakst\u0101, Saeim\u0101 tiek virz\u012bts speci\u0101ls likums, kura m\u0113r\u0137is ir \u0161\u012bs vietas univers\u0101l\u0101s v\u0113rt\u012bbas aizsarg\u0101t nacion\u0101l\u0101 l\u012bmen\u012b. Lai gan Kuld\u012bgas kult\u016brv\u0113sturisk\u0101s v\u0113rt\u012bbas jau sarg\u0101tas ar viet\u0113jiem un visp\u0101r\u0113jiem normat\u012bviem, UNESCO pie\u0161\u0137irtais statuss uzdod valstij saglab\u0101\u0161anas principus nostiprin\u0101t juridiski prec\u012bzi. Likums rad\u012bs vienotu k\u0101rt\u012bbu, kas gan \u012bpa\u0161niekiem, gan pa\u0161vald\u012bbai pal\u012bdz\u0113tu v\u0113sturisko vidi ilgsto\u0161i uztur\u0113t un veidot, vienlaikus pasarg\u0101jot no neatbilsto\u0161as pieejas vai liela m\u0113roga projektu negat\u012bv\u0101s ietekmes. Kuld\u012bgas novada pa\u0161vald\u012bbas b\u016bvniec\u012bbas noda\u013cas vad\u012bt\u0101ja JANA J\u0100KOBSONE skaidro, k\u0101das p\u0101rmai\u0146as likums nes\u012bs iedz\u012bvot\u0101jiem, uz\u0146\u0113mumiem, projekt\u0113t\u0101jiem un pils\u0113tas p\u0101rvald\u012bbai.<\/p>\n<p><img loading=\"lazy\" decoding=\"async\" width=\"1024\" height=\"768\" src=\"https:\/\/www.europesays.com\/lv\/wp-content\/uploads\/2025\/12\/jana-1-1024x768.jpg\" alt=\"Jana 1\" class=\"wp-image-23921\"  \/>Kuld\u012bgas novada pa\u0161vald\u012bbas b\u016bvniec\u012bbas noda\u013cas vad\u012bt\u0101ja Jana J\u0101kobsone: \u201eM\u0113r\u0137tiec\u012bga Kuld\u012bgas vecpils\u0113tas likuma izstr\u0101de ilgst vair\u0101k nek\u0101 desmit gadus \u2013 ir biju\u0161i starptautiski p\u0113t\u012bjumi, ieg\u016bts pasaules mantojuma vietas statuss, defin\u0113tas v\u0113rt\u012bbas. Tagad ir \u012bstais br\u012bdis t\u0101s nostiprin\u0101t likum\u0101, jo t\u0101s ir skaidras. Pasaules mantojuma centrs jau devis nor\u0101d\u012bjumu Latvijas valstij nepie\u013caut jaunu, pla\u0161u ietekmi uz mantojuma vietu, un t\u0101 ir valsts, nevis pa\u0161vald\u012bbas atbild\u012bba.\u201d<\/p>\n<p>Kas \u0161o likumu izstr\u0101d\u0101ja? K\u0101p\u0113c t\u0101ds vajadz\u012bgs?<\/p>\n<p>Likuma izstr\u0101de s\u0101k\u0101s jau 2014. gad\u0101 p\u0113c nacion\u0101l\u0101s nomin\u0101cijas iesnieg\u0161anas UNESCO aizsardz\u012bbai. Izstr\u0101d\u0101ja pa\u0161vald\u012bbas darbinieki kop\u0101 ar Saeimas juridisko biroju, normas preciz\u0113jot sadarb\u012bb\u0101 ar ekspertiem un instit\u016bcij\u0101m, kas iesaist\u012btas mantojuma saglab\u0101\u0161an\u0101.<\/p>\n<p>Galvenais jaut\u0101jums \u2013 k\u0101 var b\u016bt t\u0101da pasaules mantojuma vieta, kuras v\u0113rt\u012bbas nav aizsarg\u0101tas nacion\u0101l\u0101 l\u012bmen\u012b. T\u0101da situ\u0101cija nedr\u012bkst b\u016bt. Tas ir ar\u012b m\u016bsu uzdevums no Pasaules mantojuma centra \u2013 nacion\u0101l\u0101 l\u012bmen\u012b aizsarg\u0101t pasaules mantojuma vietas \u012bpa\u0161o, univers\u0101lo v\u0113rt\u012bbu, ko veido konkr\u0113tas liec\u012bbas.<\/p>\n<p>Likums \u0161\u012bs v\u0113rt\u012bbas aizsarg\u0101s un atrisin\u0101s vair\u0101kas lietas, kas citos normat\u012bvos nav noteiktas k\u0101 iz\u0146\u0113mumi \u012bpa\u0161\u0101s v\u0113sturisk\u0101s viet\u0101s vai vid\u0113. Pils\u0113ta ir dz\u012bva, \u013coti kompleksa vide, un to nevar aizsarg\u0101t k\u0101 atsevi\u0161\u0137u, nosl\u0113gtu objektu. T\u0101 prasa speci\u0101lu normu, kas da\u017e\u0101s liet\u0101s at\u0161\u0137iras no visp\u0101r\u0113j\u0101 pils\u0113tu vai lauku teritoriju regul\u0113juma.<\/p>\n<p>K\u0101das b\u016btiskas izmai\u0146as vai priek\u0161roc\u012bbas likums sniegs pa\u0161vald\u012bbai un vecpils\u0113tas \u0113ku \u012bpa\u0161niekiem?<\/p>\n<p>Bie\u017ei jaut\u0101, k\u0101 mantojuma vieta izskat\u012bsies p\u0113c 50 vai 100 gadiem. Kuld\u012bgas defin\u0113t\u0101 v\u0113rt\u012bba ir t\u0101da: vien\u012bg\u0101 pils\u0113ta \u0161aj\u0101 \u0123eogr\u0101fiskaj\u0101 re\u0123ion\u0101, kas var reprezent\u0113t mazpils\u0113tas att\u012bst\u012bbu no 13. l\u012bdz 20. gadsimtam, \u012bpa\u0161i Kurzemes un Zemgales hercogistes laik\u0101. Pasaules mantojuma vietai tagad vajadz\u0113tu izskat\u012bties t\u0101pat \u2013 tie\u0161i saglab\u0101\u0161ana ir \u0161\u012b likuma galvenais uzdevums. V\u0113rt\u012bbas tiek sarg\u0101tas, vienlaikus att\u012bst\u012bbu pie\u013caujot tur, kur t\u0101 negat\u012bvi neietekm\u0113 vietas univers\u0101lo v\u0113rt\u012bbu. Kuld\u012bgai \u0161\u012b v\u0113rt\u012bba b\u016bs nosarg\u0101ta. Iedz\u012bvot\u0101ji k\u0101 v\u0113rt\u012bbas nes\u0113ji t\u0101s saglab\u0101\u0161an\u0101 ieg\u016bs sev pal\u012bgu \u2013 likumu.<\/p>\n<p>Vai b\u016bvniec\u012bbas noda\u013cai bija iesp\u0113ja iesniegt priek\u0161likumus?<\/p>\n<p>M\u0113s darba grup\u0101s vienm\u0113r esam kl\u0101t. Likum\u0101 risin\u0101m\u0101s lietas ir no mantojuma vietas p\u0101rvald\u012bbas pl\u0101na \u2013 t\u0101 ir UNESCO nomin\u0101cijas da\u013ca un sabiedriski izdiskut\u0113ts, domes apstiprin\u0101ts dokuments. B\u016bvniec\u012bbas noda\u013ca ar citiem speci\u0101listiem p\u0101rskat\u012bja, vai visas saglab\u0101jam\u0101s v\u0113rt\u012bbas tie\u0161\u0101m iek\u013cautas. Visi m\u016bsu ieteikumi ir \u0146emti v\u0113r\u0101. Saeimas juridiskais birojs paveicis lielu darbu, lai likums b\u016btu visaptvero\u0161s un juridiski korekts.<\/p>\n<p>K\u0101 tas ietekm\u0113s at\u013cauju saska\u0146o\u0161anu b\u016bvniec\u012bbai vecpils\u0113t\u0101?<\/p>\n<p>Parastaj\u0101m b\u016bvniec\u012bbas iecer\u0113m vecpils\u0113t\u0101, kas atbilst apb\u016bves noteikumiem, neb\u016bs nek\u0101du izmai\u0146u. Tas ir likums par saglab\u0101jamaj\u0101m v\u0113rt\u012bb\u0101m. Papildu v\u0113rt\u0113\u0161ana attieksies tikai uz lieliem att\u012bst\u012bbas projektiem, piem\u0113ram, augstsprieguma l\u012bnij\u0101m vai \u013coti augst\u0101m, ainavu ietekm\u0113jo\u0161\u0101m b\u016bv\u0113m \u0101rpus vecpils\u0113tas, ja t\u0101s mantojuma vietu var ietekm\u0113t negat\u012bvi. Tad tos skat\u012bs starpinstitucion\u0101la padome, kas tiks izveidota ar likumu.<\/p>\n<p>Vai paredz\u0113tas jaunas pras\u012bbas materi\u0101liem, restaur\u0101cijas metod\u0113m?<\/p>\n<p>N\u0113. Nomin\u0101cijas fail\u0101 iesniegtais p\u0101rvald\u012bbas pl\u0101ns paredz, ka saglab\u0101\u0161ana notiek p\u0113c sp\u0113k\u0101 eso\u0161ajiem detaliz\u0113tajiem apb\u016bves noteikumiem. Ja tos negroza, jaunas pras\u012bbas nav vajadz\u012bgas un nav paredz\u0113tas.<\/p>\n<p>K\u0101 likums main\u012bs sadarb\u012bbu starp b\u016bvniec\u012bbas noda\u013cu, Nacion\u0101lo kult\u016bras mantojuma p\u0101rvaldi un projekt\u0113t\u0101jiem?<\/p>\n<p>Parastaj\u0101s b\u016bvniec\u012bbas iecer\u0113s nekas nemain\u0101s. Izmai\u0146as attieksies uz lielajiem projektiem, kuros l\u012bdz \u0161im vienotas k\u0101rt\u012bbas nebija. Likums nosaka: \u0161\u0101dus projektus izskata padome, un, ja ir k\u0101da ietekme, tad ieceres virz\u012bt\u0101jam vajadz\u012bgs ietekmes uz mantojumu zi\u0146ojums, kas j\u0101iesniedz Pasaules mantojuma centr\u0101.<\/p>\n<p>Vai priv\u0101t\u012bpa\u0161niekiem b\u016bs papildu pien\u0101kumi, atvieglojumi, finans\u0113jums? Cilv\u0113kus satrauc apdro\u0161in\u0101\u0161ana, atsavin\u0101\u0161ana, ar\u012b tas, k\u0101 likums ietekm\u0113s \u012bpa\u0161uma p\u0101rdo\u0161anu.<\/p>\n<p>Par apdro\u0161in\u0101\u0161anu. L\u012bdz \u0161im jebkuram atbild\u012bgam cilv\u0113kam \u012bpa\u0161uma apdro\u0161in\u0101\u0161anai jau vajadz\u0113tu b\u016bt. Ja t\u0101 nav, likums nosaka: \u012bpa\u0161nieks tam piedero\u0161\u0101s \u0113kas vai to da\u013cas Kuld\u012bgas vecpils\u0113t\u0101 apdro\u0161ina pret uguns risku, \u0161\u0137idruma un tvaika nopl\u016bdi, dabas stihiju post\u012bjumiem un tre\u0161o personu prettiesisko r\u012bc\u012bbu. Uzsv\u0113r\u0161u: m\u0113r\u0137is ir nodro\u0161in\u0101t iesp\u0113ju \u0113ku atjaunot iepriek\u0161\u0113j\u0101 st\u0101vokl\u012b, ja notiek nelaime.<\/p>\n<p>Par atvieglojumiem: to pa\u0161vald\u012bba lems saisto\u0161ajos noteikumos. Paredz\u0113ta sabiedr\u012bbas l\u012bdzdal\u012bba \u0161aj\u0101 proces\u0101, kur\u0101 \u0161\u012b norma tiks detaliz\u0113ta.<\/p>\n<p>Par piespiedu atsavin\u0101\u0161anu. Diskusijas bija pla\u0161as. \u0160\u012b norma paredz\u0113ta tikai piln\u012bga iz\u0146\u0113muma gad\u012bjumos: kad v\u0113sturiski v\u0113rt\u012bgam mantojumam ir boj\u0101ejas draudi, nav iesp\u0113jas sazin\u0101ties ar \u012bpa\u0161nieku, nav iesp\u0113jami administrat\u012bvie procesi, nav iesp\u0113jams \u012bpa\u0161umu p\u0101rdot kop\u012bpa\u0161uma d\u0113\u013c. Pa\u0161vald\u012bbai nav lielas naudas, t\u0101p\u0113c atsavin\u0101\u0161ana notiktu tikai ar virsm\u0113r\u0137i v\u0113sturisko objektu saglab\u0101t un v\u0113l\u0101k att\u012bst\u012bt\u0101jam to nodot ar konkr\u0113tiem pien\u0101kumiem. \u0160\u0101du objektu Kuld\u012bg\u0101 ir \u013coti maz.<\/p>\n<p>Par p\u0101rdo\u0161anu. Pl\u0101nots pa\u0161vald\u012bbai atjaunot pirmpirkuma ties\u012bbas uz vecpils\u0113t\u0101 p\u0101rdodamo \u012bpa\u0161umu. Saisto\u0161ie noteikumi k\u0101rt\u012bbu preciz\u0113s. M\u0113r\u0137is ir tas pats: v\u0113sturisko \u0113ku saglab\u0101\u0161ana, iesaistoties ar\u012b to ieg\u0101d\u0113.<\/p>\n<p>K\u0101 tiks veidota padome?<\/p>\n<p>Padomes sast\u0101vu \u2013 p\u0101rst\u0101v\u0113t\u0101s instit\u016bcijas un locek\u013cu skaitu \u2013 noteiks likums. B\u016bs p\u0101rst\u0101vji no Nacion\u0101l\u0101s kult\u016bras mantojuma p\u0101rvaldes, priek\u0161s\u0113de un v\u0113l divi cilv\u0113ki no Kuld\u012bgas novada domes, Kult\u016bras ministrijas p\u0101rst\u0101vis, UNESCO Latvijas Nacion\u0101l\u0101s komisijas, biedr\u012bbas\u00a0ICOMOS Latvija\u00a0mantojuma vietas p\u0101rvaldnieka, Latvijas Tirdzniec\u012bbas un r\u016bpniec\u012bbas kameras p\u0101rst\u0101vis.<\/p>\n<p>Locek\u013cus izvirza uz trim gadiem. Padomes priek\u0161s\u0113de b\u016bs domes vad\u012bt\u0101ja. Padome uzraudz\u012bs visaptvero\u0161u vietas p\u0101rvald\u012bbu, nevis ikdienas b\u016bvniec\u012bbas ieceres.<\/p>\n<p>K\u0101 pl\u0101nots inform\u0113t iedz\u012bvot\u0101jus un projekt\u0113t\u0101jus?<\/p>\n<p>Kad normas b\u016bs preciz\u0113tas, inform\u0113sim \u013coti pla\u0161i. Katram te dz\u012bvojo\u0161ajam j\u0101sa\u0146em inform\u0101cija par to, kas vi\u0146u skar. Detaliz\u0113t\u0101 k\u0101rt\u012bba \u2013 apdro\u0161in\u0101\u0161ana, termi\u0146i, nosac\u012bjumi \u2013 b\u016bs pa\u0161vald\u012bbas saisto\u0161ajos noteikumos, kas tiks gatavoti pusgada l\u012bdz gada laik\u0101, apspriesti kop\u0101 ar iesaist\u012btajiem un p\u0101r\u0113jo sabiedr\u012bbu.<\/p>\n<p>K\u0101 likums ietekm\u0113s vecpils\u0113tas att\u012bst\u012bbu desmit l\u012bdz divdesmit gados?<\/p>\n<p>Likums neietekm\u0113 teritorijas pl\u0101no\u0161anas dokumentus \u2013 att\u012bst\u012bbas virzienus tie jau noteic. Tas pal\u012bdz\u0113s v\u0113rt\u012bbas nosarg\u0101t un nepie\u013caut, ka t\u0101s izz\u016bd \u012bpa\u0161nieku bezdarb\u012bbas vai citu ilgsto\u0161u procesu d\u0113\u013c. M\u0113s redzam, ka ugunsgr\u0113ka gad\u012bjum\u0101 \u0113kas ar apdro\u0161in\u0101\u0161anu tiek labi atjaunotas. T\u0101di gad\u012bjumi, kad \u0113kas sabr\u016bk un procesi ieilgst, nav pie\u013caujami. Likums pal\u012bdz\u0113s tos pa\u0101trin\u0101t.<\/p>\n<p>K\u0101 ar energoefektivit\u0101ti vecpils\u0113t\u0101?<\/p>\n<p>To regul\u0113 apb\u016bves noteikumi un teritorijas pl\u0101nojums. Likums tikai pal\u012bdz sarg\u0101t v\u0113rt\u012bbas. \u0112ku siltin\u0101\u0161ana no iek\u0161puses, citi sapr\u0101t\u012bgi risin\u0101jumi joproj\u0101m ir pie\u013caujami, ja netiek zaud\u0113ta v\u0113rt\u012bba.<\/p>\n<p>________________________________<\/p>\n<p>VIEDOK\u013bI UN PIEREDZE<\/p>\n<p>Iedz\u012bvot\u0101ji un uz\u0146\u0113m\u0113ji b\u016bs ieguv\u0113ji<\/p>\n<p>Inga B\u0113rzi\u0146a, 14. Saeimas deput\u0101te, bijus\u012b Kuld\u012bgas pa\u0161vald\u012bbas vad\u012bt\u0101ja:<\/p>\n<p>\u2013 Oktobr\u012b Saeim\u0101 iesniegtais Kuld\u012bgas vecpils\u0113tas saglab\u0101\u0161anas un aizsardz\u012bbas likums nupat atk\u0101rtoti izskat\u012bts valsts p\u0101rvaldes un pa\u0161vald\u012bbas komisij\u0101. P\u0113c gar\u0101m un br\u012b\u017eiem emocion\u0101l\u0101m diskusij\u0101m deput\u0101ti atbalst\u012bja t\u0101 virz\u012b\u0161anu otrajam las\u012bjumam. Priek\u0161\u0101 v\u0113l ir intens\u012bvs darbs, lai UNESCO pasaules mantojuma v\u0113rt\u012bbu aizsardz\u012bbu l\u012bdzsvarotu ar ekonomiskaj\u0101m interes\u0113m. Tom\u0113r esmu p\u0101rliecin\u0101ta, ka, sadarbojoties pa\u0161vald\u012bbai, Vied\u0101s administr\u0101cijas un re\u0123ion\u0101l\u0101s att\u012bst\u012bbas ministrijai, Klimata un ener\u0123\u0113tikas ministrijai, k\u0101 ar\u012b zemes \u012bpa\u0161niekiem un uz\u0146\u0113m\u0113jiem, izdosies pan\u0101kt sabalans\u0113tu pieeju.<\/p>\n<p>Kuld\u012bgas iedz\u012bvot\u0101ju un uz\u0146\u0113mumu ieguvumu no mums pie\u0161\u0137irt\u0101s starptautisk\u0101s atzin\u012bbas nav iesp\u0113jams izm\u0113r\u012bt vien\u0101 skaitl\u012b. Tom\u0113r ir skaidrs, ka uz\u0146\u0113m\u0113ji un citi iedz\u012bvot\u0101ji ir ieguv\u0113ji: daudzu gadu laik\u0101 veiksm\u012bgi \u012bstenot\u0101 vecpils\u0113tas kult\u016brv\u0113sturisk\u0101 atjauno\u0161ana ir veicin\u0101jusi viesm\u012bl\u012bbas nozares att\u012bst\u012bbu. Noticot pils\u0113tas potenci\u0101lam, uz\u0146\u0113m\u0113ji vair\u0101k nek\u0101 desmit gadu laik\u0101 ir atv\u0113ru\u0161i Kuld\u012bg\u0101 daudzas kafejn\u012bcas, restor\u0101nus, be\u0137erejas, suven\u012bru veikalus, viesn\u012bcas un viesu apartamentus, kas kuld\u012bdzniekiem nodro\u0161ina darbavietas un stiprina viet\u0113jo ekonomiku. Pirms diviem gadiem ieg\u016btais UNESCO statuss \u0161o potenci\u0101lu tikai vairo \u2013 piesaista arvien vair\u0101k t\u016bristu, rada jaunas darbavietas un papildu ien\u0101kumu iesp\u0113jas uz\u0146\u0113m\u0113jiem. L\u012bdz ar to ieg\u016bst ne vien iedz\u012bvot\u0101ji un uz\u0146\u0113m\u0113jdarb\u012bba, bet ar\u012b pa\u0161vald\u012bba, kuras finan\u0161u b\u0101ze k\u013c\u016bs stabil\u0101ka.<\/p>\n<p>Vienlaikus j\u0101saprot, ka tas neb\u016btu iesp\u0113jams bez Kuld\u012bgas autentisk\u0101s vides, \u012bpa\u0161\u0101s atmosf\u0113ras un kult\u016brv\u0113sturisk\u0101 mantojuma saglab\u0101\u0161anas. UNESCO statuss uzliek starptautisku atbild\u012bbu \u2013 pien\u0101kumu mantojumu aizsarg\u0101t, saglab\u0101t un p\u0101rvald\u012bt p\u0101rdom\u0101ti un ilgtsp\u0113j\u012bgi. Likuma uzdevums ir noteikt skaidrus, saprotamus un vis\u0101m pus\u0113m prognoz\u0113jamus sp\u0113les noteikumus. Tas pal\u012bdz\u0113s gan investoriem pl\u0101not ilgtermi\u0146a ieguld\u012bjumus, gan nov\u0113rst nekontrol\u0113tu p\u0101rb\u016bvi un moderniz\u0101ciju, kas Kuld\u012bgas v\u0113sturisko un arhitektonisko kvalit\u0101ti var\u0113tu apdraud\u0113t.<\/p>\n<p>Likums sniegs pa\u0161vald\u012bbai efekt\u012bv\u0101kus instrumentus ar\u012b tad, kad \u012bpa\u0161nieka nolaid\u012bbas d\u0113\u013c v\u0113rt\u012bgas v\u0113sturiskas \u0113kas var iet boj\u0101. Savuk\u0101rt oblig\u0101t\u0101 apdro\u0161in\u0101\u0161ana pal\u012bdz\u0113s mazin\u0101t riskus, kas saist\u012bti ar ugunsnelaim\u0113m un citu negat\u012bvu ietekmi. J\u0101, tas pras\u012bs papildu izmaksas, ta\u010du ilgtermi\u0146\u0101 ieguvumi b\u016bs noz\u012bm\u012bg\u0101ki un taust\u0101mi gan iedz\u012bvot\u0101jiem un uz\u0146\u0113m\u0113jiem, gan pa\u0161vald\u012bbai.<\/p>\n<p>Nepiln\u012bbas izlaboja<\/p>\n<p>Kaspars Bergmanis, uz\u0146\u0113m\u0113js, LTRK Kurzemes re\u0123ion\u0101l\u0101s padomes loceklis:<\/p>\n<p>\u2013 Esmu ar likumu iepazinies. Uzskatu, ka t\u0101 ievie\u0161ana ir solis pareizaj\u0101 virzien\u0101 \u2013 gan kult\u016brv\u0113sturisk\u0101 mantojuma saglab\u0101\u0161anai, gan pa\u0161vald\u012bbas sp\u0113jai efekt\u012bv\u0101k r\u012bkoties sare\u017e\u0123\u012btos \u012bpa\u0161umu uztur\u0113\u0161anas gad\u012bjumos. Tom\u0113r b\u016btiski aspekti s\u0101kotn\u0113ji nebija pietiekami skaidri, un tie\u0161i diskusijas ar pa\u0161vald\u012bbu, uz\u0146\u0113m\u0113ju organiz\u0101cij\u0101m un Saeimas komisij\u0101m ir pal\u012bdz\u0113ju\u0161as to preciz\u0113t. Tautsaimniec\u012bbas komisij\u0101 tika uzklaus\u012bti gan uz\u0146\u0113m\u0113ji, gan pa\u0161vald\u012bba, un b\u016btisk\u0101s deta\u013cas preciz\u0113tas sadarb\u012bb\u0101 ar Saeimas juridisko biroju. S\u0101kotn\u0113ji nebija izv\u0113rt\u0113ts, k\u0101 visp\u0101r var apdro\u0161in\u0101t at\u0161\u0137ir\u012bgus vecpils\u0113tas \u0113ku \u012bpa\u0161umties\u012bbu mode\u013cus: ir pa\u0161vald\u012bbas \u0113kas, priv\u0101t\u0101s un kop\u012bpa\u0161umi. Tikai p\u0113c sarun\u0101m ar apdro\u0161in\u0101t\u0101jiem tapa skaidrs, k\u0101dus riskus var apdro\u0161in\u0101t un ar k\u0101d\u0101m pras\u012bb\u0101m j\u0101r\u0113\u0137in\u0101s. Bez \u0161\u0101das skaidr\u012bbas oblig\u0101ta apdro\u0161in\u0101\u0161ana b\u016btu form\u0101la pras\u012bba un neizpild\u0101ma.<\/p>\n<p>Piln\u012bb\u0101 atbalstu ideju, ka pa\u0161vald\u012bbai j\u0101b\u016bt veidam, k\u0101 r\u012bkoties ar tiem objektiem, kuru \u012bpa\u0161nieki gadiem ignor\u0113 gan pras\u012bbas tos sak\u0101rtot, gan atbalsta instrumentus. Kuld\u012bgai jau ir pla\u0161as atbalsta programmas, bet, ja \u012bpa\u0161nieks t\u0101s neizmanto un \u012bpa\u0161ums turpina degrad\u0113ties, pa\u0161vald\u012bbai j\u0101sp\u0113j r\u012bkoties. Cit\u0101di tiek bremz\u0113ta visas vecpils\u0113tas att\u012bst\u012bba.<\/p>\n<p>Pa\u0161vald\u012bba nav un nedr\u012bkst k\u013c\u016bt par nekustamo \u012bpa\u0161umu a\u0123ent\u016bru, tom\u0113r pirmpirkuma ties\u012bbu pie\u0161\u0137ir\u0161ana ir v\u0113rt\u012bga: t\u0101 \u013cauj redz\u0113t dar\u012bjumu re\u0101los nosac\u012bjumus. Tas \u012bpa\u0161umu tirg\u016b palielina caursp\u012bd\u012bgumu un \u013cauj pa\u0161vald\u012bbai r\u012bkoties, kad tas atbilst t\u0101s funkcij\u0101m un strat\u0113\u0123iskaj\u0101m vajadz\u012bb\u0101m.<\/p>\n<p>K\u0101 cilv\u0113ks, kur\u0161 pats darbojas ar \u012bpa\u0161umiem vecpils\u0113t\u0101, varu apstiprin\u0101t: projekt\u0113\u0161ana, restaur\u0101cija un b\u016bvniec\u012bba te nekad neb\u016bs \u0101trs process. Vecpils\u0113tas mantojuma pras\u012bbas ir stingras un pamatotas, un t\u0101s dikt\u0113 nevis subjekt\u012bva pa\u0161vald\u012bbas griba, bet UNESCO un valsts noteiktie saglab\u0101\u0161anas standarti. Daudzi projekt\u0113t\u0101ji no malas nesaprot, ka Kuld\u012bg\u0101 dr\u012bkst nevis visu, bet tikai to, kas atbilst apb\u016bves noteikumiem.<\/p>\n<p>UNESCO statuss dz\u012bvi nevis sare\u017e\u0123\u012b, bet nostiprina vajadz\u012bbu standartus saglab\u0101t. Likums ir vajadz\u012bgs tam, lai nodro\u0161in\u0101tu p\u0113ctec\u012bbu un vecpils\u0113tu pasarg\u0101tu no straujas un nesapr\u0101t\u012bgas p\u0101rb\u016bves n\u0101kotn\u0113, politiskajiem l\u0113m\u0113jiem mainoties.<\/p>\n<p>Vide \u2013 rado\u0161a un iedvesmojo\u0161a<\/p>\n<p><img loading=\"lazy\" decoding=\"async\" width=\"1671\" height=\"2227\" src=\"https:\/\/www.europesays.com\/lv\/wp-content\/uploads\/2025\/12\/Aiga-Vaitkus-edited.jpg\" alt=\"Aiga Vaitkus\" class=\"wp-image-23923\" style=\"width:300px\"  \/><\/p>\n<p>Aiga Vaitkus, dizainere:<\/p>\n<p>\u2013 Dz\u012bvojot un str\u0101d\u0101jot Kuld\u012bgas vecpils\u0113t\u0101, jau pa\u0161os s\u0101kumos apzin\u0101jos: \u0161ai vietai ir \u0161arms, iedvesma un \u012bpa\u0161a atmosf\u0113ra, bet te ir ar\u012b zin\u0101mas ne\u0113rt\u012bbas, ar kur\u0101m j\u0101r\u0113\u0137in\u0101s. Novietot automa\u0161\u012bnu nav tik vienk\u0101r\u0161i, un ar\u012b trok\u0161\u0146i nakt\u012bs reiz\u0113m ir neizb\u0113gami \u2013 pils\u0113ta tom\u0113r ir dz\u012bva. Ta\u010du tas n\u0101k komplekt\u0101 ar to \u012bpa\u0161o saj\u016btu, ko vecpils\u0113ta sniedz. Man \u0161\u012b vide ir rado\u0161a un iedvesmojo\u0161a \u2013 t\u0101 dod impulsus darbam un ikdienai.<\/p>\n<p>Par topo\u0161o Kuld\u012bgas vecpils\u0113tas likumu esmu dzird\u0113jusi, ta\u010du visos punktos neesmu iedzi\u013cin\u0101jusies. No t\u0101, ko zinu, \u0161\u0137iet, ka man\u0101 ikdien\u0101 b\u016btiskas p\u0101rmai\u0146as tas nerad\u012bs. Liel\u0101k\u0101s ba\u017eas cilv\u0113kiem ir par jauniem pien\u0101kumiem.<\/p>\n<p>Run\u0101jot par uz\u0146\u0113m\u0113jdarb\u012bbu, pre\u010du pieg\u0101de mums nav ikdienas vajadz\u012bba, t\u0101p\u0113c transporta ierobe\u017eojumi nav j\u016btami. Ar\u012b attiec\u012bb\u0101 uz izk\u0101rtn\u0113m s vecpils\u0113tas likumu esmu unktos neesmu iedzi\u013cin\u0101jusies. , ka man\u0101 ikdien\u0101 b\u016btiskas s. Liel\u0101k\u0101s ba\u017eas cilv\u0113kiem ir iem. \u0113jdarb\u012bbu, pre\u010du pieg\u0101de vajadz\u012bba, t\u0101p\u0113c transporta mi. Ar\u012b attiec\u012bb\u0101 uz izk\u0101rtn\u0113m vai cit\u0101m rekl\u0101m\u0101m, ja biju\u0161as k\u0101das pras\u012bbas, vienm\u0113r ir var\u0113ts rast risin\u0101jumu. M\u0113s pa\u0161i str\u0101d\u0101jam rado\u0161\u0101 jom\u0101, t\u0101p\u0113c vecpils\u0113tas est\u0113tiku cien\u0101m un saprotam, k\u0101p\u0113c \u0161\u0101di nosac\u012bjumi past\u0101v.<\/p>\n<p>Liel\u0101kie izaicin\u0101jumi da\u017ek\u0101rt saist\u012bti nevis ar likumiem vai b\u016bvvaldi, bet ar saimnieko\u0161anu vec\u0101 \u0113k\u0101 \u2013 regul\u0101ras probl\u0113mas ar apkuri, kanaliz\u0101ciju, av\u0101rijas situ\u0101cij\u0101m. Bet ar\u012b tas laika gait\u0101 k\u013cuvis par pierastu ikdienas da\u013cu, un apsaimniekot\u0101js cen\u0161as pal\u012bdz\u0113t, cik iesp\u0113jams.<\/p>\n<p>Manupr\u0101t, visliel\u0101kais satraukums saist\u012bts ar finans\u0113m. Da\u013ca kuld\u012bdznieku sa\u0146em minim\u0101lo algu, un katrs jauns maks\u0101jums rada papildu slodzi. Daudzi, kam ien\u0101kumi ir liel\u0101ki, izv\u0113las dz\u012bvot priv\u0101tm\u0101j\u0101 \u0101rpus centra, savuk\u0101rt vecpils\u0113ta k\u013c\u016bst par ekskluz\u012bvu vietu, ko visi nevar at\u013cauties. T\u0101p\u0113c jebk\u0101ds jauns finan\u0161u pien\u0101kums ar\u012b uz\u0146\u0113m\u0113jiem raisa ba\u017eas.<\/p>\n<p>Sabiedr\u012bba nav pietiekami inform\u0113ta<\/p>\n<p>Gints Asti\u010ds, teritorijas pl\u0101not\u0101js, vecpils\u0113tas vides komisijas dal\u012bbnieks:<\/p>\n<p>\u2013 Ar likumu piln\u012bb\u0101 neesmu iepazinies, ta\u010du konceptu\u0101li uzskatu, ka t\u0101ds pils\u0113tai ir nepiecie\u0161ams. Manupr\u0101t, pa\u0161vald\u012bba nav pietiekami pastr\u0101d\u0101jusi ar sabiedr\u012bbu. Ar\u012b es par to uzzin\u0101ju no publik\u0101cij\u0101m internet\u0101, kad likuma redakcija jau bija iesniegta Saeimai. Dom\u0101ju \u2013 nebija pareizi, ka gal\u012bg\u0101s redakcijas apskat\u0113 vecpils\u0113tas komisija netika iesaist\u012bta.<\/p>\n<p>________________________________<\/p>\n<p>Kuld\u012bgas vecpils\u0113tas kult\u016brv\u0113sturisk\u0101 mantojuma v\u0113rt\u012bbas<\/p>\n<p>Ir saglab\u0101jamas un aizsarg\u0101jamas \u0161\u0101das v\u0113rt\u012bbas:<\/p>\n<ul class=\"wp-block-list\">\n<li>pils\u0113tb\u016bvnieciskais raksturs \u2013 pils\u0113tas telpisk\u0101 kompoz\u012bcija un ainavisk\u0101 integr\u0101cija Ventas ielej\u0101, pl\u0101nojums un telpisk\u0101 strukt\u016bra, ielu t\u012bkls, apb\u016bves kop\u0113jais m\u0113rogs, zemesgabalu apb\u016bves pa\u0146\u0113mieni, perspekt\u012bvas, skati un siluets, arhitekt\u016bras trad\u012bcijas un kolor\u012bts, ori\u0123in\u0101l\u0101 substance un amatniecisk\u0101s trad\u012bcijas, autentiskums, fas\u0101\u017eu apdare, m\u0101ksliniecisk\u0101s un arhitekt\u016bras deta\u013cas (apmales, port\u0101li, durvju v\u0113rtnes, v\u0113jr\u0101d\u012bt\u0101ji u.c.), jumtu seguma materi\u0101li, ielu, laukumu un pagalmu segums, m\u0101kslinieciski v\u0113rt\u012bgas vides arhitekt\u016bras deta\u013cas, piem\u0113ram, laternas un stabi;<\/li>\n<li>apst\u0101d\u012bjumu elementi, cikt\u0101l tie \u013cauj uztvert pils\u0113tas apb\u016bvi un ainavu;<\/li>\n<li>v\u0113sturiskaj\u0101s \u0113k\u0101s \u2013 ori\u0123in\u0101l\u0101 un autentisk\u0101 substance (\u0146emot v\u0113r\u0101 v\u0113l\u0101ka laika uzsl\u0101\u0146ojumus), \u0161o \u0113ku un l\u012bdz \u0161im realiz\u0113to v\u0113sturisko namu kopiju \u0101r\u0113j\u0101 veidola \u012bpatn\u012bbas: m\u0113rogs, proporcijas, stils, apdares materi\u0101ls, kr\u0101sojums un deta\u013cas;<\/li>\n<li>pils\u0113tas v\u0113sturisko da\u013cu kult\u016brsl\u0101nis;<\/li>\n<li>ainavas vizu\u0101l\u0101 integrit\u0101te.<\/li>\n<\/ul>\n<p>Par v\u0113rt\u012bbu uzskat\u0101mas ar\u012b \u012bpa\u0161\u0101s amatniec\u012bbas zin\u0101\u0161anas un prasmes, kas ir p\u0101rmantotas un \u0113ku konserv\u0101cij\u0101 tiek izmantotas ar vecpils\u0113tai rakstur\u012bgajiem tradicion\u0101lajiem materi\u0101liem, kolor\u012btu, b\u016bvform\u0101m un pa\u0146\u0113mieniem.<\/p>\n<p>________________________________<\/p>\n<p>AKTU\u0100LAIS JAUT\u0100JUMS<\/p>\n<p>Kas, j\u016bsupr\u0101t, ir Kuld\u012bgas vecpils\u0113tas v\u0113rt\u012bbas? Vai ir kas t\u0101ds, kas taj\u0101 neiederas?<\/p>\n<p><img loading=\"lazy\" decoding=\"async\" width=\"849\" height=\"1131\" src=\"https:\/\/www.europesays.com\/lv\/wp-content\/uploads\/2025\/12\/IMG_4131-edited.png\" alt=\"Img 4131\" class=\"wp-image-23926\" style=\"aspect-ratio:3\/4;object-fit:cover;width:300px\"  \/>Screenshot<\/p>\n<p>Armands Rusakovs\u00a0no Liep\u0101jas:<\/p>\n<p>\u2013 No malas skatoties, visvair\u0101k ac\u012bs iekr\u012bt arhitekt\u016bra un vecais dizains, kas palicis no agr\u0101kiem laikiem, ar\u012b \u0161aur\u0101s ieli\u0146as, g\u0101j\u0113ju celi\u0146i. Latvij\u0101 ir daudz da\u017e\u0101du interesantu arhitekt\u016bras deta\u013cu, kas saglab\u0101ju\u0161\u0101s cauri laikiem, bet Kuld\u012bg\u0101, \u0161\u0137iet, bie\u017e\u0101k redzami vecie daksti\u0146u jumti, un visp\u0101r te visai pils\u0113tai ir savs \u0161arms. Neiederas dro\u0161i vien k\u0101di moderni elementi, bet bez tiem nevaram iztikt.<\/p>\n<p><img loading=\"lazy\" decoding=\"async\" width=\"1320\" height=\"879\" src=\"https:\/\/www.europesays.com\/lv\/wp-content\/uploads\/2025\/12\/IMG_4132-edited.png\" alt=\"Img 4132\" class=\"wp-image-23928\" style=\"width:600px\"  \/><\/p>\n<p>L\u012bga\u00a0un\u00a0M\u0101ris\u00a0no R\u012bgas: \u2013 Pati vecpils\u0113ta jeb tas, ka padomju laikos to neesat izpost\u012b-<br \/>ju\u0161i un ir izdevies seno saglab\u0101t. Viena v\u0113rt\u012bba noteikti ir vecais \u0137ie\u0123e\u013cu tilts. V\u0113l mums \u013coti pat\u012bk j\u016bsu Ka\u013c\u0137u ielas kvart\u0101ls. Izdevusies vieta. Bij\u0101m tur vasar\u0101 \u2013 k\u0101 odzi\u0146a papildus skaistajai pils\u0113tai. Te atbraucam reizi vai divas gad\u0101. Grib\u0113tu apmekl\u0113t k\u0101du pas\u0101kumu, dzird\u0113t klavieres\u00a0K\u013cavi\u0146\u0161 Piano, kas ar\u012b ir j\u016bsu v\u0113rt\u012bba. K\u0101 viesiem mums nav t\u0101du nov\u0113rojumu, ka vecpils\u0113t\u0101 kaut kas neieder\u0113tos.<\/p>\n<p><img loading=\"lazy\" decoding=\"async\" width=\"1320\" height=\"879\" src=\"https:\/\/www.europesays.com\/lv\/wp-content\/uploads\/2025\/12\/IMG_4133-edited.png\" alt=\"Img 4133\" class=\"wp-image-23930\" style=\"width:600px\"  \/><\/p>\n<p>Inguna\u00a0un\u00a0Ilvars\u00a0no P\u0101vilostas:<\/p>\n<p>\u2013 Kuld\u012bgu p\u0113d\u0113jos gados esam iecien\u012bju\u0161i tie\u0161i pils\u0113-<br \/>tas auras d\u0113\u013c. J\u016bsu v\u0113rt\u012bba ir cilv\u0113ki un mazie, interesantie veikali\u0146i. Tagad atbrauc\u0101m nopirkt for\u0161as d\u0101vani\u0146as. Iepriek\u0161 iepirkties visu laiku brauc\u0101m uz Liep\u0101ju, bet Kuld\u012bg\u0101 mums pat\u012bk lab\u0101k, jo te ir m\u012b\u013c\u0101k. No ainavisk\u0101 viedok\u013ca v\u0113rt\u012bba noteikti ir tilts un Ventas rumba. V\u0113l paman\u012bj\u0101m, ka pie jums ir \u013coti skaisti apst\u0101d\u012bjumi k\u0101rt\u012bgos pu\u0137u podos, nevis k\u0101dos betonos k\u0101 R\u012bg\u0101. Kas neiederas? B\u016btu labi, ja te, no Liep\u0101jas ielas, neb\u016btu redzams tas augstais met\u0101la tornis \u2013 tas kr\u012bt ac\u012bs.<\/p>\n<p><img loading=\"lazy\" decoding=\"async\" width=\"849\" height=\"1131\" src=\"https:\/\/www.europesays.com\/lv\/wp-content\/uploads\/2025\/12\/IMG_4134-edited.png\" alt=\"Img 4134\" class=\"wp-image-23932\" style=\"width:300px\"  \/><\/p>\n<p>Aina\u00a0no Ventspils:<\/p>\n<p>\u2013 Viss \u2013 pati Kuld\u012bga! Es \u0161eit nedz\u012bvoju, bet man te \u013coti pat\u012bk. J\u016bsu v\u0113rt\u012bba ir tilts, Alek\u0161up\u012bte, \u0113kas \u2013 viss ir skaisti. Man jau \u0161\u0137iet, ka nav nek\u0101 t\u0101da, kas te neieder\u0113tos. Varb\u016bt k\u0101dai \u0113kai pras\u012btos atjauno\u0161ana, \u0161ur tur var\u0113tu not\u012br\u012bt vecos jumtus.<\/p>\n<p><img loading=\"lazy\" decoding=\"async\" width=\"849\" height=\"1131\" src=\"https:\/\/www.europesays.com\/lv\/wp-content\/uploads\/2025\/12\/IMG_4135-edited.png\" alt=\"Img 4135\" class=\"wp-image-23934\" style=\"width:300px\"  \/><\/p>\n<p>Rita Pap\u0113de\u00a0no Kuld\u012bgas:<\/p>\n<p>\u2013 Dom\u0101ju, ka pati pils\u0113ta ir v\u0113rt\u012bba, ko rada sen\u0101 arhitekt\u016bra, apb\u016bve, daksti\u0146u jumti, logi, kas restaur\u0113ti, ar\u012b jaunais un vecais r\u0101tsnams, Ventas rumba. V\u0113rt\u012bba ir ar\u012b m\u016bsu muzejs. Bet Liep\u0101jas iel\u0101 vien\u0101 viet\u0101 sp\u012bd sk\u0101rda jumts \u2013 t\u0101 tur var\u0113tu neb\u016bt. Ar\u012b daudzdz\u012bvok\u013cu \u0113ka ar veikalu pirmaj\u0101 st\u0101v\u0101 \u0161aj\u0101 iel\u0101 nav ieder\u012bga. V\u0113l b\u016btu jauki atjaunot veco policijas \u0113ku.<\/p>\n<p><img loading=\"lazy\" decoding=\"async\" width=\"849\" height=\"1131\" src=\"https:\/\/www.europesays.com\/lv\/wp-content\/uploads\/2025\/12\/IMG_4136-edited.png\" alt=\"Img 4136\" class=\"wp-image-23936\" style=\"width:300px\"  \/><\/p>\n<p>Alise Balode, Kuld\u012bgas Tehnolo\u0123iju un t\u016brisma tehnikuma audz\u0113kne:<\/p>\n<p>\u2013 Sen\u0101s \u0113kas. \u013boti daudz arhitekt\u016bras deta\u013cu ir izdevies saglab\u0101t. Kad eju pa Liep\u0101jas ielu, parasti skatos uz \u0113k\u0101m un mekl\u0113ju k\u0101dus st\u016brus, kuros fas\u0101des virsk\u0101rta nodrupusi. Mani interes\u0113, kas zem t\u0101s sl\u0113pjas \u2013 k\u0101 \u0113ka izskat\u012bjusies agr\u0101k.<\/p>\n<p>_____________________<\/p>\n<p><img loading=\"lazy\" decoding=\"async\" width=\"625\" height=\"352\" src=\"https:\/\/www.europesays.com\/lv\/wp-content\/uploads\/2025\/10\/MAF-logo-edited.jpg\" alt=\"Maf Logo\" class=\"wp-image-13941\" style=\"aspect-ratio:1.7756470013761265;width:320px;height:auto\"  \/><\/p>\n<p><a href=\"https:\/\/www.facebook.com\/watch\/hashtag\/sif_maf2025?__eep__=6%2F&amp;__cft__[0]=AZYLyjDboQnHw7Js8YgUiGwlg2_Ycy4Kkjliq8RiBkIsfuBFCeMx-GZYqHiqun8ElTEvnvzIqZTeAKyAfSmV7TrTYHZ2JYmnG-P4l_LZ8_6WFonaFsXzNxbV8ieZok2hHzMUzG5PktoqY9slDYHp-jRLrM181r4u70ux_0WnPFlwWxf628O_-P59fEotRGL-C5re3kKQIcbWAXBJ99bgMdzE&amp;__tn__=*NK-R\" rel=\"nofollow noopener\" target=\"_blank\">#SIF_MAF2025<\/a> | <a href=\"https:\/\/www.facebook.com\/watch\/hashtag\/izp%C4%93ti_izgaismo_risini?__eep__=6%2F&amp;__cft__[0]=AZYLyjDboQnHw7Js8YgUiGwlg2_Ycy4Kkjliq8RiBkIsfuBFCeMx-GZYqHiqun8ElTEvnvzIqZTeAKyAfSmV7TrTYHZ2JYmnG-P4l_LZ8_6WFonaFsXzNxbV8ieZok2hHzMUzG5PktoqY9slDYHp-jRLrM181r4u70ux_0WnPFlwWxf628O_-P59fEotRGL-C5re3kKQIcbWAXBJ99bgMdzE&amp;__tn__=*NK-R\" rel=\"nofollow noopener\" target=\"_blank\">#izp\u0113ti_izgaismo_risini<\/a> | <a href=\"https:\/\/www.facebook.com\/watch\/hashtag\/kurzemnieks?__eep__=6%2F&amp;__cft__[0]=AZYLyjDboQnHw7Js8YgUiGwlg2_Ycy4Kkjliq8RiBkIsfuBFCeMx-GZYqHiqun8ElTEvnvzIqZTeAKyAfSmV7TrTYHZ2JYmnG-P4l_LZ8_6WFonaFsXzNxbV8ieZok2hHzMUzG5PktoqY9slDYHp-jRLrM181r4u70ux_0WnPFlwWxf628O_-P59fEotRGL-C5re3kKQIcbWAXBJ99bgMdzE&amp;__tn__=*NK-R\" rel=\"nofollow noopener\" target=\"_blank\">#kurzemnieks<\/a>\n                            <\/p>\n","protected":false},"excerpt":{"rendered":"\u0160oreiz\u00a0Kurzemnieka\u00a0publik\u0101ciju s\u0113rij\u0101\u00a0Izp\u0113ti, izgaismo, risini!\u00a0\u2013 par to, ko noz\u012bm\u0113 \u012bpa\u0161ais Kuld\u012bgas vecpils\u0113tas likums, k\u0101p\u0113c t\u0101ds vajadz\u012bgs un ar ko&hellip;\n","protected":false},"author":2,"featured_media":82503,"comment_status":"","ping_status":"","sticky":false,"template":"","format":"standard","meta":{"footnotes":""},"categories":[12],"tags":[23,28,29,32,33,22,828,20867,3911,20868,1085,5145,30,31,35,39,38,36,37,34,40,20,26,27,24,25,20869,21],"class_list":{"0":"post-82502","1":"post","2":"type-post","3":"status-publish","4":"format-standard","5":"has-post-thumbnail","7":"category-latvija","8":"tag-aktualitates","9":"tag-breaking-news","10":"tag-breakingnews","11":"tag-featured-news","12":"tag-featurednews","13":"tag-headlines","14":"tag-kuldiga","15":"tag-kuldigas-likums","16":"tag-kuldigas-novads","17":"tag-kuldigas-vecpilseta","18":"tag-kulturas-mantojums","19":"tag-kurzemnieks","20":"tag-latest-news","21":"tag-latestnews","22":"tag-latvia","23":"tag-latvian","24":"tag-latviesu","25":"tag-latviesu-valoda","26":"tag-latviesuvaloda","27":"tag-latvija","28":"tag-lv","29":"tag-news","30":"tag-popularakas-zinas","31":"tag-popularakaszinas","32":"tag-top-stories","33":"tag-topstories","34":"tag-unesco-pasaules-mantojums","35":"tag-zinas"},"share_on_mastodon":{"url":"https:\/\/pubeurope.com\/@lv\/115761627209408332","error":""},"_links":{"self":[{"href":"https:\/\/www.europesays.com\/lv\/wp-json\/wp\/v2\/posts\/82502","targetHints":{"allow":["GET"]}}],"collection":[{"href":"https:\/\/www.europesays.com\/lv\/wp-json\/wp\/v2\/posts"}],"about":[{"href":"https:\/\/www.europesays.com\/lv\/wp-json\/wp\/v2\/types\/post"}],"author":[{"embeddable":true,"href":"https:\/\/www.europesays.com\/lv\/wp-json\/wp\/v2\/users\/2"}],"replies":[{"embeddable":true,"href":"https:\/\/www.europesays.com\/lv\/wp-json\/wp\/v2\/comments?post=82502"}],"version-history":[{"count":0,"href":"https:\/\/www.europesays.com\/lv\/wp-json\/wp\/v2\/posts\/82502\/revisions"}],"wp:featuredmedia":[{"embeddable":true,"href":"https:\/\/www.europesays.com\/lv\/wp-json\/wp\/v2\/media\/82503"}],"wp:attachment":[{"href":"https:\/\/www.europesays.com\/lv\/wp-json\/wp\/v2\/media?parent=82502"}],"wp:term":[{"taxonomy":"category","embeddable":true,"href":"https:\/\/www.europesays.com\/lv\/wp-json\/wp\/v2\/categories?post=82502"},{"taxonomy":"post_tag","embeddable":true,"href":"https:\/\/www.europesays.com\/lv\/wp-json\/wp\/v2\/tags?post=82502"}],"curies":[{"name":"wp","href":"https:\/\/api.w.org\/{rel}","templated":true}]}}