{"id":82506,"date":"2025-12-22T05:50:10","date_gmt":"2025-12-22T05:50:10","guid":{"rendered":"https:\/\/www.europesays.com\/lv\/82506\/"},"modified":"2025-12-22T05:50:10","modified_gmt":"2025-12-22T05:50:10","slug":"kalendas-divnieku-ekipaza-sigulda-pasaules-kausa-posmu-nosledz-13-vieta-2","status":"publish","type":"post","link":"https:\/\/www.europesays.com\/lv\/82506\/","title":{"rendered":"Kalendas divnieku ekip\u0101\u017ea Siguld\u0101 Pasaules kausa posmu nosl\u0113dz 13. viet\u0101"},"content":{"rendered":"<p class=\"descr\">Latvijas bobsleja pilota J\u0113kaba Kalendas un st\u016bm\u0113ja Edgara Ungura divnieku ekip\u0101\u017ea sv\u0113tdien Siguld\u0101 Pasaules kausa posm\u0101 izc\u012bn\u012bja 13. vietu, bet Ren\u0101rs Granti\u0146\u0161 ar Arni Bebri\u0161u ierindoj\u0101s 18. poz\u012bcij\u0101.<\/p>\n<p>Pirm\u0101s tr\u012bs vietas ie\u0146\u0113ma V\u0101cijas ekip\u0101\u017eas. Abos braucienos \u0101tr\u0101kais bija Johannesa Lohnera divnieks, kas abu braucienu summ\u0101 fini\u0161\u0113ja min\u016bt\u0113 un 38,84 sekund\u0113s. Fran\u010dseko Fr\u012bdrihs zaud\u0113ja 0,53 sekundes, bet Adams Amm\u016brs piek\u0101p\u0101s 0,82 sekundes un nosl\u0113dza lab\u0101ko trijnieku.<\/p>\n<p>Kalenda ar Unguru, kuri p\u0113c pirm\u0101 brauciena bija astotaj\u0101 viet\u0101, otraj\u0101 sasniedza tikai 18. lab\u0101ko laiku un, zaud\u0113jot 1,46 sekundes, ie\u0146\u0113ma 13. vietu.<\/p>\n<p>Savuk\u0101rt Granti\u0146a ekip\u0101\u017ea otraj\u0101 braucien\u0101 uzlaboja savu fini\u0161a laiku par 0,63 sekund\u0113m, divu braucienu summ\u0101 piek\u0101pjoties uzvar\u0113t\u0101jam 1,77 sekundes, un nosl\u0113dzot sacens\u012bbas 18. poz\u012bcij\u0101 25 divnieku konkurenc\u0113.<\/p>\n<p>Sestdien pilota Kalendas un st\u016bm\u0113ja Mat\u012bsa Mik\u0146a divnieku ekip\u0101\u017ea ie\u0146\u0113ma sept\u012bto vietu, bet Granti\u0146\u0161 ar Lauri Kaufmani otraj\u0101 braucien\u0101 krita un palika 20. poz\u012bcij\u0101.<\/p>\n<p>Kopv\u0113rt\u0113jum\u0101 p\u0113c \u010detr\u0101m divnieku sacens\u012bb\u0101m v\u0101cietim Johannesam Lohneram ir 885 punkti, Fran\u010desko Fr\u012bdriham &#8211; 855 punkti, bet Adamam Amm\u016bram &#8211; 800 punkti. Kalenda ar 568 punktiem ir dev\u012btais, bet Granti\u0146\u0161 ar 260 punktiem ie\u0146em 21. poz\u012bciju, savuk\u0101rt junioru ieskait\u0113 latvie\u0161i ir attiec\u012bgi otraj\u0101 un ceturtaj\u0101 viet\u0101.<\/p>\n<p>\u0160osezon sportistiem c\u012bnoties par ce\u013caz\u012bm\u0113m uz 2026. gada Mil\u0101nas un Kort\u012bnas d&#8217;Ampeco olimpiskaj\u0101m sp\u0113l\u0113m, Pasaules kaus\u0101 notiks septi\u0146i posmi. P\u0113c Jaun\u0101 gada posmi notiks Vinterberg\u0101, Sanktmoric\u0101 un Altenberg\u0101.<\/p>\n","protected":false},"excerpt":{"rendered":"Latvijas bobsleja pilota J\u0113kaba Kalendas un st\u016bm\u0113ja Edgara Ungura divnieku ekip\u0101\u017ea sv\u0113tdien Siguld\u0101 Pasaules kausa posm\u0101 izc\u012bn\u012bja 13.&hellip;\n","protected":false},"author":2,"featured_media":82507,"comment_status":"","ping_status":"","sticky":false,"template":"","format":"standard","meta":{"footnotes":""},"categories":[17],"tags":[35,39,38,36,37,34,40,67],"class_list":{"0":"post-82506","1":"post","2":"type-post","3":"status-publish","4":"format-standard","5":"has-post-thumbnail","7":"category-sports","8":"tag-latvia","9":"tag-latvian","10":"tag-latviesu","11":"tag-latviesu-valoda","12":"tag-latviesuvaloda","13":"tag-latvija","14":"tag-lv","15":"tag-sports"},"share_on_mastodon":{"url":"https:\/\/pubeurope.com\/@lv\/115761658133864425","error":""},"_links":{"self":[{"href":"https:\/\/www.europesays.com\/lv\/wp-json\/wp\/v2\/posts\/82506","targetHints":{"allow":["GET"]}}],"collection":[{"href":"https:\/\/www.europesays.com\/lv\/wp-json\/wp\/v2\/posts"}],"about":[{"href":"https:\/\/www.europesays.com\/lv\/wp-json\/wp\/v2\/types\/post"}],"author":[{"embeddable":true,"href":"https:\/\/www.europesays.com\/lv\/wp-json\/wp\/v2\/users\/2"}],"replies":[{"embeddable":true,"href":"https:\/\/www.europesays.com\/lv\/wp-json\/wp\/v2\/comments?post=82506"}],"version-history":[{"count":0,"href":"https:\/\/www.europesays.com\/lv\/wp-json\/wp\/v2\/posts\/82506\/revisions"}],"wp:featuredmedia":[{"embeddable":true,"href":"https:\/\/www.europesays.com\/lv\/wp-json\/wp\/v2\/media\/82507"}],"wp:attachment":[{"href":"https:\/\/www.europesays.com\/lv\/wp-json\/wp\/v2\/media?parent=82506"}],"wp:term":[{"taxonomy":"category","embeddable":true,"href":"https:\/\/www.europesays.com\/lv\/wp-json\/wp\/v2\/categories?post=82506"},{"taxonomy":"post_tag","embeddable":true,"href":"https:\/\/www.europesays.com\/lv\/wp-json\/wp\/v2\/tags?post=82506"}],"curies":[{"name":"wp","href":"https:\/\/api.w.org\/{rel}","templated":true}]}}