{"id":82516,"date":"2025-12-22T06:03:16","date_gmt":"2025-12-22T06:03:16","guid":{"rendered":"https:\/\/www.europesays.com\/lv\/82516\/"},"modified":"2025-12-22T06:03:16","modified_gmt":"2025-12-22T06:03:16","slug":"apprecejusies-supermodele-zizele-bundhena-jauns-lv","status":"publish","type":"post","link":"https:\/\/www.europesays.com\/lv\/82516\/","title":{"rendered":"Apprec\u0113jusies supermodele \u017dizele Bundhena &#8211; Jauns.lv"},"content":{"rendered":"<ol>\n<li><a href=\"https:\/\/news.google.com\/rss\/articles\/CBMiiAFBVV95cUxQb2EtM0dlS2ZpLTlFcXlqdzA2ODY2VVNJMXhrQmVfemJaVVZjMTRBMG1pb2U3TzBscnBUSWZGdEtMXzQxc3pCM2pMMHcwb0JUczQ1SzQxS0I0cDJXbDUzMWxiYW1hcld2ZEhvOVV6Y3ZuMkdTQng2SmljUlAwa3RZRlg1NWpXVUJu?oc=5\" target=\"_blank\" rel=\"nofollow noopener\">Apprec\u0113jusies supermodele \u017dizele Bundhena<\/a>&nbsp;&nbsp;Jauns.lv<\/li>\n<li><a href=\"https:\/\/news.google.com\/rss\/articles\/CBMiuwFBVV95cUxNZTlHSlhiekRFbVlFckhRX0tmenJnUVptYVpRSGk3Zi1uR1JKZlM1clZZQTNyUmlzVnEzVmJVTXQ2OVRneEU4dnBIRVJpX1VyUjhzT1hVYVZqdG1QRmpJMnB1YVhwaXlaNkFsNldKTmliSHRKeEdTUldYdGc5enliazJkTDFkdnV2a3hydzF3bFYxaHI2RW5tbGNVa3ZpLVdocjdlS01NWGw2QjRQNks2SllzNk10UGFYU05r?oc=5\" target=\"_blank\" rel=\"nofollow noopener\">P\u0113c tr\u012bs gadiem attiec\u012bb\u0101s apprec\u0113jusies modele \u017dizele Bundhena<\/a>&nbsp;&nbsp;tv3.lv<\/li>\n<li><a href=\"https:\/\/news.google.com\/rss\/articles\/CBMi7gFBVV95cUxNeWltOHlSQ1Z1YW1fYXY4cDhPUlUtSXhqbkRyQkN6OExRMEQ4MlJHYWpXajh1blE1bDdRaWk1M2xqSHNvQV9id1JRMktwSEt5ZnVqZjlLbzZkM1lEb0tvSHYwU3paUm9JVEh4RjI4dzRzOWRHUDdCb1Q3SjRTWExGTndQMGZzUURxVWtYYy01R2N0M1ZNUVdiRUhPYlh1MkxncW5JNTZiVWttSGpDVlVUbnlPT3dRcmkzYUFXLU5mWXJScFRzY19fZTdGWlNDd3J6cEdsUHlnVHZrLVNSaVNwUGlBMmt6R3BQUl9CN2tB?oc=5\" target=\"_blank\" rel=\"nofollow noopener\">Supermodele \u017dizele Bundhena apprec\u0113jusi D\u017eiu-D\u017eitsu Instruktoru \u017doakimu Valent\u012b p\u0113c D\u0113la Piedzim\u0161anas<\/a>&nbsp;&nbsp;Lente.lv<\/li>\n<li><a href=\"https:\/\/news.google.com\/rss\/articles\/CBMitgFBVV95cUxOV0I1dzlxbFZwZ3dkSTlKWmdnd1IzbE1PQlJlc2ROdE84MjNaVVR1LTg5LWZGYm1oenZndUhtRWdIUkwxR2VzY01nTS1yaHFsaVhfVUF4UnhfRnVnRWYwOFgxWHBtLUE1Wk9HLUJ5Z3M5d05SQU9jT2RfcGxzSGoyUzNobklKaGpfLXEyWlNDbFNVNVppWXJ6WXg0V1I5Nnp3NXpNUUI4NEhWMHRZUDNFaFNEOF9Udw?oc=5\" target=\"_blank\" rel=\"nofollow noopener\">Spr\u0101dziens tirdzniec\u012bbas centr\u0101 Tallin\u0101: dro\u0161\u012bbas dienesti izsl\u0113dz terorisma draudus<\/a>&nbsp;&nbsp;tv3.lv<\/li>\n<li><a href=\"https:\/\/news.google.com\/rss\/articles\/CBMi2AFBVV95cUxPaEJFTldkbXpYOF9VSnVXZVk3WHlvVnJJMUhUWHJLdnZaMUZoOXFlUWphMFZPNWU4TFhvb3dBUVpwNnl1bW11NE9kNjNNLU9NT1ZyMlNqcDNoa1o1SUpHNExaa19xN1RLeFRjQkJpQWZzYXhsTmVjOXZZTE42WTBuaU81X1VOVF9OaHo5SG12SU95RlBjbG8tbkUzLWV3SXppWnVyOTNsamVvQTR6YWFOS0gzbUxrVFh4SkFXWEhNejJGNXJqaTJwWkdiOVRNYzVjQWg5ckxQMmU?oc=5\" target=\"_blank\" rel=\"nofollow noopener\">Nosl\u0113pumainas K\u0101zas Dienvidflorid\u0101: Modele \u017dizele Bundhena Apprec\u0113jusi Hoakimu Valent\u012b<\/a>&nbsp;&nbsp;Lente.lv<\/li>\n<\/ol>\n","protected":false},"excerpt":{"rendered":"Apprec\u0113jusies supermodele \u017dizele Bundhena&nbsp;&nbsp;Jauns.lv P\u0113c tr\u012bs gadiem attiec\u012bb\u0101s apprec\u0113jusies modele \u017dizele Bundhena&nbsp;&nbsp;tv3.lv Supermodele \u017dizele Bundhena apprec\u0113jusi D\u017eiu-D\u017eitsu Instruktoru&hellip;\n","protected":false},"author":2,"featured_media":82517,"comment_status":"","ping_status":"","sticky":false,"template":"","format":"standard","meta":{"footnotes":""},"categories":[12],"tags":[23,28,29,32,33,22,30,31,35,39,38,36,37,34,40,20,26,27,24,25,21],"class_list":{"0":"post-82516","1":"post","2":"type-post","3":"status-publish","4":"format-standard","5":"has-post-thumbnail","7":"category-latvija","8":"tag-aktualitates","9":"tag-breaking-news","10":"tag-breakingnews","11":"tag-featured-news","12":"tag-featurednews","13":"tag-headlines","14":"tag-latest-news","15":"tag-latestnews","16":"tag-latvia","17":"tag-latvian","18":"tag-latviesu","19":"tag-latviesu-valoda","20":"tag-latviesuvaloda","21":"tag-latvija","22":"tag-lv","23":"tag-news","24":"tag-popularakas-zinas","25":"tag-popularakaszinas","26":"tag-top-stories","27":"tag-topstories","28":"tag-zinas"},"share_on_mastodon":{"url":"https:\/\/pubeurope.com\/@lv\/115761709315000121","error":""},"_links":{"self":[{"href":"https:\/\/www.europesays.com\/lv\/wp-json\/wp\/v2\/posts\/82516","targetHints":{"allow":["GET"]}}],"collection":[{"href":"https:\/\/www.europesays.com\/lv\/wp-json\/wp\/v2\/posts"}],"about":[{"href":"https:\/\/www.europesays.com\/lv\/wp-json\/wp\/v2\/types\/post"}],"author":[{"embeddable":true,"href":"https:\/\/www.europesays.com\/lv\/wp-json\/wp\/v2\/users\/2"}],"replies":[{"embeddable":true,"href":"https:\/\/www.europesays.com\/lv\/wp-json\/wp\/v2\/comments?post=82516"}],"version-history":[{"count":0,"href":"https:\/\/www.europesays.com\/lv\/wp-json\/wp\/v2\/posts\/82516\/revisions"}],"wp:featuredmedia":[{"embeddable":true,"href":"https:\/\/www.europesays.com\/lv\/wp-json\/wp\/v2\/media\/82517"}],"wp:attachment":[{"href":"https:\/\/www.europesays.com\/lv\/wp-json\/wp\/v2\/media?parent=82516"}],"wp:term":[{"taxonomy":"category","embeddable":true,"href":"https:\/\/www.europesays.com\/lv\/wp-json\/wp\/v2\/categories?post=82516"},{"taxonomy":"post_tag","embeddable":true,"href":"https:\/\/www.europesays.com\/lv\/wp-json\/wp\/v2\/tags?post=82516"}],"curies":[{"name":"wp","href":"https:\/\/api.w.org\/{rel}","templated":true}]}}