{"id":82518,"date":"2025-12-22T06:04:08","date_gmt":"2025-12-22T06:04:08","guid":{"rendered":"https:\/\/www.europesays.com\/lv\/82518\/"},"modified":"2025-12-22T06:04:08","modified_gmt":"2025-12-22T06:04:08","slug":"decembra-beigas-varetu-tikt-atverta-mukusalas-ielas-promenade","status":"publish","type":"post","link":"https:\/\/www.europesays.com\/lv\/82518\/","title":{"rendered":"Decembra beig\u0101s var\u0113tu tikt atv\u0113rta M\u016bkusalas ielas promen\u0101de"},"content":{"rendered":"<p>Krasta promen\u0101des p\u0101rb\u016bves darbi nosl\u0113dz\u0101s b\u016bvniec\u012bbas l\u012bgum\u0101 noteiktaj\u0101 termi\u0146\u0101 \u0161\u012b gada decembr\u012b.<\/p>\n<p>Pa\u0161laik notiekot ekspluat\u0101cij\u0101 nodo\u0161anas process.<\/p>\n<p>Tikl\u012bdz objekts tiks nodots ekspluat\u0101cij\u0101 un b\u016bvdarbu veic\u0113js izpild\u012bs visas saist\u012bbas, t\u0101 promen\u0101de b\u016bs pieejama iedz\u012bvotajiem.<\/p>\n<p>Pl\u0101nots, ka objekts tiks atv\u0113rts lieto\u0161anai l\u012bdz decembra beig\u0101m.<\/p>\n<p>K\u0101 zi\u0146ots, M\u016bkusalas ielas krastmalas rekonstrukcija tika s\u0101kta 2023. gada decembr\u012b un ir viens no liel\u0101kajiem R\u012bgas pa\u0161vald\u012bbas invest\u012bciju projektiem pils\u0113tas infrastrukt\u016bras atjauno\u0161anai.<\/p>\n<p>Veicot M\u016bkusalas krasta promen\u0101des p\u0101rb\u016bvi, pa\u0161vald\u012bbas m\u0113r\u0137is ir att\u012bst\u012bt Daugavas krastmalu par vizu\u0101li pievilc\u012bgu, modernu un labiek\u0101rtotu promen\u0101di, kur\u0101 b\u016bs pat\u012bkami un dro\u0161i uztur\u0113ties gan r\u012bdziniekiem, gan R\u012bgas viesiem.<\/p>\n<p>B\u016bvdarbu laik\u0101 rekonstru\u0113ta M\u016bkusalas ielas krastmala 2,3 kilometru garum\u0101, nostiprin\u0101ta Daugavas krastmala, izb\u016bv\u0113ta g\u0101j\u0113ju un veloinfrastrukt\u016bra, atjaunotas in\u017eenierkomunik\u0101cijas un labiek\u0101rtota vide.<\/p>\n<p>B\u016bvdarbus veic SIA &#8220;Tilts&#8221;. Kop\u0113jais M\u016bkusalas ielas krastmalas nostiprin\u0101\u0161anai un saist\u012bt\u0101s infrastrukt\u016bras b\u016bvniec\u012bbai pl\u0101notais finans\u0113jums ir ap 20 miljoniem eiro bez pievienot\u0101s v\u0113rt\u012bbas nodok\u013ca. 85% no izmaks\u0101m tiks finans\u0113ti ar Valsts kases aizdevumu, bet 15% ir R\u012bgas pa\u0161vald\u012bbas finans\u0113jums.<\/p>\n","protected":false},"excerpt":{"rendered":"Krasta promen\u0101des p\u0101rb\u016bves darbi nosl\u0113dz\u0101s b\u016bvniec\u012bbas l\u012bgum\u0101 noteiktaj\u0101 termi\u0146\u0101 \u0161\u012b gada decembr\u012b. Pa\u0161laik notiekot ekspluat\u0101cij\u0101 nodo\u0161anas process. Tikl\u012bdz&hellip;\n","protected":false},"author":2,"featured_media":82519,"comment_status":"","ping_status":"","sticky":false,"template":"","format":"standard","meta":{"footnotes":""},"categories":[5],"tags":[23,28,29,32,33,22,30,31,35,39,38,36,37,34,40,20,26,27,172,687,24,25,21],"class_list":{"0":"post-82518","1":"post","2":"type-post","3":"status-publish","4":"format-standard","5":"has-post-thumbnail","7":"category-aktualitates","8":"tag-aktualitates","9":"tag-breaking-news","10":"tag-breakingnews","11":"tag-featured-news","12":"tag-featurednews","13":"tag-headlines","14":"tag-latest-news","15":"tag-latestnews","16":"tag-latvia","17":"tag-latvian","18":"tag-latviesu","19":"tag-latviesu-valoda","20":"tag-latviesuvaloda","21":"tag-latvija","22":"tag-lv","23":"tag-news","24":"tag-popularakas-zinas","25":"tag-popularakaszinas","26":"tag-riga","27":"tag-rigas-dome","28":"tag-top-stories","29":"tag-topstories","30":"tag-zinas"},"share_on_mastodon":{"url":"https:\/\/pubeurope.com\/@lv\/115761713171267525","error":""},"_links":{"self":[{"href":"https:\/\/www.europesays.com\/lv\/wp-json\/wp\/v2\/posts\/82518","targetHints":{"allow":["GET"]}}],"collection":[{"href":"https:\/\/www.europesays.com\/lv\/wp-json\/wp\/v2\/posts"}],"about":[{"href":"https:\/\/www.europesays.com\/lv\/wp-json\/wp\/v2\/types\/post"}],"author":[{"embeddable":true,"href":"https:\/\/www.europesays.com\/lv\/wp-json\/wp\/v2\/users\/2"}],"replies":[{"embeddable":true,"href":"https:\/\/www.europesays.com\/lv\/wp-json\/wp\/v2\/comments?post=82518"}],"version-history":[{"count":0,"href":"https:\/\/www.europesays.com\/lv\/wp-json\/wp\/v2\/posts\/82518\/revisions"}],"wp:featuredmedia":[{"embeddable":true,"href":"https:\/\/www.europesays.com\/lv\/wp-json\/wp\/v2\/media\/82519"}],"wp:attachment":[{"href":"https:\/\/www.europesays.com\/lv\/wp-json\/wp\/v2\/media?parent=82518"}],"wp:term":[{"taxonomy":"category","embeddable":true,"href":"https:\/\/www.europesays.com\/lv\/wp-json\/wp\/v2\/categories?post=82518"},{"taxonomy":"post_tag","embeddable":true,"href":"https:\/\/www.europesays.com\/lv\/wp-json\/wp\/v2\/tags?post=82518"}],"curies":[{"name":"wp","href":"https:\/\/api.w.org\/{rel}","templated":true}]}}