{"id":82531,"date":"2025-12-22T06:20:07","date_gmt":"2025-12-22T06:20:07","guid":{"rendered":"https:\/\/www.europesays.com\/lv\/82531\/"},"modified":"2025-12-22T06:20:07","modified_gmt":"2025-12-22T06:20:07","slug":"ziemassvetku-nedela-jekabpils-puse-gan-koncerti-gan-sportiskas-aktivitates-svetku-gaisotne-jekabpils-laiks-jekabpils-zinas","status":"publish","type":"post","link":"https:\/\/www.europesays.com\/lv\/82531\/","title":{"rendered":"Ziemassv\u0113tku ned\u0113\u013c\u0101 J\u0113kabpils pus\u0113 gan koncerti, gan sportiskas aktivit\u0101tes sv\u0113tku gaisotn\u0113 \/ J\u0113kabpils Laiks: J\u0113kabpils zi\u0146as"},"content":{"rendered":"<p>Tuvojoties Ziemassv\u0113tkiem un gada nogalei, J\u0113kabpils novad\u0101 gaid\u0101ms pla\u0161s sv\u0113tku pas\u0101kumu kl\u0101sts \u2013 no sv\u0113tku dievkalpojuma un koncertiem l\u012bdz b\u0113rnu egl\u012bt\u0113m, izr\u0101d\u0113m, sportisk\u0101m aktivit\u0101t\u0113m un Vecgada jampadracim.<\/p>\n<p>24. decembr\u012b pulksten 18:00 Krustpils Eva\u0146\u0123\u0113liski Luteriskaj\u0101 bazn\u012bc\u0101 \u2013 dievkalpojums<\/p>\n<p>24. decembr\u012b pulksten 18:00 Krustpils Eva\u0146\u0123\u0113liski luteriskaj\u0101 bazn\u012bc\u0101 norisin\u0101sies Kristus piedzim\u0161anas sv\u0113tvakara dievkalpojums ar b\u012bskapu Ein\u0101ru Alpi. Par muzik\u0101lo pavad\u012bjumu par\u016bp\u0113sies kokl\u0113t\u0101jas R\u016bta un Simona Z\u0101l\u012btes.<\/p>\n<p>25. decembr\u012b pulksten 16:00 Me\u017e\u0101res Tautas nam\u0101 \u2013 Ziemassv\u0113tku egl\u012bte b\u0113rniem<\/p>\n<p>25. decembr\u012b pulksten 16:00 Me\u017e\u0101res Tautas nam\u0101 norisin\u0101sies Ziemassv\u0113tku egl\u012bte b\u0113rniem kop\u0101 ar a\u0123ent\u016bru \u201cPalla\u201d. \u0160is pas\u0101kums nav izr\u0101de, bet gan t\u0113lu darbo\u0161an\u0101s kop\u0101 ar b\u0113rniem.<\/p>\n<p>25. decembr\u012b pulksten 18:00 Bir\u017eu Tautas nam\u0101 \u2013 koncerts<\/p>\n<p>25. decembr\u012b pulksten 18:00 Bir\u017eu Tautas nam\u0101 notiks amatierm\u0101kslas kolekt\u012bvu koncerts \u201cUzsniga sniedzi\u0146\u0161 balts\u201d.<\/p>\n<p>25. decembr\u012b pulksten 18:00 Ata\u0161ien\u0113 \u2013 sv\u0113tku koncerts<\/p>\n<p>25. decembr\u012b pulksten 18:00 Ata\u0161ienes Tautas nam\u0101 norisin\u0101sies Ziemassv\u0113tku koncerts \u201cV\u0113lmju virpul\u012b\u201d. Taj\u0101 piedal\u012bsies Ata\u0161ienes amatierm\u0101kslas kolekt\u012bvi \u2013 folkloras kopa, b\u0113rnu, senioru un vid\u0113j\u0101s paaudzes deju kolekt\u012bvi, k\u0101 ar\u012b amatierte\u0101tris.<\/p>\n<p>25. decembr\u012b pulksten 19:00 Leima\u0146u Tautas nam\u0101 \u2013 izr\u0101de<\/p>\n<p>25. decembr\u012b pulksten 19:00 Leima\u0146u Tautas nam\u0101 b\u016bs skat\u0101ma luga \u201cSlidens ce\u013c\u0161\u201d. Aktieru lom\u0101s iejut\u012bsies Leima\u0146u amatierte\u0101tris un deju kolekt\u012bvs \u201cDELDZE\u201d.<\/p>\n<p>26. decembr\u012b pulksten 11:00 J\u0113kabpils Sporta nam\u0101 \u2013 Telpu futbola Sv\u0113tku turn\u012brs<\/p>\n<p>26. decembr\u012b pulksten 11:00 J\u0113kabpils Sporta nam\u0101 notiks telpu futbola \u201cSv\u0113tku turn\u012brs\u201d 3\u00d73 form\u0101t\u0101. Gaid\u0101ma aizraujo\u0161a atmosf\u0113ra, draudz\u012bga konkurence un lieliska iesp\u0113ja izkust\u0113ties sv\u0113tku laik\u0101. Lab\u0101kajiem l\u012bdzjut\u0113jiem b\u016bs iesp\u0113ja ieg\u016bt sv\u0113tku balvas.<\/p>\n<p>26. decembr\u012b pulksten 16:00 Spu\u0146\u0123\u0113nu Tautas nam\u0101 \u2013 pas\u0101kums pagasta b\u0113rniem<\/p>\n<p>26. decembr\u012b pulksten 16:00 Spu\u0146\u0123\u0113nu Tautas nam\u0101 norisin\u0101sies Ziemassv\u0113tku pas\u0101kums pagasta b\u0113rniem \u201cTro\u013c\u013cu piedz\u012bvojumi me\u017e\u0101\u201d \u2013 lielform\u0101ta le\u013c\u013cu te\u0101tra izr\u0101de. T\u0101 b\u016bs jautra, aizraujo\u0161a un muzik\u0101la. St\u0101sts v\u0113st\u012bs par tro\u013c\u013ciem \u2013 dv\u012b\u0146u m\u0101su un br\u0101li \u2013, kuri dodas piedz\u012bvojumos, akcent\u0113jot draudz\u012bbu un izpal\u012bdz\u012bbu. Izr\u0101des laik\u0101 skat\u012bt\u0101ji tiks iesaist\u012bti dej\u0101s un rota\u013c\u0101s.<\/p>\n<p>27. decembr\u012b pulksten 19:00 Varie\u0161u Tautas nam\u0101 \u2013 Vecgada koncerts<\/p>\n<p>27. decembr\u012b pulksten 19:00 Varie\u0161u Tautas nam\u0101 notiks Vecgada koncerts \u201cZvaigznes un zvaigzn\u012btes mirdz!\u201d. Taj\u0101 piedal\u012bsies Varie\u0161u amatierte\u0101tris \u201cServ\u012bze\u201d, Ant\u016b\u017eu l\u012bnijdeju kolekt\u012bvs \u201cVariants\u201d, Gali\u0146u \u0123imene, XDS studijas dejot\u0101ji, k\u0101 ar\u012b J\u0113kabpils M\u016bzikas skolas audz\u0113k\u0146i un draugi.<\/p>\n<p>28. decembr\u012b pulksten 12:00 J\u0113kabpils Me\u017eapark\u0101 \u2013 Vecgada jampadracis<\/p>\n<p>28. decembr\u012b pulksten 12:00 J\u0113kabpils Me\u017eapark\u0101, pie pludmales nami\u0146a, norisin\u0101sies jau par trad\u012bciju k\u013cuvu\u0161ais Vecgada jampadracis. Pas\u0101kum\u0101 apvienots viegls koptreni\u0146\u0161, ziemas peldes izaicin\u0101jums un draudz\u012bga kop\u0101 b\u016b\u0161ana. Dal\u012bbniekiem b\u016bs iesp\u0113ja doties 30 min\u016b\u0161u skr\u0113jienso\u013cojum\u0101 r\u016b\u0137u cepur\u0113s, k\u0101 ar\u012b satikties ar \u201cJ\u0113kabpils Ro\u0146iem\u201d. Dal\u012bba ir bez maksas, ta\u010du organizatori aicina atnest dz\u012bvnieku bar\u012bbu, kas tiks nog\u0101d\u0101ta J\u0113kabpils dz\u012bvnieku patversmei.<\/p>\n<p>29. decembr\u012b pulksten 13:00 Vies\u012bt\u0113 \u2013 senioru grozi\u0146balle<\/p>\n<p>29. decembr\u012b pulksten 13:00 Vies\u012btes kult\u016bras centr\u0101 \u201cS\u0113lija\u201d notiks senioru grozi\u0146balle. Programm\u0101 \u2013 sv\u0113tku koncerts un balle, kur\u0101 muzic\u0113s Gunta Greisle, Edijs Stru\u0161elis, Ilva E\u0161envalde un Juris Laiz\u0101ns. Pl\u0101noti ar\u012b p\u0101rsteigumi, loterija, sadzied\u0101\u0161an\u0101s, dejo\u0161ana un lust\u012bga kop\u0101 b\u016b\u0161ana.<\/p>\n","protected":false},"excerpt":{"rendered":"Tuvojoties Ziemassv\u0113tkiem un gada nogalei, J\u0113kabpils novad\u0101 gaid\u0101ms pla\u0161s sv\u0113tku pas\u0101kumu kl\u0101sts \u2013 no sv\u0113tku dievkalpojuma un koncertiem&hellip;\n","protected":false},"author":2,"featured_media":82532,"comment_status":"","ping_status":"","sticky":false,"template":"","format":"standard","meta":{"footnotes":""},"categories":[12],"tags":[23,28,29,32,33,22,987,986,30,31,35,39,38,36,37,34,40,20,26,27,24,25,21],"class_list":{"0":"post-82531","1":"post","2":"type-post","3":"status-publish","4":"format-standard","5":"has-post-thumbnail","7":"category-latvija","8":"tag-aktualitates","9":"tag-breaking-news","10":"tag-breakingnews","11":"tag-featured-news","12":"tag-featurednews","13":"tag-headlines","14":"tag-jekabpils-zinas","15":"tag-jekabpilslaiks","16":"tag-latest-news","17":"tag-latestnews","18":"tag-latvia","19":"tag-latvian","20":"tag-latviesu","21":"tag-latviesu-valoda","22":"tag-latviesuvaloda","23":"tag-latvija","24":"tag-lv","25":"tag-news","26":"tag-popularakas-zinas","27":"tag-popularakaszinas","28":"tag-top-stories","29":"tag-topstories","30":"tag-zinas"},"share_on_mastodon":{"url":"https:\/\/pubeurope.com\/@lv\/115761776524050971","error":""},"_links":{"self":[{"href":"https:\/\/www.europesays.com\/lv\/wp-json\/wp\/v2\/posts\/82531","targetHints":{"allow":["GET"]}}],"collection":[{"href":"https:\/\/www.europesays.com\/lv\/wp-json\/wp\/v2\/posts"}],"about":[{"href":"https:\/\/www.europesays.com\/lv\/wp-json\/wp\/v2\/types\/post"}],"author":[{"embeddable":true,"href":"https:\/\/www.europesays.com\/lv\/wp-json\/wp\/v2\/users\/2"}],"replies":[{"embeddable":true,"href":"https:\/\/www.europesays.com\/lv\/wp-json\/wp\/v2\/comments?post=82531"}],"version-history":[{"count":0,"href":"https:\/\/www.europesays.com\/lv\/wp-json\/wp\/v2\/posts\/82531\/revisions"}],"wp:featuredmedia":[{"embeddable":true,"href":"https:\/\/www.europesays.com\/lv\/wp-json\/wp\/v2\/media\/82532"}],"wp:attachment":[{"href":"https:\/\/www.europesays.com\/lv\/wp-json\/wp\/v2\/media?parent=82531"}],"wp:term":[{"taxonomy":"category","embeddable":true,"href":"https:\/\/www.europesays.com\/lv\/wp-json\/wp\/v2\/categories?post=82531"},{"taxonomy":"post_tag","embeddable":true,"href":"https:\/\/www.europesays.com\/lv\/wp-json\/wp\/v2\/tags?post=82531"}],"curies":[{"name":"wp","href":"https:\/\/api.w.org\/{rel}","templated":true}]}}