{"id":82533,"date":"2025-12-22T06:21:09","date_gmt":"2025-12-22T06:21:09","guid":{"rendered":"https:\/\/www.europesays.com\/lv\/82533\/"},"modified":"2025-12-22T06:21:09","modified_gmt":"2025-12-22T06:21:09","slug":"stelpes-pagasta-iepazistas-ar-parmainam-daudzdzivoklu-maju-parvaldisana-informacija-noderiga-visiem-daudzdzivoklu-namu-dzivoklu-ipasniekiem","status":"publish","type":"post","link":"https:\/\/www.europesays.com\/lv\/82533\/","title":{"rendered":"Stelpes pagast\u0101 iepaz\u012bstas ar p\u0101rmai\u0146\u0101m daudzdz\u012bvok\u013cu m\u0101ju p\u0101rvald\u012b\u0161an\u0101; inform\u0101cija noder\u012bga visiem daudzdz\u012bvok\u013cu namu dz\u012bvok\u013cu \u012bpa\u0161niekiem"},"content":{"rendered":"<p>                        <img fetchpriority=\"high\" decoding=\"async\" width=\"800\" height=\"600\" src=\"https:\/\/www.europesays.com\/lv\/wp-content\/uploads\/2025\/12\/Stelpe-sapulce_Gija-Spula.jpg\" alt=\"\" class=\"wp-image-1087901\"  \/><\/p>\n<p>Stelp\u0113 pag\u0101ju\u0161aj\u0101 ned\u0113\u013c\u0101 notika iedz\u012bvot\u0101ju kopsapulce, kuru r\u012bkoja Stelpes iedz\u012bvot\u0101ju konsultat\u012bv\u0101 padome. Sapulces laik\u0101 san\u0101ku\u0161ie tika inform\u0113ti par aktualit\u0101t\u0113m dz\u012bvojamo m\u0101ju privatiz\u0101cijas pabeig\u0161anas likum\u0101 un gaid\u0101maj\u0101m p\u0101rmai\u0146\u0101m daudzdz\u012bvok\u013cu m\u0101ju p\u0101rvald\u012b\u0161an\u0101. Turkl\u0101t iedz\u012bvot\u0101ju konsultat\u012bv\u0101 padome inform\u0113ja kl\u0101teso\u0161os par 2025. gad\u0101 paveikto un 2026. gad\u0101 pl\u0101notajiem darbiem pagast\u0101, v\u0113sta Gija Spula, pa\u0161vald\u012bbas sabiedrisko attiec\u012bbu speci\u0101liste.<\/p>\n<p>        <img loading=\"lazy\" decoding=\"async\" width=\"1024\" height=\"587\" src=\"https:\/\/www.europesays.com\/lv\/wp-content\/uploads\/2025\/12\/Saukums-Ugis-1024x587.jpg\" alt=\"\" class=\"wp-image-1087902\"  \/>U\u0123is Saukums.<\/p>\n<p>Par to, ko jaunais regul\u0113jums noz\u012bm\u0113 ikvienam dz\u012bvok\u013ca \u012bpa\u0161niekam, 18. decembr\u012b inform\u0113ja SIA \u201cBauskas novada komun\u0101lserviss\u201d (BNKS) valdes loceklis U\u0123is Saukums, sniedzot skaidrojumus un atbildot uz iedz\u012bvot\u0101ju jaut\u0101jumiem.<\/p>\n<p>Kas ir p\u0101rvald\u012b\u0161anas ties\u012bbas?<\/p>\n<p>P\u0101rvald\u012b\u0161anas ties\u012bbas noz\u012bm\u0113 ties\u012bbas un pien\u0101kumus lemt par daudzdz\u012bvok\u013cu m\u0101jas apsaimnieko\u0161anu \u2013 ikdienas uztur\u0113\u0161anu, komun\u0101lo pakalpojumu nodro\u0161in\u0101\u0161anu, remontdarbu organiz\u0113\u0161anu un finan\u0161u pl\u0101no\u0161anu.<\/p>\n<p>L\u012bdz \u0161im daudz\u0101s daudzdz\u012bvok\u013cu m\u0101j\u0101s p\u0101rvald\u012b\u0161anu nodro\u0161in\u0101ja pa\u0161vald\u012bba, ta\u010du p\u0101rvald\u012b\u0161anas ties\u012bbu p\u0101r\u0146em\u0161ana noz\u012bm\u0113, ka dz\u012bvok\u013cu \u012bpa\u0161nieku kop\u012bba pati nosaka, k\u0101 m\u0101ja tiks p\u0101rvald\u012bta turpm\u0101k.<\/p>\n<p>K\u0101p\u0113c nepiecie\u0161ama p\u0101rvald\u012b\u0161anas ties\u012bbu p\u0101r\u0146em\u0161ana?<\/p>\n<p><a href=\"https:\/\/likumi.lv\/ta\/id\/359809-valsts-un-pasvaldibu-dzivojamo-maju-privatizacijas-pabeigsanas-likums\" target=\"_blank\" rel=\"noreferrer noopener nofollow\">Valsts un pa\u0161vald\u012bbu dz\u012bvojamo m\u0101ju privatiz\u0101cijas pabeig\u0161anas likums<\/a>, kas st\u0101j\u0101s sp\u0113k\u0101 2025. gada 1. maij\u0101, nosaka skaidru termi\u0146u \u2013 l\u012bdz 2026. gada 1. janv\u0101rim vis\u0101m privatiz\u0113taj\u0101m daudzdz\u012bvok\u013cu m\u0101j\u0101m j\u0101p\u0101r\u0146em p\u0101rvald\u012b\u0161anas ties\u012bbas no pa\u0161vald\u012bbas.<\/p>\n<p>\u0160\u012bs izmai\u0146as ir privatiz\u0101cijas procesa nosl\u0113gums, nodro\u0161inot, ka m\u0101jas \u012bpa\u0161nieki pa\u0161i pie\u0146em l\u0113mumus par savas m\u0101jas p\u0101rvald\u012b\u0161anu.<\/p>\n<p>Vai p\u0101rvald\u012b\u0161anas ties\u012bbu p\u0101r\u0146em\u0161ana ir oblig\u0101ta?<\/p>\n<p>Atbildot uz iedz\u012bvot\u0101ju jaut\u0101jumiem, U\u0123is Saukums uzsv\u0113ra, ka p\u0101rvald\u012b\u0161anas ties\u012bbu p\u0101r\u0146em\u0161ana ir oblig\u0101ta. L\u0113mums par p\u0101rvald\u012b\u0161anas ties\u012bbu p\u0101r\u0146em\u0161anu ir j\u0101pie\u0146em dz\u012bvok\u013cu \u012bpa\u0161nieku kop\u012bbas balsojum\u0101, un tas ir sp\u0113k\u0101, ja \u201cpar\u201d nobalso vismaz 51 % dz\u012bvok\u013cu \u012bpa\u0161nieku.<\/p>\n<p>Vienlaikus tika nor\u0101d\u012bts, ka p\u0101r\u0146em\u0161ana nav vienas dienas formalit\u0101te, bet gan process, kas prasa dz\u012bvok\u013cu \u012bpa\u0161nieku iesaisti, savstarp\u0113ju vieno\u0161anos un savlaic\u012bgu r\u012bc\u012bbu. Iedz\u012bvot\u0101ji tika aicin\u0101ti \u0161o jaut\u0101jumu neatlikt un laikus vienoties par piem\u0113rot\u0101ko risin\u0101jumu.<\/p>\n<p>K\u0101di ir iesp\u0113jamie risin\u0101jumi?<\/p>\n<p>Dz\u012bvok\u013cu \u012bpa\u0161niekiem ir divas galven\u0101s iesp\u0113jas:<\/p>\n<ul class=\"wp-block-list\">\n<li>uztic\u0113t m\u0101jas p\u0101rvald\u012b\u0161anu profesion\u0101lam p\u0101rvaldniekam, nosl\u0113dzot p\u0101rvald\u012b\u0161anas l\u012bgumu;<\/li>\n<li>dibin\u0101t dz\u012bvok\u013cu \u012bpa\u0161nieku biedr\u012bbu un organiz\u0113t m\u0101jas apsaimnieko\u0161anu pa\u0161u sp\u0113kiem.<\/li>\n<\/ul>\n<p>Abos gad\u012bjumos l\u0113mums tiek pie\u0146emts dz\u012bvok\u013cu \u012bpa\u0161nieku kop\u012bbas ietvaros.<\/p>\n<p>Ja dz\u012bvok\u013cu \u012bpa\u0161nieki\u00a0nevar vienoties\u00a0vai\u00a0neveic nek\u0101das darb\u012bbas, uz likuma pamata\u00a0m\u0101ja\u00a0paliek SIA \u201cBauskas novada komun\u0101lserviss\u201d p\u0101rvald\u012b\u0161an\u0101, iev\u0113rojot pied\u0101v\u0101t\u0101 l\u012bguma noteikumus. T\u0101d\u0113\u013c nav j\u0101uztraucas \u2013 ja l\u0113mums netiek pie\u0146emts, BNKS turpin\u0101s r\u016bp\u0113ties par m\u0101jas apsaimnieko\u0161anu un pakalpojumu nodro\u0161in\u0101\u0161anu k\u0101 l\u012bdz \u0161im.<\/p>\n<p>Kas main\u012bsies p\u0113c 2026. gada 1. janv\u0101ra?<\/p>\n<p>P\u0113c 2026. gada 1. janv\u0101ra pilna atbild\u012bba par m\u0101jas p\u0101rvald\u012b\u0161anas organiz\u0113\u0161anu b\u016bs dz\u012bvok\u013cu \u012bpa\u0161nieku kop\u012bbai. Tas noz\u012bm\u0113, ka \u012bpa\u0161nieki pa\u0161i lems par p\u0101rvaldnieka izv\u0113li, pakalpojumu apjomu un m\u0101jas uztur\u0113\u0161anas priorit\u0101t\u0113m.<\/p>\n<p>        Sapulces nosl\u0113gum\u0101 \u2013 konsultat\u012bv\u0101s padomes inform\u0101cija par paveikto un pl\u0101notajiem darbiem pagast\u0101<\/p>\n<p>P\u0113c iedz\u012bvot\u0101ju jaut\u0101jumu izskat\u012b\u0161anas un diskusiju nosl\u0113guma Stelpes iedz\u012bvot\u0101ju konsultat\u012bv\u0101 padome inform\u0113ja kl\u0101teso\u0161os par 2025. gad\u0101 paveikto un 2026. gad\u0101 pl\u0101notajiem darbiem.<\/p>\n<p><img loading=\"lazy\" decoding=\"async\" width=\"800\" height=\"600\" src=\"https:\/\/www.europesays.com\/lv\/wp-content\/uploads\/2025\/12\/Stelpes-padome_Kaspars-Ozols.jpg\" alt=\"\" class=\"wp-image-1087903\"  \/>Kaspars Ozols.<\/p>\n<p>Stelpes pagasta iedz\u012bvot\u0101ju padomes priek\u0161s\u0113d\u0113t\u0101js Kaspars Ozols inform\u0113ja par aktu\u0101lo \u0123imenes \u0101rsta prakses vietas iek\u0101rto\u0161anu: \u201c\u0122imenes \u0101rsta prakses vietas uzlabo\u0161anas projekts joproj\u0101m ir darba k\u0101rt\u012bb\u0101 un nav aptur\u0113ts. \u0160obr\u012bd projekta pieteikums atrodas Centr\u0101l\u0101s finan\u0161u un l\u012bgumu a\u0123ent\u016bras p\u0101rraudz\u012bb\u0101 un izskat\u012b\u0161an\u0101, jo prakses vietas uzlabo\u0161ana tiek pl\u0101nota ar Eiropas Savien\u012bbas fondu finans\u0113jumu.\u201d Tika pausta cer\u012bba uz iesp\u0113jami dr\u012bz\u0101ku l\u0113muma pie\u0146em\u0161anu un projekta \u012bsteno\u0161anu.<\/p>\n<p>K\u0101 zi\u0146oja G. Spula, konsultat\u012bv\u0101 padome aicin\u0101ja iedz\u012bvot\u0101jus akt\u012bvi iesaist\u012bties viedok\u013cu pau\u0161an\u0101 un ideju iesnieg\u0161an\u0101 <a href=\"https:\/\/www.bauskasnovads.lv\/lv\/lidzdalibas-budzets\" target=\"_blank\" rel=\"noreferrer noopener nofollow\">l\u012bdzdal\u012bbas bud\u017eeta<\/a> projektiem. Padome uzsver, ka, kop\u012bgi diskut\u0113jot un sadarbojoties, ir iesp\u0113jams non\u0101kt pie lab\u0101m un realiz\u0113jam\u0101m idej\u0101m.<\/p>\n<p>T\u0101pat aktu\u0101ls ir projekts \u201c<a href=\"https:\/\/www.bauskasnovads.lv\/lv\/iedzivotaji-veido-savu-vidi\" target=\"_blank\" rel=\"noreferrer noopener nofollow\">Iedz\u012bvot\u0101ji veido savu vidi<\/a>\u201d. Iedz\u012bvot\u0101ji aicin\u0101ti izteikt savas idejas Dacei Stall\u012btei Stelpes pagasta noda\u013c\u0101.<\/p>\n<p>Nosl\u0113gum\u0101 padome aicin\u0101ja iedz\u012bvot\u0101jus dal\u012bties ar\u012b ar ierosin\u0101jumiem n\u0101kotnei \u2013 k\u0101dus jaut\u0101jumus b\u016btu svar\u012bgi apspriest un k\u0101dus speci\u0101listus v\u0113l b\u016btu lietder\u012bgi uzaicin\u0101t uz l\u012bdz\u012bga form\u0101ta sapulc\u0113m, lai turpin\u0101tu atkl\u0101tu dialogu un kop\u012bgi risin\u0101tu Stelpei noz\u012bm\u012bgas probl\u0113mas.<\/p>\n<p>Teksta un foto avots: bauskasnovads.lv<\/p>\n","protected":false},"excerpt":{"rendered":"Stelp\u0113 pag\u0101ju\u0161aj\u0101 ned\u0113\u013c\u0101 notika iedz\u012bvot\u0101ju kopsapulce, kuru r\u012bkoja Stelpes iedz\u012bvot\u0101ju konsultat\u012bv\u0101 padome. Sapulces laik\u0101 san\u0101ku\u0161ie tika inform\u0113ti par&hellip;\n","protected":false},"author":2,"featured_media":82534,"comment_status":"","ping_status":"","sticky":false,"template":"","format":"standard","meta":{"footnotes":""},"categories":[5],"tags":[23,28,29,32,33,22,30,31,35,39,38,36,37,34,40,20,26,27,24,25,21],"class_list":{"0":"post-82533","1":"post","2":"type-post","3":"status-publish","4":"format-standard","5":"has-post-thumbnail","7":"category-aktualitates","8":"tag-aktualitates","9":"tag-breaking-news","10":"tag-breakingnews","11":"tag-featured-news","12":"tag-featurednews","13":"tag-headlines","14":"tag-latest-news","15":"tag-latestnews","16":"tag-latvia","17":"tag-latvian","18":"tag-latviesu","19":"tag-latviesu-valoda","20":"tag-latviesuvaloda","21":"tag-latvija","22":"tag-lv","23":"tag-news","24":"tag-popularakas-zinas","25":"tag-popularakaszinas","26":"tag-top-stories","27":"tag-topstories","28":"tag-zinas"},"share_on_mastodon":{"url":"https:\/\/pubeurope.com\/@lv\/115761780192873306","error":""},"_links":{"self":[{"href":"https:\/\/www.europesays.com\/lv\/wp-json\/wp\/v2\/posts\/82533","targetHints":{"allow":["GET"]}}],"collection":[{"href":"https:\/\/www.europesays.com\/lv\/wp-json\/wp\/v2\/posts"}],"about":[{"href":"https:\/\/www.europesays.com\/lv\/wp-json\/wp\/v2\/types\/post"}],"author":[{"embeddable":true,"href":"https:\/\/www.europesays.com\/lv\/wp-json\/wp\/v2\/users\/2"}],"replies":[{"embeddable":true,"href":"https:\/\/www.europesays.com\/lv\/wp-json\/wp\/v2\/comments?post=82533"}],"version-history":[{"count":0,"href":"https:\/\/www.europesays.com\/lv\/wp-json\/wp\/v2\/posts\/82533\/revisions"}],"wp:featuredmedia":[{"embeddable":true,"href":"https:\/\/www.europesays.com\/lv\/wp-json\/wp\/v2\/media\/82534"}],"wp:attachment":[{"href":"https:\/\/www.europesays.com\/lv\/wp-json\/wp\/v2\/media?parent=82533"}],"wp:term":[{"taxonomy":"category","embeddable":true,"href":"https:\/\/www.europesays.com\/lv\/wp-json\/wp\/v2\/categories?post=82533"},{"taxonomy":"post_tag","embeddable":true,"href":"https:\/\/www.europesays.com\/lv\/wp-json\/wp\/v2\/tags?post=82533"}],"curies":[{"name":"wp","href":"https:\/\/api.w.org\/{rel}","templated":true}]}}