{"id":82539,"date":"2025-12-22T06:26:22","date_gmt":"2025-12-22T06:26:22","guid":{"rendered":"https:\/\/www.europesays.com\/lv\/82539\/"},"modified":"2025-12-22T06:26:22","modified_gmt":"2025-12-22T06:26:22","slug":"rezeknes-dome-mekle-jaunu-celu-vietejai-auditorijai-lente-lv","status":"publish","type":"post","link":"https:\/\/www.europesays.com\/lv\/82539\/","title":{"rendered":"R\u0113zeknes Dome Mekl\u0113 Jaunu Ce\u013cu Viet\u0113jai Auditorijai\u00a0\u2014\u00a0Lente.lv"},"content":{"rendered":"<p>Audita Rezult\u0101ti Ierosina Reorganiz\u0101ciju<\/p>\n<p>Gadu p\u0113c atkl\u0101\u0161anas R\u0113zeknes centr\u0101lais kult\u016bras objekts, Latgales v\u0113stniec\u012bba \u201cGors\u201d, st\u0101v uz p\u0101rmai\u0146u sliek\u0161\u0146a. R\u0113zeknes valstspils\u0113tas dome, pamatojoties uz nesen veikta audita rezult\u0101tiem pa\u0161vald\u012bbas kapit\u0101lsabiedr\u012bb\u0101, apsver vair\u0101kus koncertz\u0101les n\u0101kotnes scen\u0101rijus. K\u0101 zi\u0146o telekan\u0101ls TV3, \u0161is solis sekoja p\u0113c nepiecie\u0161am\u012bbas izv\u0113rt\u0113t iest\u0101des darb\u012bbas efektivit\u0101ti un ie\u0146\u0113mumu uzskaiti, \u012bpa\u0161i \u0146emot v\u0113r\u0101 gan valsts, gan pa\u0161vald\u012bbas finan\u0161u ieguld\u012bjumus. K\u0101 viens no galvenajiem m\u0113r\u0137iem reorganiz\u0101cij\u0101 tiek min\u0113ta v\u0113lme piel\u0101got pas\u0101kumu programmu lab\u0101k atbilsto\u0161u viet\u0113j\u0101s auditorijas interes\u0113m.<\/p>\n<p>Priv\u0101t\u012bpa\u0161uma Riski un Pretest\u012bba<\/p>\n<p>Starp izskat\u0101majiem scen\u0101rijiem ir ar\u012b variants, ka \u201cGors\u201d tiktu nodots priv\u0101to uz\u0146\u0113m\u0113ju p\u0101rvald\u012bb\u0101, iesp\u0113jams, iznom\u0101jot telpas. Tom\u0113r \u0161\u012b perspekt\u012bva rais\u012bjusi nopietnu opoz\u012bciju gan domes deput\u0101tu, gan valsts p\u0101rvaldes instit\u016bciju vid\u016b. Kult\u016bras ministrija jau paudusi ba\u017eas, uzsverot, ka valsts \u0161aj\u0101 projekt\u0101 ieguld\u012bjusi iev\u0113rojamu summu, p\u0101rsniedzot asto\u0146us miljonus eiro. Savuk\u0101rt opoz\u012bcijas deput\u0101ti pau\u017e satraukumu, ka priv\u0101ta p\u0101rvald\u012bba var\u0113tu novest pie kult\u016bras pied\u0101v\u0101juma vienk\u0101r\u0161o\u0161anas un kvalit\u0101tes krituma, jo komerci\u0101las intereses var\u0113tu p\u0101rsv\u0113rt galvenos kult\u016bras m\u0113r\u0137us.<\/p>\n<p>Sabiedr\u012bbas Mobiliz\u0101cija un M\u0113ra Viedoklis<\/p>\n<p>Iedz\u012bvot\u0101ju neapmierin\u0101t\u012bba ar iesp\u0113jamaj\u0101m izmai\u0146\u0101m ir izpaudusies \u013coti \u0101tri. Platform\u0101 \u201cManabalss.lv\u201d \u012bs\u0101 laik\u0101 sav\u0101kti vair\u0101k nek\u0101 2500 parakstu, kas pau\u017e skaidru nosod\u012bjumu nodo\u0161anai priv\u0101t\u012bpa\u0161um\u0101 un prasa saglab\u0101t iest\u0101des publisko statusu. \u0160is atbalsts apliecina \u201cGora\u201d noz\u012bmi k\u0101 re\u0123ion\u0101l\u0101 kult\u016bras centram. R\u0113zeknes m\u0113rs Aleksandrs Barta\u0161evi\u010ds iepriek\u0161 ir kritiz\u0113jis eso\u0161o repertu\u0101ru, nor\u0101dot, ka tas ne vienm\u0113r atbilst viet\u0113jo iedz\u012bvot\u0101ju piepras\u012bjumam.<\/p>\n<p>N\u0101kamie So\u013ci un Strat\u0113\u0123isk\u0101 Noz\u012bme<\/p>\n<p>Lai gan tiek veidota darba grupa audita secin\u0101jumu anal\u012bzei, pagaid\u0101m gal\u012bgais l\u0113mums par p\u0101rvald\u012bbas modeli nav pie\u0146emts. Latvijas M\u016bzikas padome ir uzsv\u0113rusi \u201cGora\u201d strat\u0113\u0123isko noz\u012bmi Latvijas kult\u016bras kart\u0113 un aicina iesaist\u012bt visus iesaist\u012btos jaut\u0101juma risin\u0101\u0161an\u0101. Neskatoties uz diskusij\u0101m, koncertz\u0101le turpina savu profesion\u0101lo darb\u012bbu, m\u0113\u0123inot rast l\u012bdzsvaru starp finansi\u0101lo ilgtsp\u0113ju un augstv\u0113rt\u012bgas m\u0101kslas pieejam\u012bbu Latgales re\u0123ion\u0101.<\/p>\n","protected":false},"excerpt":{"rendered":"Audita Rezult\u0101ti Ierosina Reorganiz\u0101ciju Gadu p\u0113c atkl\u0101\u0161anas R\u0113zeknes centr\u0101lais kult\u016bras objekts, Latgales v\u0113stniec\u012bba \u201cGors\u201d, st\u0101v uz p\u0101rmai\u0146u sliek\u0161\u0146a.&hellip;\n","protected":false},"author":2,"featured_media":82540,"comment_status":"","ping_status":"","sticky":false,"template":"","format":"standard","meta":{"footnotes":""},"categories":[12],"tags":[23,28,29,20879,32,33,22,20617,17220,30,31,35,39,38,36,37,34,40,20,26,27,20880,167,24,25,21],"class_list":{"0":"post-82539","1":"post","2":"type-post","3":"status-publish","4":"format-standard","5":"has-post-thumbnail","7":"category-latvija","8":"tag-aktualitates","9":"tag-breaking-news","10":"tag-breakingnews","11":"tag-dome-reorganizacija","12":"tag-featured-news","13":"tag-featurednews","14":"tag-headlines","15":"tag-koncertzale-gors","16":"tag-kulturas-politika","17":"tag-latest-news","18":"tag-latestnews","19":"tag-latvia","20":"tag-latvian","21":"tag-latviesu","22":"tag-latviesu-valoda","23":"tag-latviesuvaloda","24":"tag-latvija","25":"tag-lv","26":"tag-news","27":"tag-popularakas-zinas","28":"tag-popularakaszinas","29":"tag-privatipasums","30":"tag-rezekne","31":"tag-top-stories","32":"tag-topstories","33":"tag-zinas"},"share_on_mastodon":{"url":"https:\/\/pubeurope.com\/@lv\/115761799753105607","error":""},"_links":{"self":[{"href":"https:\/\/www.europesays.com\/lv\/wp-json\/wp\/v2\/posts\/82539","targetHints":{"allow":["GET"]}}],"collection":[{"href":"https:\/\/www.europesays.com\/lv\/wp-json\/wp\/v2\/posts"}],"about":[{"href":"https:\/\/www.europesays.com\/lv\/wp-json\/wp\/v2\/types\/post"}],"author":[{"embeddable":true,"href":"https:\/\/www.europesays.com\/lv\/wp-json\/wp\/v2\/users\/2"}],"replies":[{"embeddable":true,"href":"https:\/\/www.europesays.com\/lv\/wp-json\/wp\/v2\/comments?post=82539"}],"version-history":[{"count":0,"href":"https:\/\/www.europesays.com\/lv\/wp-json\/wp\/v2\/posts\/82539\/revisions"}],"wp:featuredmedia":[{"embeddable":true,"href":"https:\/\/www.europesays.com\/lv\/wp-json\/wp\/v2\/media\/82540"}],"wp:attachment":[{"href":"https:\/\/www.europesays.com\/lv\/wp-json\/wp\/v2\/media?parent=82539"}],"wp:term":[{"taxonomy":"category","embeddable":true,"href":"https:\/\/www.europesays.com\/lv\/wp-json\/wp\/v2\/categories?post=82539"},{"taxonomy":"post_tag","embeddable":true,"href":"https:\/\/www.europesays.com\/lv\/wp-json\/wp\/v2\/tags?post=82539"}],"curies":[{"name":"wp","href":"https:\/\/api.w.org\/{rel}","templated":true}]}}