{"id":82545,"date":"2025-12-22T06:31:13","date_gmt":"2025-12-22T06:31:13","guid":{"rendered":"https:\/\/www.europesays.com\/lv\/82545\/"},"modified":"2025-12-22T06:31:13","modified_gmt":"2025-12-22T06:31:13","slug":"krievijas-enu-flotes-tankkugis-iznicinats-vairak-neka-2000-km-attaluma-lente-lv","status":"publish","type":"post","link":"https:\/\/www.europesays.com\/lv\/82545\/","title":{"rendered":"Krievijas \u201e\u0113nu flotes\u201d tankku\u0123is izn\u012bcin\u0101ts vair\u0101k nek\u0101 2000 km att\u0101lum\u0101\u00a0\u2014\u00a0Lente.lv"},"content":{"rendered":"<p>P\u0101rsteidzo\u0161s Trieciens T\u0101lu No Ukrainas Krastiem<\/p>\n<p>Ukrainas dro\u0161\u012bbas dienests (SBU) ir \u012bstenojis bezprecedenta milit\u0101ro oper\u0101ciju Vidusj\u016bras neitr\u0101lajos \u016bde\u0146os, uzbr\u016bkot Krievijas t\u0101 d\u0113v\u0113tajai \u201e\u0113nu flotei\u201d. K\u0101 inform\u0113 port\u0101ls NRA, avots SBU vid\u016b atkl\u0101jis, ka trieciena m\u0113r\u0137is bija tankku\u0123is, kas atrad\u0101s vair\u0101k nek\u0101 2000 kilometru att\u0101lum\u0101 no Ukrainas robe\u017e\u0101m. \u0160is incidents iez\u012bm\u0113 b\u016btisku Ukrainas sp\u0113ju papla\u0161in\u0101\u0161anos attiec\u012bb\u0101 uz m\u0113r\u0137u izv\u0113li un darb\u012bbas \u0123eogr\u0101fiju, p\u0101rce\u013cot uzbrukumus \u0101rpus tradicion\u0101l\u0101s Meln\u0101s j\u016bras zonas. Oper\u0101cija notikusi piektdien, 19. decembr\u012b, kas da\u013c\u0113ji sakrita ar laiku, kad Krievijas prezidents Vladimirs Putins sniedza savu gada nosl\u0113guma preses konferenci, radot spilgtu kontrastu starp Krem\u013ca retoriku un realit\u0101ti j\u016br\u0101.<\/p>\n<p>Tankku\u0123a \u201eQendil\u201d Neitr\u0101lais Liktenis<\/p>\n<p>Uzbrukum\u0101 tika tr\u0101p\u012bts tankku\u0123im ar nosaukumu \u201eQendil\u201d, kas, k\u0101 zi\u0146ots, ku\u0123oja zem Om\u0101nas karoga. SBU avoti uzsv\u0113ra, ka \u0161is ku\u0123is bija svar\u012bga Krievijas meh\u0101nisma sast\u0101vda\u013ca, ko izmantoja, lai apietu Rietumu sankcijas un nodro\u0161in\u0101tu naftas eksportu, t\u0101d\u0113j\u0101di netie\u0161i finans\u0113jot karu pret Ukrainu. Lai gan ku\u0123is pieder pie flot\u0113m ar augstu sankciju risku, tas nebija tie\u0161i iek\u013cauts ASV Finan\u0161u ministrijas sankciju sarakstos. Saska\u0146\u0101 ar s\u0101kotn\u0113jo inform\u0101ciju, trieciena br\u012bd\u012b ku\u0123is bija bez kravas, kas, avota teikt\u0101, mazin\u0101ja tie\u0161us draudus videi Vidusj\u016bras ekosist\u0113mai. Tom\u0113r tankku\u0123is tika kritiski boj\u0101ts un, p\u0113c visa sprie\u017eot, ir k\u013cuvis neizmantojams turpm\u0101kajiem p\u0101rvad\u0101jumiem.<\/p>\n<p>Izl\u016bko\u0161anas Dati un Oper\u0101cijas Geogr\u0101fija<\/p>\n<p>Trieciena vieta bija starptautiskajos \u016bde\u0146os Vidusj\u016bras austrumu da\u013c\u0101. Ku\u0123u izseko\u0161anas sist\u0113mu dati nor\u0101da, ka \u201eQendil\u201d p\u0113d\u0113joreiz tika nov\u0113rots piektdienas r\u012bt\u0101 net\u0101lu no Kr\u0113tas krastiem, virzoties paral\u0113li L\u012bbijas piekrastei. Tiek zi\u0146ots, ka tankku\u0123a mar\u0161ruts veda no Indijas ostas Sikka uz Krievijas Baltijas j\u016bras ostu Ust-Lugu. \u0160\u0101da oper\u0101cijas izpilde, kas veikta ar Ukrainas j\u016bras dronu pal\u012bdz\u012bbu, liecina par iev\u0113rojamu tehnolo\u0123isku un operat\u012bvo progresu Kijivas aizsardz\u012bbas un dro\u0161\u012bbas strukt\u016br\u0101s. L\u012bdz\u012bga intensit\u0101te tika nov\u0113rota ar\u012b Kaspijas j\u016br\u0101, kur Ukraina \u0161om\u0113nes veikusi triecienus ar\u012b Krievijas naftas ieguves platform\u0101m.<\/p>\n<p>Likum\u012bba un Strat\u0113\u0123isk\u0101 Noz\u012bme<\/p>\n<p>Ukrainas dro\u0161\u012bbas dienesta avots stingri aizst\u0101v\u0113ja oper\u0101cijas le\u0123itimit\u0101ti, nor\u0101dot, ka no starptautisko ties\u012bbu un kara likumu viedok\u013ca jebkur\u0161 objekts, kas tie\u0161i finans\u0113 agresiju, ir piln\u012bgi likum\u012bgs m\u0113r\u0137is. \u201eIenaidniekam ir j\u0101saprot, ka Ukraina neapst\u0101sies un uzbruks vi\u0146am jebkur\u0101 pasaules viet\u0101, lai kur tas atrastos,\u201d uzsv\u0113ra avots. \u0160is trieciens papla\u0161in\u0101jums iez\u012bm\u0113 jaunu f\u0101zi Ukrainas strat\u0113\u0123ij\u0101, kas iepriek\u0161 galvenok\u0101rt koncentr\u0113j\u0101s uz naftas p\u0101rstr\u0101des r\u016bpn\u012bc\u0101m un objektiem Krievijas teritorij\u0101, k\u0101 ar\u012b uz Meln\u0101s j\u016bras floti. L\u012bdz\u012bga asimetriska uzbrukumu kampa\u0146a, piem\u0113ram, oper\u0101cija \u201eZirnek\u013ct\u012bkls\u201d pret strat\u0113\u0123iskajiem bumbved\u0113jiem, jau iepriek\u0161 demonstr\u0113jusi Ukrainas sp\u0113ju veikt prec\u012bzus un dzi\u013cus triecienus.<\/p>\n<p>Reakcijas un Turpm\u0101k\u0101s Sekas<\/p>\n<p>Notikums Vidusj\u016br\u0101, kas ietekm\u0113 Krievijas glob\u0101lo ener\u0123ijas lo\u0123istiku, ir v\u0113rsts uz maksim\u0101lu Krievijas sp\u0113ju ieg\u016bt resursus kara turpin\u0101\u0161anai pasliktin\u0101\u0161anu un rada psiholo\u0123isku spiedienu. Lai gan ofici\u0101las, pla\u0161as starptautiskas reakcijas tie\u0161i uz \u0161o ku\u0123a likteni decembra vid\u016b v\u0113l tiek gaid\u012btas, \u0161\u0101ds solis bez \u0161aub\u0101m tiks uztverts k\u0101 nopietns sign\u0101ls. Latvij\u0101 un cit\u0101s Baltijas valst\u012bs past\u0101v\u012bga uzman\u012bba tiek piev\u0113rsta Krievijas milit\u0101raj\u0101m aktivit\u0101t\u0113m, tostarp to b\u0101zu att\u012bst\u012bbai pie kaimi\u0146valstu robe\u017e\u0101m, ta\u010du \u0161is gad\u012bjums atg\u0101dina, ka hibr\u012bdkar\u0161 un ekonomisk\u0101 pretest\u012bba notiek visos pasaules l\u012bme\u0146os.<\/p>\n","protected":false},"excerpt":{"rendered":"P\u0101rsteidzo\u0161s Trieciens T\u0101lu No Ukrainas Krastiem Ukrainas dro\u0161\u012bbas dienests (SBU) ir \u012bstenojis bezprecedenta milit\u0101ro oper\u0101ciju Vidusj\u016bras neitr\u0101lajos \u016bde\u0146os,&hellip;\n","protected":false},"author":2,"featured_media":82546,"comment_status":"","ping_status":"","sticky":false,"template":"","format":"standard","meta":{"footnotes":""},"categories":[14],"tags":[23,57,28,29,32,33,22,10040,30,31,35,39,38,36,37,34,40,20,26,27,20727,20882,24,25,276,20881,54,55,56,21,58],"class_list":{"0":"post-82545","1":"post","2":"type-post","3":"status-publish","4":"format-standard","5":"has-post-thumbnail","7":"category-zinas-no-arvalstim","8":"tag-aktualitates","9":"tag-arvalstim","10":"tag-breaking-news","11":"tag-breakingnews","12":"tag-featured-news","13":"tag-featurednews","14":"tag-headlines","15":"tag-krievijas-enu-flote","16":"tag-latest-news","17":"tag-latestnews","18":"tag-latvia","19":"tag-latvian","20":"tag-latviesu","21":"tag-latviesu-valoda","22":"tag-latviesuvaloda","23":"tag-latvija","24":"tag-lv","25":"tag-news","26":"tag-popularakas-zinas","27":"tag-popularakaszinas","28":"tag-sbu","29":"tag-tankkugis-qendil","30":"tag-top-stories","31":"tag-topstories","32":"tag-ukraina","33":"tag-vidusjura","34":"tag-world","35":"tag-world-news","36":"tag-worldnews","37":"tag-zinas","38":"tag-zinas-no-arvalstim"},"share_on_mastodon":{"url":"https:\/\/pubeurope.com\/@lv\/115761819445238571","error":""},"_links":{"self":[{"href":"https:\/\/www.europesays.com\/lv\/wp-json\/wp\/v2\/posts\/82545","targetHints":{"allow":["GET"]}}],"collection":[{"href":"https:\/\/www.europesays.com\/lv\/wp-json\/wp\/v2\/posts"}],"about":[{"href":"https:\/\/www.europesays.com\/lv\/wp-json\/wp\/v2\/types\/post"}],"author":[{"embeddable":true,"href":"https:\/\/www.europesays.com\/lv\/wp-json\/wp\/v2\/users\/2"}],"replies":[{"embeddable":true,"href":"https:\/\/www.europesays.com\/lv\/wp-json\/wp\/v2\/comments?post=82545"}],"version-history":[{"count":0,"href":"https:\/\/www.europesays.com\/lv\/wp-json\/wp\/v2\/posts\/82545\/revisions"}],"wp:featuredmedia":[{"embeddable":true,"href":"https:\/\/www.europesays.com\/lv\/wp-json\/wp\/v2\/media\/82546"}],"wp:attachment":[{"href":"https:\/\/www.europesays.com\/lv\/wp-json\/wp\/v2\/media?parent=82545"}],"wp:term":[{"taxonomy":"category","embeddable":true,"href":"https:\/\/www.europesays.com\/lv\/wp-json\/wp\/v2\/categories?post=82545"},{"taxonomy":"post_tag","embeddable":true,"href":"https:\/\/www.europesays.com\/lv\/wp-json\/wp\/v2\/tags?post=82545"}],"curies":[{"name":"wp","href":"https:\/\/api.w.org\/{rel}","templated":true}]}}