{"id":82551,"date":"2025-12-22T06:37:11","date_gmt":"2025-12-22T06:37:11","guid":{"rendered":"https:\/\/www.europesays.com\/lv\/82551\/"},"modified":"2025-12-22T06:37:11","modified_gmt":"2025-12-22T06:37:11","slug":"izraela-buves-19-jaunas-ebreju-apmetnes-okupetaja-rietumkrasta-raksts","status":"publish","type":"post","link":"https:\/\/www.europesays.com\/lv\/82551\/","title":{"rendered":"Izra\u0113la b\u016bv\u0113s 19 jaunas ebreju apmetnes okup\u0113taj\u0101 Rietumkrast\u0101 \/ Raksts"},"content":{"rendered":"<p>Izra\u0113las vald\u012bba ofici\u0101li apstiprin\u0101jusi, ka okup\u0113taj\u0101 Rietumkrast\u0101 tiks izveidotas 19 jaunas ebreju apmetnes. Divas no t\u0101m atrad\u012bsies pirms 20 gadiem nojaukto apmet\u0146u viet\u0101.\u00a0<\/p>\n<p>Izra\u0113las finan\u0161u ministra Bezalela Smotri\u010da birojs inform\u0113ja, ka jaun\u0101s apmetnes atrad\u012bsies strat\u0113\u0123iski svar\u012bg\u0101s teritorij\u0101s, un \u0161\u0101d\u0101 veid\u0101 tiekot nov\u0113rsta palest\u012bnie\u0161u teroristu valsts izveide.\u00a0<\/p>\n<p>&#8220;M\u0113s turpin\u0101sim att\u012bst\u012bt, celt un apdz\u012bvot m\u016bsu sen\u010du mantojuma zemi, ticot m\u016bsu ce\u013ca taisn\u012bgumam,&#8221; uzsv\u0113ra gal\u0113ji lab\u0113jais ministrs.\u00a0<\/p>\n<p>Piecas no 19 apmetn\u0113m jau past\u0101v, bet t\u0101s l\u012bdz \u0161im nebija legaliz\u0113tas.\u00a0<\/p>\n<p>Saska\u0146\u0101 ar starptautiskaj\u0101m ties\u012bb\u0101m ebreju kolonistu apmetnes 1967. gad\u0101 okup\u0113taj\u0101 Rietumkrast\u0101 ir nelikum\u012bgas, bet Izra\u0113la p\u0113d\u0113jo gadu laik\u0101 fors\u0113 to izveidi. P\u0113d\u0113jos tr\u012bs gados apstiprin\u0101to jauno apmet\u0146u skaits pieaudzis l\u012bdz 69, un \u0161aj\u0101 teritorij\u0101 starp apm\u0113ram 3 miljoniem palest\u012bnie\u0161u dz\u012bvo vair\u0101k nek\u0101 700 t\u016bksto\u0161i ebreju kolonistu.<\/p>\n<p>Vienlaikus Izra\u0113las armija un civilie speci\u0101listu atsevi\u0161\u0137os rajonos turpina palest\u012bnie\u0161u m\u0101ju nojauk\u0161anu, l\u0113mumu pamatojot ar c\u012b\u0146u pret terorismu un juridiskiem argumentiem. \u00a0<\/p>\n<p>                    Valodas k\u013c\u016bda rakst\u0101?<\/p>\n<p class=\"d-none d-md-block\">Iez\u012bm\u0113jiet tekstu un spiediet Ctrl+Enter, lai nos\u016bt\u012btu labojamo teksta fragmentu redaktoram! Par faktu k\u013c\u016bd\u0101m l\u016bdzam zi\u0146ot e-past\u0101 <a href=\"https:\/\/www.lsm.lv\/cdn-cgi\/l\/email-protection\" class=\"__cf_email__\" data-cfemail=\"b6c4d3d2d7ddd5dfdcd7f6dac5db98dac0\" rel=\"nofollow noopener\" target=\"_blank\">[email\u00a0protected]<\/a>.<\/p>\n<p class=\"d-md-none\">Iez\u012bm\u0113jiet tekstu un spiediet uz Zi\u0146ot par k\u013c\u016bdu pogas, lai nos\u016bt\u012btu labojamo teksta fragmentu redaktoram!<\/p>\n<p>\n                    Zi\u0146ot par k\u013c\u016bdu\n                <\/p>\n","protected":false},"excerpt":{"rendered":"Izra\u0113las vald\u012bba ofici\u0101li apstiprin\u0101jusi, ka okup\u0113taj\u0101 Rietumkrast\u0101 tiks izveidotas 19 jaunas ebreju apmetnes. Divas no t\u0101m atrad\u012bsies pirms&hellip;\n","protected":false},"author":2,"featured_media":82552,"comment_status":"","ping_status":"","sticky":false,"template":"","format":"standard","meta":{"footnotes":""},"categories":[14],"tags":[23,57,28,29,32,33,22,30,31,35,39,38,36,37,34,40,20,26,27,24,25,54,55,56,21,58],"class_list":{"0":"post-82551","1":"post","2":"type-post","3":"status-publish","4":"format-standard","5":"has-post-thumbnail","7":"category-zinas-no-arvalstim","8":"tag-aktualitates","9":"tag-arvalstim","10":"tag-breaking-news","11":"tag-breakingnews","12":"tag-featured-news","13":"tag-featurednews","14":"tag-headlines","15":"tag-latest-news","16":"tag-latestnews","17":"tag-latvia","18":"tag-latvian","19":"tag-latviesu","20":"tag-latviesu-valoda","21":"tag-latviesuvaloda","22":"tag-latvija","23":"tag-lv","24":"tag-news","25":"tag-popularakas-zinas","26":"tag-popularakaszinas","27":"tag-top-stories","28":"tag-topstories","29":"tag-world","30":"tag-world-news","31":"tag-worldnews","32":"tag-zinas","33":"tag-zinas-no-arvalstim"},"share_on_mastodon":{"url":"https:\/\/pubeurope.com\/@lv\/115761843086209936","error":""},"_links":{"self":[{"href":"https:\/\/www.europesays.com\/lv\/wp-json\/wp\/v2\/posts\/82551","targetHints":{"allow":["GET"]}}],"collection":[{"href":"https:\/\/www.europesays.com\/lv\/wp-json\/wp\/v2\/posts"}],"about":[{"href":"https:\/\/www.europesays.com\/lv\/wp-json\/wp\/v2\/types\/post"}],"author":[{"embeddable":true,"href":"https:\/\/www.europesays.com\/lv\/wp-json\/wp\/v2\/users\/2"}],"replies":[{"embeddable":true,"href":"https:\/\/www.europesays.com\/lv\/wp-json\/wp\/v2\/comments?post=82551"}],"version-history":[{"count":0,"href":"https:\/\/www.europesays.com\/lv\/wp-json\/wp\/v2\/posts\/82551\/revisions"}],"wp:featuredmedia":[{"embeddable":true,"href":"https:\/\/www.europesays.com\/lv\/wp-json\/wp\/v2\/media\/82552"}],"wp:attachment":[{"href":"https:\/\/www.europesays.com\/lv\/wp-json\/wp\/v2\/media?parent=82551"}],"wp:term":[{"taxonomy":"category","embeddable":true,"href":"https:\/\/www.europesays.com\/lv\/wp-json\/wp\/v2\/categories?post=82551"},{"taxonomy":"post_tag","embeddable":true,"href":"https:\/\/www.europesays.com\/lv\/wp-json\/wp\/v2\/tags?post=82551"}],"curies":[{"name":"wp","href":"https:\/\/api.w.org\/{rel}","templated":true}]}}