{"id":82553,"date":"2025-12-22T06:38:09","date_gmt":"2025-12-22T06:38:09","guid":{"rendered":"https:\/\/www.europesays.com\/lv\/82553\/"},"modified":"2025-12-22T06:38:09","modified_gmt":"2025-12-22T06:38:09","slug":"sonedel-popularakie-vardi-viktorija-inga-un-ieva","status":"publish","type":"post","link":"https:\/\/www.europesays.com\/lv\/82553\/","title":{"rendered":"\u0160oned\u0113\u013c popul\u0101r\u0101kie v\u0101rdi \u2013 Viktorija, Inga un\u00a0Ieva &#8211;"},"content":{"rendered":"<p style=\"text-align: justify;\">Pilson\u012bbas un migr\u0101cijas lietu p\u0101rvaldes (PMLP) Fizisko personu re\u0123istra statistikas dati liecina, ka no kalend\u0101r\u0101 iek\u013cautajiem personv\u0101rdiem \u0161oned\u0113\u013c vispopul\u0101r\u0101kie v\u0101rdi ir Viktorija (10\u00a0734), Inga (10\u00a0582) un\u00a0Ieva\u00a0(9016).<\/p>\n<p style=\"text-align: justify;\">No \u0161oned\u0113\u013c kalend\u0101r\u0101 iek\u013cautajiem v\u0101rdiem popul\u0101ri ir ar\u012b v\u0101rdi Larisa (6103), Inita (1771), Megija (1494) un Elm\u0101rs (1081).<\/p>\n<p style=\"text-align: justify;\">Savuk\u0101rt visret\u0101k Latvij\u0101 izplat\u012bti t\u0101di \u0161oned\u0113\u013c kalend\u0101r\u0101 iek\u013cauti personv\u0101rdi k\u0101 Irvita (2), Helm\u0101rs (8), Saulvedis (22), Balva (23), Ingeborga (28), Saule (31) un Gija (45).<\/p>\n<p style=\"text-align: justify;\">V\u0113l v\u0101rda dienu \u0161oned\u0113\u013c svin 506 Ivitas, 458 Stellas, 357 \u0100dami un 125 Dainuv\u012btes.\u00a0<\/p>\n<p style=\"text-align: justify;\">Lasiet ar\u012b:\u00a0<\/p>\n<p style=\"text-align: justify;\"><a href=\"https:\/\/bnn.lv\/peksni-pazudusi-ziemassvetku-egle-no-putina-biroja-atmasko-kremla-krapsanos-un-melus-67954\" target=\"_blank\" rel=\"noopener nofollow\">P\u0113k\u0161\u0146i pazudus\u012b Ziemassv\u0113tku egle no Putina biroja \u00a0atmasko Krem\u013ca kr\u0101p\u0161anos un melus<\/a><\/p>\n<p style=\"text-align: justify;\"><a style=\"color: #800000;\" href=\"https:\/\/bnn.lv\/video-erkskuksenija-vies-skaidribu-vai-teatri-sova-veidojusi-apzinati-67882\" target=\"_blank\" rel=\"noopener nofollow\">VIDEO | \u201c\u0112rk\u0161\u0137u\u201d Ksenija vie\u0161 skaidr\u012bbu, vai te\u0101tri \u0161ov\u0101 veidojusi apzin\u0101ti<\/a><\/p>\n<p style=\"text-align: justify;\"><a style=\"color: #800000;\" href=\"https:\/\/bnn.lv\/stabilas-nestabilitates-laiks-astrologe-atklaj-kas-mus-sagaida-sarkana-uguns-zirga-gada-67967\" target=\"_blank\" rel=\"noopener nofollow\">\u201cStabilas nestabilit\u0101tes\u201d laiks \u2013 astrolo\u0123e atkl\u0101j, kas m\u016bs sagaida Sarkan\u0101 Uguns zirga gad\u0101<\/a><\/p>\n<p style=\"text-align: justify;\"><a style=\"color: #800000;\" href=\"https:\/\/bnn.lv\/bez-partijam-dibinataji-pamet-pasu-izveidoto-biedribu-67980\" target=\"_blank\" rel=\"noopener nofollow\">\u201cBez partij\u0101m\u201d\u00a0dibin\u0101t\u0101ji\u00a0pamet pa\u0161u izveidoto biedr\u012bbu<\/a><\/p>\n<p style=\"text-align: justify;\"><a style=\"color: #800000;\" href=\"https:\/\/bnn.lv\/klusi-un-bez-fanfaram-kinas-medijos-atklati-apspriez-krievijas-sabrukumu-un-talo-austrumu-maigo-aneksiju-67951\" target=\"_blank\" rel=\"noopener nofollow\">Klusi un bez fanfar\u0101m \u2013 \u0136\u012bnas medijos atkl\u0101ti apsprie\u017e Krievijas sabrukumu un T\u0101lo Austrumu \u201cmaigo\u201d aneksiju<\/a><\/p>\n","protected":false},"excerpt":{"rendered":"Pilson\u012bbas un migr\u0101cijas lietu p\u0101rvaldes (PMLP) Fizisko personu re\u0123istra statistikas dati liecina, ka no kalend\u0101r\u0101 iek\u013cautajiem personv\u0101rdiem \u0161oned\u0113\u013c&hellip;\n","protected":false},"author":2,"featured_media":82554,"comment_status":"","ping_status":"","sticky":false,"template":"","format":"standard","meta":{"footnotes":""},"categories":[12],"tags":[23,28,29,32,33,22,30,31,35,39,38,36,37,34,40,20,26,27,24,25,21],"class_list":{"0":"post-82553","1":"post","2":"type-post","3":"status-publish","4":"format-standard","5":"has-post-thumbnail","7":"category-latvija","8":"tag-aktualitates","9":"tag-breaking-news","10":"tag-breakingnews","11":"tag-featured-news","12":"tag-featurednews","13":"tag-headlines","14":"tag-latest-news","15":"tag-latestnews","16":"tag-latvia","17":"tag-latvian","18":"tag-latviesu","19":"tag-latviesu-valoda","20":"tag-latviesuvaloda","21":"tag-latvija","22":"tag-lv","23":"tag-news","24":"tag-popularakas-zinas","25":"tag-popularakaszinas","26":"tag-top-stories","27":"tag-topstories","28":"tag-zinas"},"share_on_mastodon":{"url":"https:\/\/pubeurope.com\/@lv\/115761847152604091","error":""},"_links":{"self":[{"href":"https:\/\/www.europesays.com\/lv\/wp-json\/wp\/v2\/posts\/82553","targetHints":{"allow":["GET"]}}],"collection":[{"href":"https:\/\/www.europesays.com\/lv\/wp-json\/wp\/v2\/posts"}],"about":[{"href":"https:\/\/www.europesays.com\/lv\/wp-json\/wp\/v2\/types\/post"}],"author":[{"embeddable":true,"href":"https:\/\/www.europesays.com\/lv\/wp-json\/wp\/v2\/users\/2"}],"replies":[{"embeddable":true,"href":"https:\/\/www.europesays.com\/lv\/wp-json\/wp\/v2\/comments?post=82553"}],"version-history":[{"count":0,"href":"https:\/\/www.europesays.com\/lv\/wp-json\/wp\/v2\/posts\/82553\/revisions"}],"wp:featuredmedia":[{"embeddable":true,"href":"https:\/\/www.europesays.com\/lv\/wp-json\/wp\/v2\/media\/82554"}],"wp:attachment":[{"href":"https:\/\/www.europesays.com\/lv\/wp-json\/wp\/v2\/media?parent=82553"}],"wp:term":[{"taxonomy":"category","embeddable":true,"href":"https:\/\/www.europesays.com\/lv\/wp-json\/wp\/v2\/categories?post=82553"},{"taxonomy":"post_tag","embeddable":true,"href":"https:\/\/www.europesays.com\/lv\/wp-json\/wp\/v2\/tags?post=82553"}],"curies":[{"name":"wp","href":"https:\/\/api.w.org\/{rel}","templated":true}]}}