{"id":82559,"date":"2025-12-22T06:44:09","date_gmt":"2025-12-22T06:44:09","guid":{"rendered":"https:\/\/www.europesays.com\/lv\/82559\/"},"modified":"2025-12-22T06:44:09","modified_gmt":"2025-12-22T06:44:09","slug":"isi-pirms-svetkiem-lidz-pat-10-gradiem-liels-sals-ziemassvetkos-laikapstakli-mainisies","status":"publish","type":"post","link":"https:\/\/www.europesays.com\/lv\/82559\/","title":{"rendered":"\u012asi pirms sv\u0113tkiem l\u012bdz pat -10 gr\u0101diem liels sals; Ziemassv\u0113tkos laikapst\u0101k\u013ci main\u012bsies"},"content":{"rendered":"<p>Strauj\u0101kais temperat\u016bras kritums b\u016bs otrdien, 23. decembr\u012b, kad gaisa temperat\u016bra no r\u012bta pazemin\u0101sies l\u012bdz 0..-5 gr\u0101diem Kurzem\u0113 un l\u012bdz -5..-10 gr\u0101diem p\u0101r\u0113j\u0101 Latvij\u0101, turkl\u0101t dienas gait\u0101 nek\u013c\u016bs iev\u0113rojami silt\u0101ks. Nakt\u012b daudzviet uzsnigs, diena b\u016bs p\u0101rsvar\u0101 saulaina.<\/p>\n<p>Ziemassv\u0113tku vakar\u0101 palielin\u0101sies m\u0101ko\u0146u daudzums un da\u017eviet gaid\u0101mi nelieli nokri\u0161\u0146i &#8211; galvenok\u0101rt sniegs Vidzem\u0113. Saglab\u0101sies sals, vien da\u013c\u0101 piekrastes gaisa temperat\u016bra k\u013c\u016bs pozit\u012bva, jo v\u0113j\u0161 iegriez\u012bsies no rietumiem. Sniega b\u016bs maz, valsts liel\u0101kaj\u0101 da\u013c\u0101 nav gaid\u0101ma sniega sega.<\/p>\n<p>Pirmajos Ziemassv\u0113tkos, nedaudz pastiprinoties rietumu v\u0113jam un m\u0101ko\u0146iem aizkl\u0101jot debesis, jau teju vis\u0101 Latvij\u0101 temperat\u016bra pak\u0101psies virs nulles, nakt\u012b uz 26. decembri gaiss iesils l\u012bdz +2..+7 gr\u0101diem. Nokri\u0161\u0146u b\u016bs maz.<\/p>\n<p>Ned\u0113\u013cas beig\u0101s br\u012b\u017eiem gaid\u0101mi nokri\u0161\u0146i un br\u012b\u017eiem sp\u012bd\u0113s saule, gaisa temperat\u016bra nedaudz pazemin\u0101sies. L\u012bdz\u012bgi <a href=\"https:\/\/ciklons.tvnet.lv\/term\/570679\/laikapstakli\" class=\"topicLink\" target=\"_blank\" rel=\"nofollow noopener\">laikapst\u0101k\u013ci<\/a> prognoz\u0113ti gadumij\u0101.<\/p>\n<p>Saska\u0146\u0101 ar Eiropas Vid\u0113ja termi\u0146a laika progno\u017eu centra datiem janv\u0101ris kopum\u0101 gaid\u0101ms v\u0113ss &#8211; m\u0113ne\u0161a vid\u0113j\u0101 gaisa temperat\u016bra var\u0113tu b\u016bt zem\u0101ka par normu, kas ir -3 gr\u0101di.<\/p>\n","protected":false},"excerpt":{"rendered":"Strauj\u0101kais temperat\u016bras kritums b\u016bs otrdien, 23. decembr\u012b, kad gaisa temperat\u016bra no r\u012bta pazemin\u0101sies l\u012bdz 0..-5 gr\u0101diem Kurzem\u0113 un&hellip;\n","protected":false},"author":2,"featured_media":82560,"comment_status":"","ping_status":"","sticky":false,"template":"","format":"standard","meta":{"footnotes":""},"categories":[12],"tags":[23,28,29,32,33,22,396,397,30,31,35,39,38,36,37,34,40,20,26,27,24,25,21],"class_list":{"0":"post-82559","1":"post","2":"type-post","3":"status-publish","4":"format-standard","5":"has-post-thumbnail","7":"category-latvija","8":"tag-aktualitates","9":"tag-breaking-news","10":"tag-breakingnews","11":"tag-featured-news","12":"tag-featurednews","13":"tag-headlines","14":"tag-laika-zinas","15":"tag-laikapstakli","16":"tag-latest-news","17":"tag-latestnews","18":"tag-latvia","19":"tag-latvian","20":"tag-latviesu","21":"tag-latviesu-valoda","22":"tag-latviesuvaloda","23":"tag-latvija","24":"tag-lv","25":"tag-news","26":"tag-popularakas-zinas","27":"tag-popularakaszinas","28":"tag-top-stories","29":"tag-topstories","30":"tag-zinas"},"share_on_mastodon":{"url":"https:\/\/pubeurope.com\/@lv\/115761870560562576","error":""},"_links":{"self":[{"href":"https:\/\/www.europesays.com\/lv\/wp-json\/wp\/v2\/posts\/82559","targetHints":{"allow":["GET"]}}],"collection":[{"href":"https:\/\/www.europesays.com\/lv\/wp-json\/wp\/v2\/posts"}],"about":[{"href":"https:\/\/www.europesays.com\/lv\/wp-json\/wp\/v2\/types\/post"}],"author":[{"embeddable":true,"href":"https:\/\/www.europesays.com\/lv\/wp-json\/wp\/v2\/users\/2"}],"replies":[{"embeddable":true,"href":"https:\/\/www.europesays.com\/lv\/wp-json\/wp\/v2\/comments?post=82559"}],"version-history":[{"count":0,"href":"https:\/\/www.europesays.com\/lv\/wp-json\/wp\/v2\/posts\/82559\/revisions"}],"wp:featuredmedia":[{"embeddable":true,"href":"https:\/\/www.europesays.com\/lv\/wp-json\/wp\/v2\/media\/82560"}],"wp:attachment":[{"href":"https:\/\/www.europesays.com\/lv\/wp-json\/wp\/v2\/media?parent=82559"}],"wp:term":[{"taxonomy":"category","embeddable":true,"href":"https:\/\/www.europesays.com\/lv\/wp-json\/wp\/v2\/categories?post=82559"},{"taxonomy":"post_tag","embeddable":true,"href":"https:\/\/www.europesays.com\/lv\/wp-json\/wp\/v2\/tags?post=82559"}],"curies":[{"name":"wp","href":"https:\/\/api.w.org\/{rel}","templated":true}]}}