{"id":82563,"date":"2025-12-22T06:46:23","date_gmt":"2025-12-22T06:46:23","guid":{"rendered":"https:\/\/www.europesays.com\/lv\/82563\/"},"modified":"2025-12-22T06:46:23","modified_gmt":"2025-12-22T06:46:23","slug":"svinesim-svetkus-ar-muziku-liela-ziemassvetku-koncertu-izlase","status":"publish","type":"post","link":"https:\/\/www.europesays.com\/lv\/82563\/","title":{"rendered":"Svin\u0113sim sv\u0113tkus ar m\u016bziku! Liel\u0101 Ziemassv\u0113tku koncertu izlase"},"content":{"rendered":"<p>Ziemassv\u0113tku laik\u0101 R\u012bg\u0101 norisin\u0101sies daudzveid\u012bgi pas\u0101kumi un koncerti bazn\u012bc\u0101s un koncertz\u0101l\u0113s, kuros aicin\u0101ti piedal\u012bties gan r\u012bdzinieki, gan galvaspils\u0113tas viesi, lai kop\u012bgi baud\u012btu sv\u0113tku noska\u0146u un m\u016bziku. Turkl\u0101t da\u013ca no tiem pieejama bez maksas. <\/p>\n<p>M\u016bzikas nam\u0101 &#8220;Daile&#8221; koncertprogramma gaid\u0101ma 22. un 23. decembr\u012b pulksten 18.<\/p>\n<p><img decoding=\"async\" itemprop=\"image\" src=\"https:\/\/www.europesays.com\/lv\/wp-content\/uploads\/2025\/12\/934ffa00-b4f6-11ed-a89a-c932bb805d19.jpg\" title=\"Svin\u0113sim sv\u0113tkus ar m\u016bziku! Liel\u0101 Ziemassv\u0113tku koncertu izlase\" alt=\"Svin\u0113sim sv\u0113tkus ar m\u016bziku! Liel\u0101 Ziemassv\u0113tku koncertu izlase\" class=\"img-fluid w-100\" data-v-a1a92103=\"\"\/>Foto: LETA<\/p>\n<p>Dzied\u0101t\u0101js un obojists Daumants Kalni\u0146\u0161, kop\u0101 ar Dailes nama st\u012bgu kameror\u0137estri, diri\u0123enta Kaspara \u0100damsona vad\u012bb\u0101 un pavado\u0161o m\u016bzi\u0137u grupu koncerta pirmaj\u0101 da\u013c\u0101 aicina baud\u012bt Ziemassv\u0113tku klasiku, bet otraj\u0101 \u2013 skaist\u0101k\u0101s Maestro Raimonda Paula melodijas.<\/p>\n<p>Piedal\u0101s: Daumants Kalni\u0146\u0161, Dailes nama st\u012bgu kameror\u0137estris, diri\u0123ents Kaspars \u0100damsons. M\u016bzi\u0137u grupa: Rom\u0101ns Vendi\u0146\u0161 \u2013 klavieres, Raimonds Macats \u2013 tausti\u0146instrumenti, <a rel=\"noopener nofollow\" target=\"_blank\" href=\"https:\/\/www.delfi.lv\/temas\/51644333\/janis-kalnins\" tag-id=\"51644333\">J\u0101nis Kalni\u0146\u0161<\/a> \u2013 \u0123it\u0101ra, P\u0113teris Liepi\u0146\u0161 \u2013 kontrabass \/ basa \u0123it\u0101ra, <a rel=\"noopener nofollow\" target=\"_blank\" href=\"https:\/\/www.delfi.lv\/temas\/47250587\/artis-orubs\" tag-id=\"47250587\">Artis Orubs<\/a> \u2013 sitaminstrumenti.<\/p>\n<p>Bi\u013cetes pieejamas <a rel=\"noopener nofollow\" target=\"_blank\" href=\"https:\/\/www.bilesuparadize.lv\/lv\/performance\/36017\" data-rel-date-range=\"[]\">&#8220;Bi\u013ce\u0161u parad\u012bzes&#8221; kas\u0113s<\/a>.<\/p>\n<p>Jaunie\u0161u kora &#8220;Balsis&#8221; Ziemassv\u0113tku koncerts<\/p>\n<p>22. un 23. decembr\u012b pulksten 20, k\u0101 ar\u012b 25. decembr\u012b pulksten 23 R\u012bgas Anglik\u0101\u0146u Sv\u0113t\u0101 Pest\u012bt\u0101ja bazn\u012bc\u0101 notiks ikgad\u0113jais jaunie\u0161u kora &#8220;Balsis&#8221; Ziemassv\u0113tku koncerts.<\/p>\n<p><img decoding=\"async\" itemprop=\"image\" src=\"https:\/\/www.europesays.com\/lv\/wp-content\/uploads\/2025\/12\/1766385978_746_27e5006b-3a41-4a49-a343-3dba24c7ac06.jpg\" title=\"Svin\u0113sim sv\u0113tkus ar m\u016bziku! Liel\u0101 Ziemassv\u0113tku koncertu izlase\" alt=\"Svin\u0113sim sv\u0113tkus ar m\u016bziku! Liel\u0101 Ziemassv\u0113tku koncertu izlase\" class=\"img-fluid w-100\" data-v-a1a92103=\"\"\/>Foto: Ralfs \u017d\u012bgurs <\/p>\n<p>Koncerta pirmaj\u0101 da\u013c\u0101 izskan\u0113s a cappella korm\u016bzika, \u012bpa\u0161u vietu atv\u0113lot igau\u0146u komponista Arvo Perta ska\u0146darbiem, savuk\u0101rt otraj\u0101 da\u013c\u0101 \u2013 grupas &#8220;Sigma&#8221; ori\u0123in\u0101lm\u016bzika korim, popm\u016bzikas p\u0113rles un skaist\u0101kie Ziemassv\u0113tku kor\u0101\u013ci. \u012apa\u0161s p\u0101rsteigums gaid\u0101ms no koristiem, kuri koncert\u0101 piedal\u012bsies ne vien ar sav\u0101m bals\u012bm, bet ar\u012b m\u016bzikas instrumentiem.<\/p>\n<p>Ziemassv\u0113tku koncertos piedal\u012bsies grupa &#8220;Sigma&#8221;, jaunie\u0161u koris &#8220;Balsis&#8221; un t\u0101 solisti, kora m\u0101kslinieciskais vad\u012bt\u0101js <a rel=\"noopener nofollow\" target=\"_blank\" href=\"https:\/\/www.delfi.lv\/temas\/40411363\/ints-teterovskis\" tag-id=\"40411363\">Ints Teterovskis<\/a>, k\u0101 ar\u012b dziedo\u0161ie klaus\u012bt\u0101ji. Programm\u0101 izskan\u0113s m\u016bzika no t\u0101diem pasaulslaveniem m\u0101ksliniekiem k\u0101 &#8220;The Beatles&#8221;, Javier Busto, Chris Read, Bob Dylan, Enya, &#8220;Fleet Foxes&#8221;, Jes\u00fas Guridi, Joni Mitchell, Arvo P\u00e4rt, &#8220;Radiohead&#8221;, P\u0113teris Vasks u.c. Pas\u0101kum\u0101 tiks nodro\u0161in\u0101ts z\u012bmju valodas tulks. <\/p>\n<p>Bi\u013cetes pieejamas &#8220;Bi\u013ce\u0161u parad\u012bzes&#8221; kas\u0113s un <a rel=\"noopener nofollow\" target=\"_blank\" href=\"https:\/\/www.bilesuparadize.lv\/lv\/performance\/36513\" data-rel-date-range=\"[]\">internet\u0101<\/a>.<\/p>\n<p>&#8220;Ziemas Bolero&#8221; R\u012bgas Kongresu nam\u0101 <\/p>\n<p>23. decembr\u012b pulksten 19, R\u012bgas Kongresu nam\u0101 skan\u0113s sv\u0113tku noska\u0146u m\u016bzik\u0101 v\u012bts koncerts &#8220;Ziemas Bolero&#8221;. <\/p>\n<p>Atska\u0146ojot fran\u010du meistara Morisa Ravela m\u016bziku, elegantu sv\u0113tku atmosf\u0113ru d\u0101v\u0101s viens no spilgt\u0101kajiem latvie\u0161u jaun\u0101s paaudzes pianistiem Rihards Ple\u0161anovs un or\u0137estris &#8220;R\u012bga&#8221;. Otraj\u0101 da\u013c\u0101 or\u0137estrim pievienosies dzied\u0101t\u0101ji <a rel=\"noopener nofollow\" target=\"_blank\" href=\"https:\/\/www.delfi.lv\/temas\/40366071\/aija-vitolina\" data-rel-date-range=\"[]\">Aija V\u012btoli\u0146a<\/a> un Normunds Rutulis ar priekpilnu latvie\u0161u un \u0101rvalstu Ziemassv\u0113tku melodiju izlasi d\u017eeza, roka un svinga noska\u0146\u0101s.<\/p>\n<p>Bi\u013cetes uz koncertiem nop\u0113rkamas &#8220;Bi\u013ce\u0161u parad\u012bzes&#8221; kas\u0113s un <a rel=\"noopener nofollow\" target=\"_blank\" href=\"https:\/\/www.bilesuparadize.lv\/lv\/event\/155038\" data-rel-date-range=\"[]\">internet\u0101<\/a>.<\/p>\n<p><a rel=\"noopener nofollow\" target=\"_blank\" href=\"https:\/\/www.delfi.lv\/temas\/40362659\/intars-busulis\" tag-id=\"40362659\">Intars Busulis<\/a> un &#8220;Abonementa or\u0137estris&#8221; koncertos &#8220;Kadi\u0137\u012b\u0161u ielok\u0101\u2026 &#8220;<\/p>\n<p class=\"western\">23. decembr\u012b pulksten 14 un 19 Dailes te\u0101tr\u012b Intars Busulis un &#8220;Abonementa or\u0137estris&#8221; uzst\u0101sies ar Ziemassv\u0113tku koncertu &#8220;Kadi\u0137\u012b\u0161u ielok\u0101\u2026 &#8220;.<\/p>\n<p><img decoding=\"async\" itemprop=\"image\" src=\"https:\/\/www.europesays.com\/lv\/wp-content\/uploads\/2025\/12\/7e3b79e0-228b-4008-a3ff-f31f2e2d68b2.jpg\" title=\"Svin\u0113sim sv\u0113tkus ar m\u016bziku! Liel\u0101 Ziemassv\u0113tku koncertu izlase\" alt=\"Svin\u0113sim sv\u0113tkus ar m\u016bziku! Liel\u0101 Ziemassv\u0113tku koncertu izlase\" class=\"img-fluid w-100\" data-v-a1a92103=\"\"\/>Foto: Aiga R\u0113dmane <\/p>\n<p>Taj\u0101 izskan\u0113s gan labi zin\u0101mas Intara Busu\u013ca un K\u0101r\u013ca L\u0101\u010da kompoz\u012bcijas, gan ar\u012b citu &#8220;Abonementa or\u0137estra&#8221; m\u016bzi\u0137u rad\u012bti jaundarbi, k\u0101 ar\u012b iem\u012b\u013cotas Ziemassv\u0113tku melodijas jaun\u0101s interpret\u0101cij\u0101s.<\/p>\n<p class=\"western\">Kop\u0101 ar Intaru Busuli uzst\u0101sies: pianists <a rel=\"noopener nofollow\" target=\"_blank\" href=\"https:\/\/www.delfi.lv\/temas\/40410641\/karlis-lacis\" tag-id=\"40410641\">K\u0101rlis L\u0101cis<\/a>, saksofonsts M\u0101ris J\u0113kabsons, \u0123it\u0101rists Kaspars Zem\u012btis, bas\u0123it\u0101rists Edv\u012bns Ozols, bundzinieks Mi\u0137elis V\u012bte un sp\u0113c\u012bgas vok\u0101listes \u2013 Vineta L\u0101ce, Kar\u012bna Rasa, Alise Kante un Krist\u012bne Pastare.<\/p>\n<p class=\"western\">Koncerti norisin\u0101sies ar\u012b C\u0113s\u012bs un R\u0113zekn\u0113.  Vidzemes koncertz\u0101l\u0113 &#8220;C\u0113sis&#8221; koncerti gaid\u0101mi 25. decembr\u012b pulksten 14 un 19, savuk\u0101rt Latgales v\u0113stniec\u012bb\u0101 &#8220;Gors&#8221; pl\u0101notais koncerts pulksten 18 jau ir izp\u0101rdots.<\/p>\n<p class=\"western\">Bi\u013cetes uz koncertiem nop\u0113rkamas &#8220;Bi\u013ce\u0161u parad\u012bzes&#8221; kas\u0113s un <a rel=\"noopener nofollow\" target=\"_blank\" href=\"https:\/\/www.bilesuparadize.lv\/lv\/performance\/36085\" data-rel-date-range=\"[]\">internet\u0101.<\/a><\/p>\n<p>Marijas Naumovas Ziemassv\u0113tku koncerts &#8220;Gaismas klusum\u0101&#8221;<\/p>\n<p>23. decembr\u012b R\u012bgas Lutera bazn\u012bca Tor\u0146akaln\u0101 pulksten 19 izskan\u0113s Marijas Naumovas Ziemassv\u0113tku koncerts &#8220;Gaismas klusum\u0101&#8221;.<\/p>\n<p><img decoding=\"async\" itemprop=\"image\" src=\"https:\/\/www.europesays.com\/lv\/wp-content\/uploads\/2025\/12\/8c32cbcf-5b70-480c-a702-77bf78131687.jpg\" title=\"Svin\u0113sim sv\u0113tkus ar m\u016bziku! Liel\u0101 Ziemassv\u0113tku koncertu izlase\" alt=\"Svin\u0113sim sv\u0113tkus ar m\u016bziku! Liel\u0101 Ziemassv\u0113tku koncertu izlase\" class=\"img-fluid w-100\" data-v-a1a92103=\"\"\/>Foto: Publicit\u0101tes foto<\/p>\n<p>Programm\u0101 iek\u013cautas gan Raimonda Paula taut\u0101 iem\u012b\u013cotas dziesmas, gan Nika Matvejeva, Imanta Kalni\u0146a, J\u0101\u0146a L\u016bs\u0113na, Arv\u012bda \u017dilinska un Ingusa Feldma\u0146a  zin\u0101mas un pavisam nedzird\u0113tas kompoz\u012bcijas, k\u0101 ar\u012b ska\u0146darbi no Marijas albuma &#8220;Uz il\u016bziju tilta&#8221; ar J\u0101\u0146a Petera v\u0101rdiem. Koncerts neiztiks ar\u012b bez klasisk\u0101m Ziemassv\u0113tku dziesm\u0101m un jaun\u0101m ori\u0123in\u0101lkompoz\u012bcij\u0101m.<\/p>\n<p>Uz skatuves kop\u0101 ar Mariju muzic\u0113s: Rolands Be\u013c\u0113vi\u010ds (tausti\u0146i), Norberts Skraucis (bass), Ingus Feldmanis (\u0123it\u0101ra), <a rel=\"noopener nofollow\" target=\"_blank\" href=\"https:\/\/www.delfi.lv\/temas\/52576585\/andris-buikis\" tag-id=\"52576585\">Andris Bui\u0137is<\/a> (bungas) un Jegors Kovaikovs (\u0123it\u0101ra), Zane Bi\u0137e (vok\u0101ls).<\/p>\n<p>Bi\u013cetes pieejamas <a rel=\"noopener nofollow\" target=\"_blank\" href=\"https:\/\/www.bilesuparadize.lv\/lv\/event\/157382\" data-rel-date-range=\"[]\">&#8220;Bi\u013ce\u0161u parad\u012bzes&#8221; kas\u0113s.<\/a><\/p>\n<p>&#8220;Pastkartes Ziemassv\u0113tkos&#8221; Nacion\u0101laj\u0101 te\u0101tr\u012b<\/p>\n<p>No 23. decembra l\u012bdz 4. janv\u0101rim skat\u012bt\u0101jiem b\u016bs iesp\u0113ja apmekl\u0113t Nacion\u0101l\u0101 te\u0101tra iestud\u0113jumu &#8220;Pastkartes Ziemassv\u0113tkos&#8221;.<\/p>\n<p><img decoding=\"async\" itemprop=\"image\" src=\"https:\/\/www.europesays.com\/lv\/wp-content\/uploads\/2025\/12\/0997babb-d684-4836-bf1b-2eca2f4fa8a6.jpg\" title=\"Svin\u0113sim sv\u0113tkus ar m\u016bziku! Liel\u0101 Ziemassv\u0113tku koncertu izlase\" alt=\"Svin\u0113sim sv\u0113tkus ar m\u016bziku! Liel\u0101 Ziemassv\u0113tku koncertu izlase\" class=\"img-fluid w-100\" data-v-a1a92103=\"\"\/>Foto: Agnese Zelti\u0146a <\/p>\n<p class=\"western\">Uz skatuves atdz\u012bvosies pastkartes no 19. gs. s\u0101kuma k\u0101 sava laika ekr\u0101ni un izskan\u0113s savulaik rakst\u012btas v\u0113stules \u2013 \u012bstas, ar savu rokrakstu, humoru un ar person\u012bbas elpu, kas iepl\u016bdusi uz palik\u0161anu Latvijas kult\u016brainav\u0101. Koncert\u0101 izv\u0113l\u0113ta sv\u0113tku noska\u0146ai atbilsto\u0161a m\u016bzika, programm\u0101 iek\u013caujot ar\u012b latvie\u0161u komponistu \u2013 Edgara M\u0101kena, J\u0101\u0146a L\u016bs\u0113na, M\u0101rti\u0146a Brauna, Aigara Voiti\u0161\u0137a un citu \u2013 rad\u012bt\u0101s dziesmas. <\/p>\n<p class=\"western\">Koncertiestud\u0113juma rado\u0161\u0101 komanda: re\u017eisore <a rel=\"noopener nofollow\" target=\"_blank\" href=\"https:\/\/www.delfi.lv\/temas\/47333793\/paula-plavniece\" data-rel-date-range=\"[]\">Paula P\u013cavniece<\/a>, muzik\u0101lais vad\u012bt\u0101js Edgars M\u0101kens, teksts Paula P\u013cavniece, Ieva Struka un Arvis Ostrovskis, scenogr\u0101fe Inga Sili\u0146a, kost\u012bmu m\u0101ksliniece Baiba Liti\u0146a, vok\u0101l\u0101 producente Zane Dombrovska, horeogr\u0101fe Agate Bankava, video m\u0101kslinieks Toms Ze\u013c\u0123is un gaismu m\u0101ksliniece L\u012bva Kalni\u0146a.<\/p>\n<p class=\"western\">Koncert\u0101 piedal\u0101s Nacion\u0101l\u0101 te\u0101tra aktieri: Ieva Ani\u0146a, Madara Botmane vai Zane Dombrovska, Agate Marija Buk\u0161a, Elza R\u016bta Jord\u0101ne, Sanita Paula, Madara Reijere, Laura Sili\u0146a, <a rel=\"noopener nofollow\" target=\"_blank\" href=\"https:\/\/www.delfi.lv\/temas\/40411107\/ainars-ancevskis\" tag-id=\"40411107\">Ain\u0101rs An\u010devskis<\/a>, M\u0101rti\u0146\u0161 Br\u016bveris, <a rel=\"noopener nofollow\" target=\"_blank\" href=\"https:\/\/www.delfi.lv\/temas\/40366569\/egils-melbardis\" tag-id=\"40366569\">Egils Melb\u0101rdis<\/a>, Uldis Sili\u0146\u0161 un R\u016bdolfs Sprukulis, k\u0101 ar\u012b J\u0101zepa Medi\u0146a R\u012bgas 1. m\u016bzikas skolas meite\u0146u koris &#8220;Vivace&#8221; (diri\u0123entes Andra Fenhane un Alise Kokn\u0113vi\u010da-Up\u012bte) un instrument\u0101l\u0101 grupa \u2013 Edgars M\u0101kens (tausti\u0146i), Edgars Rubenis (\u0123it\u0101ras), Andis Klu\u010dnieks (flautas), Toms Valmiers (bass) un Niks Moss Rod\u017eers (bungas).<\/p>\n<p>Koncerts &#8220;Pastkartes Ziemassv\u0113tkos&#8221; te\u0101tra repertu\u0101r\u0101 no 17. decembra l\u012bdz 2026. gada 4. janv\u0101rim. Bi\u013cetes uz koncertiem no &#8220;Bi\u013ce\u0161u parad\u012bzes&#8221; kas\u0113s un<a rel=\"noopener nofollow\" target=\"_blank\" href=\"https:\/\/www.bilesuparadize.lv\/lv\/performance\/36348\" data-rel-date-range=\"[]\"> internet\u0101.<\/a><\/p>\n<p><img decoding=\"async\" itemprop=\"image\" src=\"https:\/\/www.europesays.com\/lv\/wp-content\/uploads\/2025\/12\/17e99eef-a791-40f1-8a81-4f1de8feabd9.jpg\" title=\"Svin\u0113sim sv\u0113tkus ar m\u016bziku! Liel\u0101 Ziemassv\u0113tku koncertu izlase\" alt=\"Svin\u0113sim sv\u0113tkus ar m\u016bziku! Liel\u0101 Ziemassv\u0113tku koncertu izlase\" class=\"img-fluid w-100\" data-v-a1a92103=\"\"\/>Foto: Aiga Redmane<\/p>\n<p>Shipsea un R\u012bgas Doma z\u0113nu koris sagatavoju\u0161i divus sv\u0113tku koncertus, kas norisin\u0101sies 25. decembr\u012b pulksten 18 un 21 Tor\u0146akalna bazn\u012bc\u0101. Koncertos piedal\u012bsies ar\u012b talant\u012bgie m\u016bzi\u0137i \u2013 dzied\u0101t\u0101ja Una Daniela un pianists Mat\u012bss \u017dilinskis.<\/p>\n<p>Abi koncerti jau ir piln\u012bb\u0101 izp\u0101rdoti, ta\u010du Shipsea kop\u0101 ar R\u012bgas Doma z\u0113nu kori aicin\u0101s uz koncertiem ar\u012b 2026. gad\u0101, uz kuriem bi\u013cetes ir pieejamas <a rel=\"noopener nofollow\" target=\"_blank\" href=\"https:\/\/www.bilesuparadize.lv\/lv\/performance\/36097\" data-rel-date-range=\"[]\">&#8220;Bi\u013ce\u0161u parad\u012bzes&#8221; <\/a>kas\u0113s.<\/p>\n<p>Festiv\u0101ls &#8220;Eiropas Ziemassv\u0113tki&#8221;<img decoding=\"async\" itemprop=\"image\" src=\"https:\/\/www.europesays.com\/lv\/wp-content\/uploads\/2025\/12\/43bb06a0-d2d9-11ed-ae7e-79e439b66869.jpg\" title=\"Svin\u0113sim sv\u0113tkus ar m\u016bziku! Liel\u0101 Ziemassv\u0113tku koncertu izlase\" alt=\"Svin\u0113sim sv\u0113tkus ar m\u016bziku! Liel\u0101 Ziemassv\u0113tku koncertu izlase\" class=\"img-fluid w-100\" data-v-a1a92103=\"\"\/>Foto: Publicit\u0101tes att\u0113ls<\/p>\n<p>26. decembr\u012b pulksten 19 Sp\u012b\u0137eru koncertz\u0101l\u0113 festiv\u0101ls aicina \u013cauties kamerm\u016bzikas un operm\u016bzikas \u0161armam koncertprogramm\u0101 &#8220;Verdi, \u0160trauss, \u0160\u016bberts un latvie\u0161i&#8221;.<\/p>\n<p>2011. gada ruden\u012b dibin\u0101taj\u0101 &#8220;NYX Trio&#8221; muzic\u0113 tr\u012bs pieredz\u0113ju\u0161as kamerm\u016bzi\u0137es \u2013 flautiste Anete To\u010da, vijolniece Tatjana Ostrovska un pianiste Ieva Sarja. Programm\u0101 vi\u0146\u0101m pievienosies jaunais vok\u0101lais talants Brigita Reisone. L\u012bdztekus tradicion\u0101laj\u0101m Ziemassv\u0113tku melodij\u0101m skan\u0113s lappuses no it\u0101\u013cu opergrandu Gaet\u0101no Doniceti un D\u017euzepes Verdi sirdssilt\u0101s m\u016bzikas, v\u0101cie\u0161a Riharda \u0160trausa vok\u0101l\u0101s lirikas un austrie\u0161u romanti\u0137a Fran\u010da \u0160\u016bberta dziesmot\u0101s dai\u013crades, ar\u012b m\u016bsu pa\u0161u ska\u0146ra\u017eu \u2013 klasi\u0137u J\u0101zepa V\u012btola un Arnolda \u0160turma un laikabiedru \u2013 Imanta Zemzara, Aivara Kal\u0113ja un Lolitas Ritmanis un Hellas Milbretas-Holmas \u2013 dzi\u013ci latvisk\u0101s ska\u0146um\u0101kslas.<\/p>\n<p>27. decembr\u012b pulksten 19 R\u012bgas cirk\u0101 kop\u0101 ar Latvijas Radio bigbendu uz skatuves k\u0101ps uzleco\u0161\u0101 skotu d\u017eeza zvaigzne D\u017eord\u017eija Ses\u012bla (Georgia C\u00e9cile) un operdzied\u0101t\u0101js Edgars O\u0161leja. D\u017eord\u017eija Ses\u012bla sav\u0101 m\u016bzik\u0101 apvieno klasisku d\u017eezu un laikmet\u012bgo soulm\u016bziku, radot st\u0101stiem un emocij\u0101m bag\u0101tu skan\u0113jumu. Savuk\u0101rt operdzied\u0101t\u0101js Edgars O\u0161leja izce\u013cas ar savu pla\u0161o balss diapazonu un emocion\u0101lo izpild\u012bjumu. Koncert\u0101 izskan\u0113s gan Ses\u012blas ori\u0123in\u0101lm\u016bzika, gan ar\u012b visiem zin\u0101mas sv\u0113tku melodijas.<\/p>\n<p>29. decembr\u012b pulksten 19 Sp\u012b\u0137eru koncertz\u0101l\u0113 emocij\u0101m bag\u0101ta b\u016bs koncertprogramma &#8220;Vecgada koncerts sve\u010du gaism\u0101&#8221;. Saskan\u012bgais jauno m\u0101kslinieku duets klarnetists Art\u016brs Perts un Latvijas klaviersp\u0113les lab\u0101ko trad\u012bciju turpin\u0101t\u0101ja Evel\u012bna J\u0113kabsone ar savu daudzveid\u012bgo programmu v\u0113las aizvest klaus\u012bt\u0101jus uz da\u017e\u0101d\u0101m kult\u016brtelp\u0101m, atska\u0146ojot K\u0101r\u013ca Marijas V\u0113bera, Kloda Debis\u012b, Johannesa Br\u0101msa Pirm\u0101s, F\u0113liksa Mendelszona, Fran\u010da Lista un Raivja Misjuna m\u016bzika.<\/p>\n<p>30. decembr\u012b pulksten 19 Tor\u0146kalna bazn\u012bc\u0101 festiv\u0101lu nosl\u0113gs Johana Sebasti\u0101na Baha &#8220;Ziemassv\u0113tku oratorija&#8221;. Diri\u0123enta Kaspara Putni\u0146a virkn\u0113tie oratorijas fragmenti \u013caus piedz\u012bvot gan Kristus piedzim\u0161anas st\u0101stu, gan Johana Sebasti\u0101na Baha m\u016bzikas neatk\u0101rtojamo burv\u012bbu. Koncert\u0101 piedal\u012bsies sopr\u0101ns Gunta Smirnova, mecosopr\u0101ns Doroteja B\u012bnerte, tenors Mihaels Mogls, basbaritons Rihards Millers, &#8220;<a rel=\"noopener nofollow\" target=\"_blank\" href=\"https:\/\/www.delfi.lv\/temas\/42271190\/latvijas-radio-koris\" data-rel-date-range=\"[]\">Latvijas Radio koris<\/a>&#8220;, kameror\u0137estris &#8220;Sinfonietta R\u012bga&#8221; un diri\u0123ents Kaspars Putni\u0146\u0161. Koncert\u0101 skan\u0113s oratorijas 1., 2. un 6. kant\u0101te.<\/p>\n<p>Bi\u013cetes pieejamas <a rel=\"noopener nofollow\" target=\"_blank\" href=\"https:\/\/www.bilesuparadize.lv\/lv\/search?keywords=Eiropas%20Ziemassv%C4%93tki\" data-rel-date-range=\"[]\">&#8220;Bi\u013ce\u0161u parad\u012bze&#8221; kas\u0113s.<\/a><\/p>\n<p>Ziemassv\u0113tku festiv\u0101ls Dzintaru koncertz\u0101l\u0113<img decoding=\"async\" itemprop=\"image\" src=\"https:\/\/www.europesays.com\/lv\/wp-content\/uploads\/2025\/12\/7f94ab53-4b1e-41ac-b696-85f897fc63e8.jpg\" title=\"Svin\u0113sim sv\u0113tkus ar m\u016bziku! Liel\u0101 Ziemassv\u0113tku koncertu izlase\" alt=\"Svin\u0113sim sv\u0113tkus ar m\u016bziku! Liel\u0101 Ziemassv\u0113tku koncertu izlase\" class=\"img-fluid w-100\" data-v-a1a92103=\"\"\/>Foto: Publicit\u0101ts foto <\/p>\n<p>25. decembr\u012b pulksten 17 \u012bpa\u0161\u0101 sv\u0113tku programm\u0101 &#8221;Baltie Ziemassv\u0113tki\u2019\u2019 uzst\u0101sies vok\u0101l\u0101 grupa &#8221;Framest\u2019\u2019, kas \u0161ogad atz\u012bm\u0113 savas past\u0101v\u0113\u0161anas 20 gadu jubileju. Programm\u0101 skan\u0113s iem\u012b\u013cotas Ziemassv\u0113tku melodijas daudzbals\u012bg\u0101 un virtuozi izkopt\u0101 a cappella skan\u0113jum\u0101. Klaus\u012bt\u0101ji atpaz\u012bs gan klasiskos sv\u0113tku mot\u012bvus, gan popul\u0101r\u0101s Raimonda Paula dziesmas.<\/p>\n<p>27. decembr\u012b pulksten 18 Ziemassv\u0113ku programm\u0101 &#8221;Ai, bag\u0101ti Ziemassv\u0113tki\u2019\u2019 muzic\u0113s grupa &#8221;Latvian Voices&#8221;. Koncert\u0101 sav\u012bsies latvie\u0161u tautasdziesmas, Adventes laika gar\u012bg\u0101s melodijas, grupas dal\u012bbnieku ori\u0123in\u0101ldarbi un pasaul\u0113 popul\u0101ru Ziemassv\u0113tku dziesmu aran\u017e\u0113jumi. <\/p>\n<p>28. decembr\u012b pulksten 17.00 R\u012bgas Doma z\u0113nu koris diri\u0123enta M\u0101rti\u0146a Kli\u0161\u0101na vad\u012bb\u0101 aicina uz Ziemassv\u0113tku koncertu, kur\u0101 l\u012bdz\u0101s pasaul\u0113 atz\u012btiem ska\u0146darbiem skan\u0113s ar\u012b iem\u012b\u013cotas latvie\u0161u komponistu dziesmas. Programm\u0101 iek\u013cauti D\u017eona Ratera &#8220;Magnifik\u0101ts&#8221;, Olas Gjeilo &#8220;Ziemassv\u0113tku kor\u0101\u013ci&#8221;, Urmasa Sisaska &#8220;Ave Maria&#8221;, k\u0101 ar\u012b Georga Fr\u012bdriha Hende\u013ca &#8220;Aleluja&#8221; no oratorijas &#8221;Mesija\u2019\u2019. No latvie\u0161u komponistu dai\u013cardes izskan\u0113s Raimonda Paula dziesmas &#8220;Pasaci\u0146a&#8221;, &#8220;Aicin\u0101jums&#8221; un &#8220;Circen\u012b\u0161a Ziemassv\u0113tki&#8221;, Raimonda Tigula &#8220;Pipark\u016bku sirsni\u0146a&#8221; un Valda Zilvera &#8220;Klus\u0101 nakts&#8221;. <\/p>\n<p>29. decembr\u012b pulksten 19.00 koncert\u0101 &#8220;It\u0101\u013cu baroka meistardarbi&#8221; uzst\u0101sies divas izcilas baroka m\u016bzikas interpretes \u2013 it\u0101\u013cu \u0123it\u0101riste Karlota Dalia un klaves\u012bniste Ievu Salieti, atkl\u0101jot dienvidu gaismas un baroka instrument\u0101l\u0101s m\u016bzikas spozmi. Koncertprogramm\u0101 skan\u0113s Antonio Vivaldi, Domeniko Skarlati, Luid\u017ei Boker\u012bni Hoakina Turinas ska\u0146darbi.<\/p>\n<p>30. decembr\u012b pulksten 19.00 ar jaunu solo programmu &#8221;B\u0113thovens, Bahs un \u0160op\u0113ns\u2019\u2019 b\u016bs iesp\u0113ja dzird\u0113t pianistu Andreju Osokinu, kur\u0161 atska\u0146os Rietumeiropas klavierm\u016bzikas skaist\u0101kos meistardarbus.<\/p>\n<p>Festiv\u0101la nosl\u0113gum\u0101, 31. decembr\u012b pulksten 15.00 un 18.00 Ziemassv\u0113tku festiv\u0101ls aicina svin\u0113t sv\u0113tkus ar &#8221;Jaungada koncertu un V\u012bnes val\u0161iem\u2019\u2019. Kop\u0101 ar Festiv\u0101la or\u0137estri un diri\u0123entu M\u0101rti\u0146u Ozoli\u0146u uzst\u0101sies \u0123it\u0101riste Karlota Dalia.<\/p>\n<p>Bi\u013cetes pieejamas <a rel=\"noopener nofollow\" target=\"_blank\" href=\"https:\/\/www.bilesuparadize.lv\/lv\/search?dateFrom=2025-12-16&amp;venue=2&amp;keywords=Ziemassv%C4%93tku%20festiv%C4%81ls&amp;showOnlyAvailable=false&amp;_=1765885605265\" data-rel-date-range=\"[]\">&#8220;Bi\u013ce\u0161u parad\u012bze&#8221; kas\u0113s.<\/a><\/p>\n<p>Ziemassv\u0113tku koncerts &#8220;P\u0113k\u0161\u0146i gaism\u0101&#8221; Dailes te\u0101tr\u012b <img decoding=\"async\" itemprop=\"image\" src=\"https:\/\/www.europesays.com\/lv\/wp-content\/uploads\/2025\/12\/a60d747e-8cd4-44ae-adeb-7a4a380bddc2.jpg\" title=\"Svin\u0113sim sv\u0113tkus ar m\u016bziku! Liel\u0101 Ziemassv\u0113tku koncertu izlase\" alt=\"Svin\u0113sim sv\u0113tkus ar m\u016bziku! Liel\u0101 Ziemassv\u0113tku koncertu izlase\" class=\"img-fluid w-100\" data-v-a1a92103=\"\"\/>Foto: Marko Rass <\/p>\n<p>No 27. decembra l\u012bdz 30. decembrim Dailes 10. studijas jaunie aktieri kop\u0101 ar &#8220;<a rel=\"noopener nofollow\" target=\"_blank\" href=\"https:\/\/www.delfi.lv\/temas\/52409955\/sudden-lights\" data-rel-date-range=\"[]\">Sudden Lights<\/a>&#8221; m\u016bzi\u0137iem uzst\u0101sies koncert\u0101 &#8220;P\u0113k\u0161\u0146i gaism\u0101&#8221;.<\/p>\n<p>&#8220;No tautasdziesm\u0101m l\u012bdz m\u016bsdienu latvie\u0161u m\u016bzikai \u2013 jaun\u012bbas ener\u0123ijas pilnaj\u0101 un sv\u0113tku noska\u0146\u0101s dzirksto\u0161aj\u0101 koncert\u0101 tiks apl\u016bkotas gan trad\u012bcijas, gan pa\u0161u piedz\u012bvotie un sajustie sv\u0113tki,&#8221; koncertu piesaka te\u0101tris. <\/p>\n<p>Rado\u0161\u0101 komanda: re\u017eisors \u2013 <a rel=\"noopener nofollow\" target=\"_blank\" href=\"https:\/\/www.delfi.lv\/temas\/44626138\/janis-znotins\" tag-id=\"44626138\">J\u0101nis Znoti\u0146\u0161<\/a>; dramatur\u0123e \u2013 Ance Mui\u017eniece; scenogr\u0101fe un kost\u012bmu m\u0101ksliniece \u2013 Pamela But\u0101ne; muzik\u0101lais vad\u012bt\u0101js \u2013 Juris Vaivods; horeogr\u0101fe \u2013 Liene Grava; gaismu m\u0101ksliniece \u2013 J\u016blija Bondarenko.<\/p>\n<p class=\"western\">Bi\u013cetes pieejamas <a rel=\"noopener nofollow\" target=\"_blank\" href=\"https:\/\/www.bilesuparadize.lv\/lv\/performance\/36260\" data-rel-date-range=\"[]\">&#8220;Bi\u013ce\u0161u parad\u012bze&#8221; kas\u0113s<\/a>.<\/p>\n<p>Bezmaksas koncerti R\u012bg\u0101 <img decoding=\"async\" itemprop=\"image\" src=\"https:\/\/www.europesays.com\/lv\/wp-content\/uploads\/2025\/12\/94855ae3-0517-4d21-a6ad-fcc4c403b550.jpg\" title=\"Svin\u0113sim sv\u0113tkus ar m\u016bziku! Liel\u0101 Ziemassv\u0113tku koncertu izlase\" alt=\"Svin\u0113sim sv\u0113tkus ar m\u016bziku! Liel\u0101 Ziemassv\u0113tku koncertu izlase\" class=\"img-fluid w-100\" data-v-a1a92103=\"\"\/>Foto: F64<\/p>\n<p>R\u012bgas kamerkoris &#8220;Ave Sol&#8221; ar sv\u0113tku programmu koncertz\u0101l\u0113 &#8220;Ave Sol&#8221;. <\/p>\n<p>22. decembr\u012b  pulksten 19 gaid\u0101ms koncerts &#8220;Pirms Ziemassv\u0113tkiem&#8221;, bet 25. decembr\u012b pulksten 14 un 17 koncerts &#8220;Ziemassv\u0113tku noska\u0146a&#8221;.<\/p>\n<p>Ja iepriek\u0161\u0113jos gados koncerti &#8220;Ziemassv\u0113tku noska\u0146a&#8221; priec\u0113ja apmekl\u0113t\u0101jus ar lielu pavado\u0161o instrument\u0101listu skan\u0113jumu, liel\u0101s koncertz\u0101l\u0113s, tad \u0161oreiz koris aicina uz vienk\u0101r\u0161u, maigu un sirsn\u012bgu sv\u0113tku br\u012bdi. Kora profesion\u0101lo vok\u0101lo skan\u0113jumu papildin\u0101s \u0113r\u0123elnieka Aigara Rei\u0146a izcil\u0101 \u0113r\u0123e\u013csp\u0113le. Programm\u0101 sakr\u0101l\u0101s m\u016bzikas skan\u0113jums v\u012bsies cauri gadsimtiem &#8211; no Palestr\u012bnas renesanses skaidr\u012bbas un Vivaldi barok\u0101l\u0101s litur\u0123ijas l\u012bdz pat Bend\u017eamina Britena ekspres\u012bvajai harmonijai un liriskumam. <\/p>\n<p>Koncerta izska\u0146\u0101 skan\u0113s m\u012b\u013ci un paz\u012bstami tradicion\u0101li Ziemassv\u0113tku kor\u0101\u013ci, kas \u013caus klaus\u012bt\u0101jiem izjust ik gadu gaid\u012bto sv\u0113tku mieru. R\u012bgas kamerkora &#8220;Ave Sol&#8221; tradicion\u0101lais koncerts &#8220;Ziemassv\u0113tku noska\u0146a&#8221; \u0161aj\u0101 gad\u0101 atdzims, \u013caujot izbaud\u012bt t\u012bru un siltu sv\u0113tku saj\u016btu \u2013 k\u0101 kluss, dv\u0113selisks gaismas br\u012bdis gada tum\u0161\u0101kaj\u0101 laik\u0101.<\/p>\n<p>Bezmaksas iel\u016bgumi pieejami <a rel=\"noopener nofollow\" target=\"_self\" href=\"https:\/\/www.bilesuparadize.lv\/lv\/performance\/32755\" data-rel-date-range=\"[]\">&#8220;Bi\u013ce\u0161u parad\u012bzes&#8221; kas\u0113s<\/a>.<\/p>\n<p>24. decembr\u012b no pulksten 12 L\u012bvu laukum\u0101 muzic\u0113s diksilenda &#8220;Sunny Groove Dixie&#8221; m\u016bzi\u0137i ar Ziemassv\u0113tku melodiju koncertu &#8220;\u010ciekurs \u010cikijs&#8221;. Mazajiem klaus\u012bt\u0101jiem r\u016b\u0137i b\u016bs sar\u016bp\u0113ju\u0161i \u012bpa\u0161u d\u0101vani\u0146u \u2013 mazu \u010diekuri\u0146u \u010cikiju.<\/p>\n<p>26. decembr\u012b pulksten 15 Tallinas ielas kvart\u0101la Ang\u0101ra koncertz\u0101l\u0113 uzst\u0101sies fonda &#8220;N\u0101c l\u012bdz\u0101s&#8221; koris cilv\u0113kiem ar \u012bpa\u0161\u0101m vajadz\u012bb\u0101m.<\/p>\n<p>Pie R\u012bgas Lutera bazn\u012bcas Tor\u0146akal\u0101 26. decembr\u012b no pulksten 12.45 gaid\u0101ms Ziemassv\u0113tku d\u0101rzs, kur\u0101 darbosies tirdzi\u0146\u0161, rado\u0161\u0101 darbn\u012bca un foto st\u016bris. <\/p>\n<p>Programma Vecr\u012bgas Ziemassv\u0113tku tirdzi\u0146\u0101 <\/p>\n<p>Sv\u0113tku dien\u0101s, 24. un 25. decembr\u012b, tirdzi\u0146\u0161 apmekl\u0113t\u0101jiem b\u016bs atv\u0113rts no pulksten 10 l\u012bdz 20, bet 26. decembr\u012b no pulksten 10 l\u012bdz 22 (karstie dz\u0113rieni l\u012bdz pulksten 23). <\/p>\n<p><img decoding=\"async\" itemprop=\"image\" src=\"https:\/\/www.europesays.com\/lv\/wp-content\/uploads\/2025\/12\/db4d3f2c-e208-4693-bd8a-f603a91d13e1.jpg\" title=\"Svin\u0113sim sv\u0113tkus ar m\u016bziku! Liel\u0101 Ziemassv\u0113tku koncertu izlase\" alt=\"Svin\u0113sim sv\u0113tkus ar m\u016bziku! Liel\u0101 Ziemassv\u0113tku koncertu izlase\" class=\"img-fluid w-100\" data-v-a1a92103=\"\"\/>Foto: Edgars Jonaitis <\/p>\n<p>Piektdien, 19. decembr\u012b, no pulksten 20 l\u012bdz 23 izkust\u0113\u0161an\u0101s deju ritmos kop\u0101 ar DJ Edgar Storm.<\/p>\n<p>Sestdien, 20. decembr\u012b, pulksten 13 uzst\u0101sties b\u0113rnu vok\u0101lais ansamblis &#8220;Poppy&#8221;, pulksten 15 Balss att\u012bst\u012bbas studija &#8220;Kantil\u0113na&#8221;, pulksten 16 folkloras kopa &#8220;Saulesmeitas&#8221;. Dzied\u0101t\u0101jas MADA koncerts skan\u0113s pulksten 17, p\u0113c tam pulksten 18 Iecavas Kult\u016bras nama folkloras kopa &#8220;Tark\u0161\u0137i&#8221;. Izdancoties kop\u0101 ar R\u012bgas Dan\u010du klubu var\u0113s no pulksten 19. Varkaru pulksten 21 turpin\u0101s dzied\u0101t\u0101ja Elizabete Gaile, pulksten 22 \u2013 Katr\u012bna Dimanta. <br \/>Sv\u0113tdien, 21. decembr\u012b, pulksten 15 uz tirdzi\u0146a skatuves k\u0101ps grupa &#8220;Dzilna&#8221;, pulksten 16 b\u0113rnu vok\u0101lais ansamblis &#8220;Karameles&#8221;. Pulksten 17 uzst\u0101sies tradicion\u0101l\u0101s dzied\u0101\u0161anas grupa &#8220;Sauc\u0113jas&#8221;.Tre\u0161dien, <\/p>\n<p>24. decembr\u012b, pulksten 13 skan\u0113s d\u017eezs, uzst\u0101sies Enriko Corvison d\u017eeza kvartets, savuk\u0101rt pulksten 14 Ziemassv\u0113tku vakaru ieskandin\u0101s koris &#8220;S\u014dla&#8221;. Pulksten 15 notiks dzied\u0101t\u0101jas Annijas Putni\u0146as koncerts.<\/p>\n<p>Pirmajos Ziemassv\u0113tkos, 25. decembr\u012b, pulksten 16 tirdzi\u0146a apmekl\u0113t\u0101jiem b\u016bs iesp\u0113ja klaus\u012bties Mikus Fri\u0161felda koncertu.<\/p>\n<p>Otrajos Ziemassv\u0113tkos, 26. decembr\u012b, pulksten 21 grupas &#8220;Bad Habits&#8221; koncerts.<\/p>\n<p>27. decembr\u012b no pulksten 18 l\u012bdz 21 dejas kop\u0101 ar DJ Martini.<\/p>\n<p class=\"m-0\">Seko &#8220;Delfi&#8221; ar\u012b  <a target=\"_blank\" href=\"https:\/\/www.instagram.com\/delfi.lv\/\" rel=\"nofollow noopener\">Instagram<\/a>  un <a target=\"_blank\" href=\"https:\/\/www.youtube.com\/channel\/UCw5foWtcJvAbUm64rv7jwUQ\" rel=\"nofollow noopener\">YouTube<\/a>  profil\u0101 \u2013 pievienojies, lai uzzin\u0101tu svar\u012bg\u0101ko un interesant\u0101ko pirmais!<\/p>\n<p>Publik\u0101cijas saturs vai t\u0101s jebk\u0101da apjoma da\u013ca ir aizsarg\u0101ts autorties\u012bbu objekts Autorties\u012bbu likuma izpratn\u0113, un t\u0101 izmanto\u0161ana bez izdev\u0113ja at\u013caujas ir aizliegta. Vair\u0101k lasi  <a target=\"_blank\" href=\"https:\/\/www.delfi.lv\/noteikumi#autortiesibas\" rel=\"nofollow noopener\">\u0161eit<\/a><script async src=\"\/\/www.instagram.com\/embed.js\"><\/script><\/p>\n","protected":false},"excerpt":{"rendered":"Ziemassv\u0113tku laik\u0101 R\u012bg\u0101 norisin\u0101sies daudzveid\u012bgi pas\u0101kumi un koncerti bazn\u012bc\u0101s un koncertz\u0101l\u0113s, kuros aicin\u0101ti piedal\u012bties gan r\u012bdzinieki, gan galvaspils\u0113tas&hellip;\n","protected":false},"author":2,"featured_media":82564,"comment_status":"","ping_status":"","sticky":false,"template":"","format":"standard","meta":{"footnotes":""},"categories":[19],"tags":[13896,11584,20886,20885,454,5536,980,89,4322,20883,90,10467,5162,4325,10832,35,39,38,36,37,34,1376,40,2672,18673,20884,15720],"class_list":{"0":"post-82563","1":"post","2":"type-post","3":"status-publish","4":"format-standard","5":"has-post-thumbnail","7":"category-izklaide","8":"tag-aija-vitolina","9":"tag-ainars-ancevskis","10":"tag-andris-buikis","11":"tag-artis-orubs","12":"tag-dailes-teatris","13":"tag-daumants-kalnins","14":"tag-egils-melbardis","15":"tag-entertainment","16":"tag-intars-busulis","17":"tag-ints-teterovskis","18":"tag-izklaide","19":"tag-janis-kalnins","20":"tag-janis-znotins","21":"tag-karlis-lacis","22":"tag-koris-balsis","23":"tag-latvia","24":"tag-latvian","25":"tag-latviesu","26":"tag-latviesu-valoda","27":"tag-latviesuvaloda","28":"tag-latvija","29":"tag-latvijas-nacionalais-teatris","30":"tag-lv","31":"tag-raimonds-pauls","32":"tag-rigas-doma-zenu-koris","33":"tag-rigas-kongresu-nams","34":"tag-svetku-laiks"},"share_on_mastodon":{"url":"https:\/\/pubeurope.com\/@lv\/115761878742294624","error":""},"_links":{"self":[{"href":"https:\/\/www.europesays.com\/lv\/wp-json\/wp\/v2\/posts\/82563","targetHints":{"allow":["GET"]}}],"collection":[{"href":"https:\/\/www.europesays.com\/lv\/wp-json\/wp\/v2\/posts"}],"about":[{"href":"https:\/\/www.europesays.com\/lv\/wp-json\/wp\/v2\/types\/post"}],"author":[{"embeddable":true,"href":"https:\/\/www.europesays.com\/lv\/wp-json\/wp\/v2\/users\/2"}],"replies":[{"embeddable":true,"href":"https:\/\/www.europesays.com\/lv\/wp-json\/wp\/v2\/comments?post=82563"}],"version-history":[{"count":0,"href":"https:\/\/www.europesays.com\/lv\/wp-json\/wp\/v2\/posts\/82563\/revisions"}],"wp:featuredmedia":[{"embeddable":true,"href":"https:\/\/www.europesays.com\/lv\/wp-json\/wp\/v2\/media\/82564"}],"wp:attachment":[{"href":"https:\/\/www.europesays.com\/lv\/wp-json\/wp\/v2\/media?parent=82563"}],"wp:term":[{"taxonomy":"category","embeddable":true,"href":"https:\/\/www.europesays.com\/lv\/wp-json\/wp\/v2\/categories?post=82563"},{"taxonomy":"post_tag","embeddable":true,"href":"https:\/\/www.europesays.com\/lv\/wp-json\/wp\/v2\/tags?post=82563"}],"curies":[{"name":"wp","href":"https:\/\/api.w.org\/{rel}","templated":true}]}}