{"id":8257,"date":"2025-09-29T20:40:13","date_gmt":"2025-09-29T20:40:13","guid":{"rendered":"https:\/\/www.europesays.com\/lv\/8257\/"},"modified":"2025-09-29T20:40:13","modified_gmt":"2025-09-29T20:40:13","slug":"ukraina-piedzivo-vienu-no-smagakajiem-uzbrukumiem-pedejo-nedelu-laika","status":"publish","type":"post","link":"https:\/\/www.europesays.com\/lv\/8257\/","title":{"rendered":"Ukraina piedz\u012bvo vienu no smag\u0101kajiem uzbrukumiem p\u0113d\u0113jo ned\u0113\u013cu laik\u0101"},"content":{"rendered":"<p class=\"lead mb-md-2 mb-1 js-tv3-orphus\">Krievija Ukrainai sag\u0101d\u0101jusi v\u0113l vienu n\u0101v\u0113jo\u0161u ned\u0113\u013cas nogali. Vakar tur pieredz\u0113ti gaisa uzbrukumi teju 12 stundu garum\u0101. Agresors to pastr\u0101d\u0101\u0161anai lietoja gandr\u012bz pust\u016bkstoti dronu un pussimtu da\u017e\u0101da veida ra\u0137e\u0161u.\n<\/p>\n<p>Nogalin\u0101ti vismaz \u010detri cilv\u0113ki, tostarp ar\u012b k\u0101da 12 gadus veca jauniete. Desmitiem cilv\u0113ku ievainoti.<\/p>\n<p>Smag\u0101kie post\u012bjumi fiks\u0113ti Kijiv\u0101 un Zapori\u017ej\u0101.<\/p>\n<p>Amatpersonas jaun\u0101kos triecienus nosauku\u0161as par \u013caunpr\u0101t\u012bg\u0101m taktik\u0101m, kuru m\u0113r\u0137is ir ne vien iebied\u0113t civiliedz\u012bvot\u0101jus, bet ar\u012b paraliz\u0113t b\u016btisk\u0101ko infrastrukt\u016bru pirms gaid\u0101m\u0101s ziemas sezonas.<\/p>\n<p class=\"tv3-fw-500\">Zi\u0146o par k\u013c\u016bdu rakst\u0101<\/p>\n<p class=\"d-md-block d-none\">Iez\u012bm\u0113 k\u013c\u016bdaino tekstu un spied Ctrl+Enter.<\/p>\n<p class=\"d-md-none d-block\">Iez\u012bm\u0113 k\u013c\u016bdaino tekstu un zi\u0146o par to!<\/p>\n","protected":false},"excerpt":{"rendered":"Krievija Ukrainai sag\u0101d\u0101jusi v\u0113l vienu n\u0101v\u0113jo\u0161u ned\u0113\u013cas nogali. Vakar tur pieredz\u0113ti gaisa uzbrukumi teju 12 stundu garum\u0101. Agresors&hellip;\n","protected":false},"author":2,"featured_media":8258,"comment_status":"","ping_status":"","sticky":false,"template":"","format":"standard","meta":{"footnotes":""},"categories":[5],"tags":[23,28,29,32,33,22,3354,30,31,35,39,38,36,37,34,40,20,26,27,24,25,21],"class_list":{"0":"post-8257","1":"post","2":"type-post","3":"status-publish","4":"format-standard","5":"has-post-thumbnail","7":"category-aktualitates","8":"tag-aktualitates","9":"tag-breaking-news","10":"tag-breakingnews","11":"tag-featured-news","12":"tag-featurednews","13":"tag-headlines","14":"tag-kars-ukraina","15":"tag-latest-news","16":"tag-latestnews","17":"tag-latvia","18":"tag-latvian","19":"tag-latviesu","20":"tag-latviesu-valoda","21":"tag-latviesuvaloda","22":"tag-latvija","23":"tag-lv","24":"tag-news","25":"tag-popularakas-zinas","26":"tag-popularakaszinas","27":"tag-top-stories","28":"tag-topstories","29":"tag-zinas"},"share_on_mastodon":{"url":"","error":""},"_links":{"self":[{"href":"https:\/\/www.europesays.com\/lv\/wp-json\/wp\/v2\/posts\/8257","targetHints":{"allow":["GET"]}}],"collection":[{"href":"https:\/\/www.europesays.com\/lv\/wp-json\/wp\/v2\/posts"}],"about":[{"href":"https:\/\/www.europesays.com\/lv\/wp-json\/wp\/v2\/types\/post"}],"author":[{"embeddable":true,"href":"https:\/\/www.europesays.com\/lv\/wp-json\/wp\/v2\/users\/2"}],"replies":[{"embeddable":true,"href":"https:\/\/www.europesays.com\/lv\/wp-json\/wp\/v2\/comments?post=8257"}],"version-history":[{"count":0,"href":"https:\/\/www.europesays.com\/lv\/wp-json\/wp\/v2\/posts\/8257\/revisions"}],"wp:featuredmedia":[{"embeddable":true,"href":"https:\/\/www.europesays.com\/lv\/wp-json\/wp\/v2\/media\/8258"}],"wp:attachment":[{"href":"https:\/\/www.europesays.com\/lv\/wp-json\/wp\/v2\/media?parent=8257"}],"wp:term":[{"taxonomy":"category","embeddable":true,"href":"https:\/\/www.europesays.com\/lv\/wp-json\/wp\/v2\/categories?post=8257"},{"taxonomy":"post_tag","embeddable":true,"href":"https:\/\/www.europesays.com\/lv\/wp-json\/wp\/v2\/tags?post=8257"}],"curies":[{"name":"wp","href":"https:\/\/api.w.org\/{rel}","templated":true}]}}