{"id":82570,"date":"2025-12-22T06:50:13","date_gmt":"2025-12-22T06:50:13","guid":{"rendered":"https:\/\/www.europesays.com\/lv\/82570\/"},"modified":"2025-12-22T06:50:13","modified_gmt":"2025-12-22T06:50:13","slug":"sorit-latgale-un-vietam-zemgale-vidzeme-autoceli-apledo-strada-23-ziemas-tehnikas-vienibas","status":"publish","type":"post","link":"https:\/\/www.europesays.com\/lv\/82570\/","title":{"rendered":"\u0160or\u012bt Latgal\u0113 un viet\u0101m Zemgal\u0113, Vidzem\u0113 autoce\u013ci apledo, str\u0101d\u0101 23 ziemas tehnikas vien\u012bbas"},"content":{"rendered":"<p>\u0160or\u012bt uz plkst. 6.30 apledojums Latgal\u0113 un viet\u0101m Zemgal\u0113, Vidzem\u0113 apgr\u016btina brauk\u0161anu pa valsts galvenajiem un re\u0123ion\u0101lajiem autoce\u013ciem. Slidenos ce\u013ca posmus kaisa ar pretsl\u012bdes materi\u0101liem. Lai uzlabotu brauk\u0161anas apst\u0101k\u013cus, ce\u013cu uztur\u0113\u0161anas darbos iesaist\u012btas 23 ziemas dienesta tehnikas vien\u012bbas.<\/p>\n<p>Apgr\u016btin\u0101ti brauk\u0161anas apst\u0101k\u013ci uz valsts galvenajiem autoce\u013ciem:<\/p>\n<ul class=\"red-bullets\">\n<li>Daugavpils \u0161osejas (A6) no Aiviekstes tilta l\u012bdz P\u0101terniekiem;<\/li>\n<li>Liep\u0101jas \u0161osejas (A9) no Ap\u0161upes krustojuma l\u012bdz Mazbl\u012bdenei;<\/li>\n<li>Ventspils \u0161osejas (A10) no K\u016bdras l\u012bdz Strazdei;<\/li>\n<li>R\u0113zeknes \u0161oseja (A12) vis\u0101\u00a0 posm\u0101;\u00a0<\/li>\n<li>autoce\u013c\u0161 Krievijas robe\u017ea (Greb\u0146eva) \u2013 R\u0113zekne \u2013 Daugavpils \u2013 Lietuvas robe\u017ea (Medumi) (A13) vis\u0101\u00a0 posm\u0101;<\/li>\n<li>Daugavpils apvedce\u013c\u0161 (A14) vis\u0101 posm\u0101;<\/li>\n<li>R\u0113zeknes apvedce\u013c\u0161 (A15) vis\u0101 posm\u0101.<\/li>\n<\/ul>\n<p>Uz re\u0123ion\u0101lajiem autoce\u013ciem apgr\u016btin\u0101ta brauk\u0161ana ir Latgal\u0113 un Gulbenes, Bauskas, Dobeles un Tukuma apk\u0101rtn\u0113. <\/p>\n<p>Aicin\u0101m autovad\u012bt\u0101jus r\u0113\u0137in\u0101ties ar laikapst\u0101k\u013ciem, pl\u0101nojot braucienus, atv\u0113l\u0113t papildu laiku ce\u013cam, izv\u0113l\u0113ties brauk\u0161anas \u0101trumu, kas atbilst ce\u013cu seguma st\u0101voklim, k\u0101 ar\u012b dro\u0161u distanci.<\/p>\n<p>Ar brauk\u0161anas apst\u0101k\u013ciem valsts ce\u013cu t\u012bkl\u0101 ikviens var iepaz\u012bties kart\u0113 VSIA Latvijas Valsts ce\u013ci (LVC) m\u0101jaslap\u0101 <a href=\"http:\/\/www.lvceli.lv\" rel=\"nofollow noopener\" target=\"_blank\">www.lvceli.lv<\/a>. Par apgr\u016btin\u0101tiem brauk\u0161anas apst\u0101k\u013ciem vai citiem ar satiksmi un ce\u013cu st\u0101vokli saist\u012btiem nov\u0113rojumiem aicin\u0101m inform\u0113t VSIA Latvijas Valsts ce\u013ci, zvanot uz diennakts bezmaksas informat\u012bvo t\u0101lruni 80005555, k\u0101 ar\u012b uz\u0146\u0113muma kontos soci\u0101l\u0101s sazi\u0146as t\u012bklos <a href=\"https:\/\/x.com\/LVceli\" rel=\"nofollow\">X<\/a> un <a href=\"https:\/\/www.facebook.com\/LVCELI\/\" rel=\"nofollow noopener\" target=\"_blank\">Facebook<\/a>.\u00a0<\/p>\n","protected":false},"excerpt":{"rendered":"\u0160or\u012bt uz plkst. 6.30 apledojums Latgal\u0113 un viet\u0101m Zemgal\u0113, Vidzem\u0113 apgr\u016btina brauk\u0161anu pa valsts galvenajiem un re\u0123ion\u0101lajiem autoce\u013ciem.&hellip;\n","protected":false},"author":2,"featured_media":82571,"comment_status":"","ping_status":"","sticky":false,"template":"","format":"standard","meta":{"footnotes":""},"categories":[12],"tags":[23,28,29,32,33,22,30,31,35,39,38,36,37,34,40,20,26,27,24,25,21],"class_list":{"0":"post-82570","1":"post","2":"type-post","3":"status-publish","4":"format-standard","5":"has-post-thumbnail","7":"category-latvija","8":"tag-aktualitates","9":"tag-breaking-news","10":"tag-breakingnews","11":"tag-featured-news","12":"tag-featurednews","13":"tag-headlines","14":"tag-latest-news","15":"tag-latestnews","16":"tag-latvia","17":"tag-latvian","18":"tag-latviesu","19":"tag-latviesu-valoda","20":"tag-latviesuvaloda","21":"tag-latvija","22":"tag-lv","23":"tag-news","24":"tag-popularakas-zinas","25":"tag-popularakaszinas","26":"tag-top-stories","27":"tag-topstories","28":"tag-zinas"},"share_on_mastodon":{"url":"https:\/\/pubeurope.com\/@lv\/115761894216599703","error":""},"_links":{"self":[{"href":"https:\/\/www.europesays.com\/lv\/wp-json\/wp\/v2\/posts\/82570","targetHints":{"allow":["GET"]}}],"collection":[{"href":"https:\/\/www.europesays.com\/lv\/wp-json\/wp\/v2\/posts"}],"about":[{"href":"https:\/\/www.europesays.com\/lv\/wp-json\/wp\/v2\/types\/post"}],"author":[{"embeddable":true,"href":"https:\/\/www.europesays.com\/lv\/wp-json\/wp\/v2\/users\/2"}],"replies":[{"embeddable":true,"href":"https:\/\/www.europesays.com\/lv\/wp-json\/wp\/v2\/comments?post=82570"}],"version-history":[{"count":0,"href":"https:\/\/www.europesays.com\/lv\/wp-json\/wp\/v2\/posts\/82570\/revisions"}],"wp:featuredmedia":[{"embeddable":true,"href":"https:\/\/www.europesays.com\/lv\/wp-json\/wp\/v2\/media\/82571"}],"wp:attachment":[{"href":"https:\/\/www.europesays.com\/lv\/wp-json\/wp\/v2\/media?parent=82570"}],"wp:term":[{"taxonomy":"category","embeddable":true,"href":"https:\/\/www.europesays.com\/lv\/wp-json\/wp\/v2\/categories?post=82570"},{"taxonomy":"post_tag","embeddable":true,"href":"https:\/\/www.europesays.com\/lv\/wp-json\/wp\/v2\/tags?post=82570"}],"curies":[{"name":"wp","href":"https:\/\/api.w.org\/{rel}","templated":true}]}}