{"id":82574,"date":"2025-12-22T06:53:09","date_gmt":"2025-12-22T06:53:09","guid":{"rendered":"https:\/\/www.europesays.com\/lv\/82574\/"},"modified":"2025-12-22T06:53:09","modified_gmt":"2025-12-22T06:53:09","slug":"andrejs-rastorgujevs-atgriezas-pasaules-kausa-aprite-ansi-sprinta-biatlonisti-gatavojas-sezonas-tresajam-posmam-lente-lv","status":"publish","type":"post","link":"https:\/\/www.europesays.com\/lv\/82574\/","title":{"rendered":"Andrejs Rastorgujevs atgrie\u017eas Pasaules kausa aprit\u0113 Ans\u012b sprint\u0101; Biatlonisti gatavojas sezonas tre\u0161ajam posmam\u00a0\u2014\u00a0Lente.lv"},"content":{"rendered":"<p>Andrejs Rastorgujevs atgrie\u017eas uz starta<\/p>\n<p>Latvijas biatlona vado\u0161ais sportists Andrejs Rastorgujevs pievienosies komandas biedriem \u0161aj\u0101 ned\u0113\u013cas nogal\u0113 Francijas tras\u0113 Ans\u012b (Le Grand Bornand), kur turpin\u0101sies Pasaules kausa biatlon\u0101 sezonas tre\u0161ais posms. Piektdien ar 10 kilometru sprintu v\u012brie\u0161iem tiks dots starts posmam, kur\u0101 Rastorgujevs gatavs atgriezties p\u0113c iepriek\u0161\u0113j\u0101 posma izlai\u0161anas, kas saist\u012bta ar vesel\u012bbas probl\u0113m\u0101m.<\/p>\n<p>P\u0113d\u0113jais Pasaules kausa posms notika Hohfilcen\u0113, Austrij\u0101, kur\u0101 Rastorgujevs nestart\u0113ja, lai \u0101rst\u0113tu iepriek\u0161\u0113j\u0101 posm\u0101 g\u016bto savainojumu un p\u0113c tam ar\u012b saslim\u0161anu ar COVID-19 Latvij\u0101. Biatlonista atgrie\u0161an\u0101s ir svar\u012bga zi\u0146a Latvijas ziemas sporta cien\u012bt\u0101jiem, \u012bpa\u0161i \u0146emot v\u0113r\u0101, ka sezonas s\u0101kums jau bija daudzsolo\u0161s.<\/p>\n<p>Latvie\u0161u starta numuri un sezonas s\u0101kuma rezult\u0101ti<\/p>\n<p>Piektdien paredz\u0113taj\u0101 10 km sprint\u0101 tras\u0113 dosies tr\u012bs Latvijas biatlonisti. Andrejs Rastorgujevs ir sa\u0146\u0113mis 40. starta numuru. Vi\u0146a komandas biedri b\u016bs Ren\u0101rs Birkent\u0101ls, kuram pie\u0161\u0137irts sestais starta numurs, un Aleksandrs Patrijuks, kur\u0161 start\u0113s k\u0101 95. biatlonists. Kopum\u0101 sprintam pieteiku\u0161ies 107 sportisti.<\/p>\n<p>Pirms traumas g\u016b\u0161anas, Rastorgujevs demonstr\u0113ja labu sniegumu sezonas pirmaj\u0101 posm\u0101 Este\u0161und\u0101, Zviedrij\u0101. Tur vi\u0146\u0161 20 kilometru individu\u0101laj\u0101 distanc\u0113 ar vienu soda min\u016bti ierindoj\u0101s 9. viet\u0101, kas iez\u012bm\u0113ja cer\u012bgu s\u0101kumu sezonai. Tom\u0113r sprinta sacens\u012bb\u0101s \u0161aj\u0101 pa\u0161\u0101 posm\u0101 \u0101truma tr\u016bkuma d\u0113\u013c tika sasniegta 33. vieta.<\/p>\n<p>Ren\u0101rs Birkent\u0101ls, kuram ir 24 gadi, iepriek\u0161\u0113j\u0101 posm\u0101 Francij\u0101 (dom\u0101jams, iepriek\u0161\u0113j\u0101 \u0161\u012b posma versij\u0101 vai cit\u0101 posm\u0101, kas noticis pirms izlai\u0161anas) izc\u012bn\u012bja 34. vietu sprint\u0101, nodro\u0161inot vietu iedz\u012b\u0161an\u0101, kur fini\u0161\u0113ja 39. viet\u0101, ab\u0101s sacens\u012bb\u0101s pie\u013caujot pa \u010detr\u0101m \u0161au\u0161anas k\u013c\u016bd\u0101m. Aleksandrs Patrijuks \u0161aj\u0101 iepriek\u0161\u0113j\u0101 Francijas posm\u0101 ierindoj\u0101s 91. poz\u012bcij\u0101.<\/p>\n<p>Ans\u012b posma konteksts un iepriek\u0161\u0113jie rezult\u0101ti<\/p>\n<p>Biatlona Pasaules kausa posms Ans\u012b norisin\u0101s no 18. l\u012bdz 21. decembrim, ietverot sprintu sieviet\u0113m un v\u012brie\u0161iem, iedz\u012b\u0161anu un, k\u0101 atz\u012bm\u0113ts, sv\u0113tdien paredz\u0113ts v\u012bru masu starts. Piektdien jau notika 7,5 km sprints sieviet\u0113m, kur\u0101s Baiba Bendika ie\u0146\u0113ma 27. vietu.<\/p>\n<p>Andrejs Rastorgujevs Pasaules kaus\u0101 ir izc\u012bn\u012bjis tr\u012bs goda pjedest\u0101lus individu\u0101laj\u0101s sacens\u012bb\u0101s, tostarp sudrabu sprint\u0101 Kontiolahti 2017.\/2018. gada sezon\u0101. Lai gan vi\u0146\u0161 ir paz\u012bstams k\u0101 viens no \u0101tr\u0101kajiem sl\u0113pot\u0101jiem, p\u0113d\u0113jos gados vi\u0146a pan\u0101kumi bie\u017ei ir atkar\u012bgi ar\u012b no \u0161au\u0161anas precizit\u0101tes.<\/p>\n<p>Gaid\u0101m\u0101s sacens\u012bbas Ans\u012b<\/p>\n<p>Piektdienas 10 km sprints b\u016bs kvalifik\u0101cijas sacens\u012bbas sestdienas iedz\u012b\u0161anai, kur\u0101 piedal\u012bsies 60 lab\u0101kie sprint\u0101. Latvijas sportistiem, \u012bpa\u0161i Rastorgujevam, \u0161is starts ir b\u016btiska iesp\u0113ja atg\u016bt poz\u012bcijas Pasaules kausa kopv\u0113rt\u0113jum\u0101, kur vi\u0146\u0161 \u0161obr\u012bd, sprie\u017eot p\u0113c jaun\u0101kajiem datiem, ie\u0146em 39. vietu.<\/p>\n<p>Neskatoties uz to, ka Rastorgujevs iepriek\u0161 Ans\u012b posm\u0101 sprint\u0101 fini\u0161\u0113jis 28. viet\u0101, tagad vi\u0146\u0161 cer uz stabil\u0101ku sniegumu, jo \u0161is posms iez\u012bm\u0113 sezonas viduspunkta s\u0101kumu pirms p\u0101rtraukuma un atgrie\u0161an\u0101s uz starta V\u0101cijas un \u010cehijas tras\u0113s.<\/p>\n<p>Ren\u0101rs Birkent\u0101ls 2023. gad\u0101 \u0161aj\u0101 pa\u0161\u0101 Anses tras\u0113 sprint\u0101 sasniedza savu karjeras rekordu \u2013 27. vietu.<\/p>\n","protected":false},"excerpt":{"rendered":"Andrejs Rastorgujevs atgrie\u017eas uz starta Latvijas biatlona vado\u0161ais sportists Andrejs Rastorgujevs pievienosies komandas biedriem \u0161aj\u0101 ned\u0113\u013cas nogal\u0113 Francijas&hellip;\n","protected":false},"author":2,"featured_media":82575,"comment_status":"","ping_status":"","sticky":false,"template":"","format":"standard","meta":{"footnotes":""},"categories":[17],"tags":[1498,20603,1499,35,39,38,36,37,34,40,2560,67,20888],"class_list":{"0":"post-82574","1":"post","2":"type-post","3":"status-publish","4":"format-standard","5":"has-post-thumbnail","7":"category-sports","8":"tag-andrejs-rastorgujevs","9":"tag-ansi","10":"tag-biatlons","11":"tag-latvia","12":"tag-latvian","13":"tag-latviesu","14":"tag-latviesu-valoda","15":"tag-latviesuvaloda","16":"tag-latvija","17":"tag-lv","18":"tag-pasaules-kauss","19":"tag-sports","20":"tag-viriesu-sprints"},"share_on_mastodon":{"url":"https:\/\/pubeurope.com\/@lv\/115761905856522356","error":""},"_links":{"self":[{"href":"https:\/\/www.europesays.com\/lv\/wp-json\/wp\/v2\/posts\/82574","targetHints":{"allow":["GET"]}}],"collection":[{"href":"https:\/\/www.europesays.com\/lv\/wp-json\/wp\/v2\/posts"}],"about":[{"href":"https:\/\/www.europesays.com\/lv\/wp-json\/wp\/v2\/types\/post"}],"author":[{"embeddable":true,"href":"https:\/\/www.europesays.com\/lv\/wp-json\/wp\/v2\/users\/2"}],"replies":[{"embeddable":true,"href":"https:\/\/www.europesays.com\/lv\/wp-json\/wp\/v2\/comments?post=82574"}],"version-history":[{"count":0,"href":"https:\/\/www.europesays.com\/lv\/wp-json\/wp\/v2\/posts\/82574\/revisions"}],"wp:featuredmedia":[{"embeddable":true,"href":"https:\/\/www.europesays.com\/lv\/wp-json\/wp\/v2\/media\/82575"}],"wp:attachment":[{"href":"https:\/\/www.europesays.com\/lv\/wp-json\/wp\/v2\/media?parent=82574"}],"wp:term":[{"taxonomy":"category","embeddable":true,"href":"https:\/\/www.europesays.com\/lv\/wp-json\/wp\/v2\/categories?post=82574"},{"taxonomy":"post_tag","embeddable":true,"href":"https:\/\/www.europesays.com\/lv\/wp-json\/wp\/v2\/tags?post=82574"}],"curies":[{"name":"wp","href":"https:\/\/api.w.org\/{rel}","templated":true}]}}