{"id":82576,"date":"2025-12-22T06:55:13","date_gmt":"2025-12-22T06:55:13","guid":{"rendered":"https:\/\/www.europesays.com\/lv\/82576\/"},"modified":"2025-12-22T06:55:13","modified_gmt":"2025-12-22T06:55:13","slug":"zinas-vieglaja-valoda-21-decembri-raksts","status":"publish","type":"post","link":"https:\/\/www.europesays.com\/lv\/82576\/","title":{"rendered":"Zi\u0146as vieglaj\u0101 valod\u0101 21. decembr\u012b \/ Raksts"},"content":{"rendered":"<p>Zi\u0146as vieglaj\u0101 valod\u0101 21. decembr\u012b.\u00a0<\/p>\n<p>Zi\u0146as vieglaj\u0101 valod\u0101 21. decembr\u012b<\/p>\n<p>Turpin\u0101s sarunas par kara Ukrain\u0101 izbeig\u0161anu<\/p>\n<p>Amerikas Savienotaj\u0101s Valst\u012bs, Maiami, \u0161odien turpin\u0101s sarunas par kara beig\u0101m Ukrain\u0101, ko s\u0101kusi Krievija.<\/p>\n<p>ASV prezidenta Trampa p\u0101rst\u0101vji St\u012bvs Vitkofs un D\u017eareds Ku\u0161ners run\u0101 ar Krievijas prezidenta p\u0101rst\u0101vi Kirilu Dmitrijevu.<\/p>\n<p>Vi\u0146i run\u0101ja ar\u012b vakar.<\/p>\n<p>Dmitrijevs teica, ka sarunas bija labas.<\/p>\n<p>Piektdien ar Vitkofu un Ku\u0161neru run\u0101ja Ukrainas p\u0101rst\u0101vji.<\/p>\n<p>Sarunas notiks ar\u012b \u0161odien.<\/p>\n<p>Ukrainas Nacion\u0101l\u0101s dro\u0161\u012bbas un aizsardz\u012bbas padomes sekret\u0101rs Rustems Umerovs teica, ka cer uz turpm\u0101ku progresu un praktiskiem rezult\u0101tiem.<\/p>\n<p>\u00a0<\/p>\n<p>Kremlis pazi\u0146o par Putina gatav\u012bbu tikties ar Makronu\u00a0<\/p>\n<p>Francijas prezidenta biroj\u0101 priec\u0101jas par zi\u0146u, ka Vladimirs Putins piekr\u012bt satikties ar Francijas prezidentu Emanuelu Makronu.<\/p>\n<p>Kremlis \u0161odien pazi\u0146oja, ka Putins ir gatavs sarunai.<\/p>\n<p>Francijas prezidents piektdien teica, ka tie\u0161as sarunas ar Putinu par kara beig\u0101m Ukrain\u0101 b\u016btu izdev\u012bgas Eiropai un Ukrainai.<\/p>\n<p>Francijas prezidenta biroj\u0101 ar\u012b saka, ka Ukrainas prezidents Volodimirs Zelenskis un Eiropas valstu vad\u012bt\u0101ji uzzin\u0101s visu par \u0161\u012bm sarun\u0101m.<\/p>\n<p>\u00a0<\/p>\n<p>Ukraina pieprasa Krievijai atdot no\u00a0Grabovskas ciema nolaup\u012btos cilv\u0113kus\u00a0<\/p>\n<p>Ukrainas varas iest\u0101des prasa Krievijai atgriezt cilv\u0113kus, kurus nolaup\u012bja no Grabovskas ciema Sumu apgabal\u0101.<\/p>\n<p>Krievijas karav\u012bri p\u0101rg\u0101ja Ukrainas robe\u017eu un aizveda uz Krieviju apm\u0113ram 50 cilv\u0113kus, liel\u0101koties vec\u0101kus cilv\u0113kus.<\/p>\n<p>Ukrainas \u0101rlietu ministrs Anrijs Sibiha teica, ka \u0161ie 50 cilv\u0113ki, t\u0101pat k\u0101 t\u016bksto\u0161iem citu mier\u012bgo iedz\u012bvot\u0101ju, ieskaitot Ukrainas b\u0113rnus, tika vardarb\u012bgi aizvesti uz Krieviju.<\/p>\n<p>Sibiha teica, ka Krievija\u00a0r\u012bkojas k\u0101 teroristu grup\u0113jumi &#8220;Isl\u0101ma valsts&#8221;, &#8220;Boko Haram&#8221; un &#8220;Ham\u0101s&#8221;.<\/p>\n<p>\u00a0<\/p>\n<p>Izra\u0113la apstiprin\u0101jusi 19 jaunas ebreju apmetnes okup\u0113taj\u0101 Rietumkrast\u0101\u00a0<\/p>\n<p>Izra\u0113las vald\u012bba nol\u0113musi uzb\u016bv\u0113t 19 jaunus ebreju ciemus (apmetnes) Rietumkrast\u0101.<\/p>\n<p>Tagad kop\u0101 ir tur 69 jauni ciemi.<\/p>\n<p>ANO saka, ka ebreju ciemu skaits Rietumkrast\u0101 ir \u013coti liels.<\/p>\n<p>Izra\u0113las finan\u0161u ministrs Bezalels Smotri\u010ds atbalsta \u0161os ciemus.<\/p>\n<p>Vi\u0146\u0161 saka, ka tie ne\u013cauj izveidot &#8220;palest\u012bnie\u0161u teroristu valsti&#8221;.<\/p>\n<p>Starptautiskie likumi saka, ka \u0161ie ciemi tur ir nelikum\u012bgi.<\/p>\n<p>Palest\u012bnie\u0161i grib, lai \u0161\u012b teritorija b\u016btu vi\u0146u valsts ar Austrumjeruzalemi k\u0101 galvaspils\u0113tu.<\/p>\n<p>\u00a0<\/p>\n<p>T\u016bksto\u0161iem cilv\u0113ku pulc\u0113j\u0101s piemi\u0146as pas\u0101kum\u0101 Sidnej\u0101\u00a0<\/p>\n<p>T\u016bksto\u0161iem cilv\u0113ku \u0161odien pulc\u0113j\u0101s piemi\u0146as pas\u0101kum\u0101 Sidnejas popul\u0101raj\u0101 Bondi pludmal\u0113.<\/p>\n<p>Pag\u0101ju\u0161aj\u0101 sv\u0113tdien\u0101 divi teroristi ap\u0161aud\u012bja ebreju Hanukas sv\u0113tku dal\u012bbniekus.<\/p>\n<p>Teroristi nogalin\u0101ja 15 cilv\u0113kus un ievainoja 40 cilv\u0113kus.<\/p>\n<p>Terorakta upuru piemi\u0146as pas\u0101kumu apmekl\u0113ja ar\u012b Austr\u0101lijas premjerministrs Entonijs Alban\u012bzs.<\/p>\n<p>Cilv\u0113ki vi\u0146u sagaid\u012bja ar svilpieniem.<\/p>\n<p>P\u0113c terorakta cilv\u0113ki kritiz\u0113ja vald\u012bbu, jo izr\u0101d\u012bj\u0101s, ka vienam no teroristiem policija jau iepriek\u0161 bija piev\u0113rsusi uzman\u012bbu.<\/p>\n<p>Piemi\u0146as pas\u0101kumu Bondi pludmal\u0113 uzraudz\u012bja daudz policistu.<\/p>\n<p>\u00a0<\/p>\n<p>Miris\u00a0baletdejot\u0101js un aktieris Haralds Ritenbergs\u00a0<\/p>\n<p>Ir nomiris Haralds Ritenbergs.\u00a0<\/p>\n<p>Vi\u0146am bija 93 gadi.<\/p>\n<p>Vi\u0146\u0161 bija slavens latvie\u0161u baletdejot\u0101js, kinoaktieris un pedagogs.<\/p>\n<p>Vi\u0146\u0161 dejoja vair\u0101k nek\u0101 40 galven\u0101s lomas, piem\u0113ram, izr\u0101d\u0113s &#8220;Gulbju ezers&#8221;, &#8220;\u017dizele&#8221;, &#8220;Par\u012bzes Dievm\u0101tes katedr\u0101le&#8221;.<\/p>\n<p>Ritenbergs sp\u0113l\u0113ja ar\u012b galven\u0101s lomas latvie\u0161u film\u0101s, piem\u0113ram, &#8220;\u0160\u0137\u0113ps un roze&#8221;, &#8220;Nauris&#8221;, &#8220;Vella kalpi&#8221; un &#8220;Vella kalpi vella dzirnav\u0101s&#8221;.<\/p>\n<p>Vi\u0146\u0161 ar\u012b m\u0101c\u012bja baleta dejot\u0101jus Horeogr\u0101fijas vidusskol\u0101.<\/p>\n<p>Atvadas no Ritenberga notiks 29. decembr\u012b Latvijas Nacion\u0101l\u0101s operas Belet\u0101\u017eas z\u0101l\u0113 no plkst. 12 l\u012bdz 13.<\/p>\n<p>\u00a0<\/p>\n<p>Laika zi\u0146as\u00a0<\/p>\n<p>Latvij\u0101 gaid\u0101ms liel\u0101koties m\u0101ko\u0146ains laiks.<\/p>\n<p>Nakt\u012b valsts austrumu rajonos, dien\u0101 viet\u0101m \u012bslaic\u012bgs lietus, austrumos ar\u012b slapj\u0161 sniegs.<\/p>\n<p>Zieme\u013crietumu, rietumu v\u0113j\u0161 2\u20137 metri sekund\u0113.<\/p>\n<p>Gaisa temperat\u016bra nakt\u012b 0&#8230;4 gr\u0101di, piekrastes rajonos 4&#8230;6 gr\u0101di.<\/p>\n<p>Dien\u0101 1\u20266 gr\u0101di.<\/p>\n<p>\u00a0<\/p>\n<p>R\u012bg\u0101 m\u0101ko\u0146ains, br\u012b\u017eiem skaidrosies.<\/p>\n<p>No dienas vidus palaikam lietus.<\/p>\n<p>Zieme\u013crietumu, rietumu v\u0113j\u0161 2\u20137 metri sekund\u0113.<\/p>\n<p>Gaisa temperat\u016bra nakt\u012b un dien\u0101 3\u20265 gr\u0101di.<\/p>\n","protected":false},"excerpt":{"rendered":"Zi\u0146as vieglaj\u0101 valod\u0101 21. decembr\u012b.\u00a0 Zi\u0146as vieglaj\u0101 valod\u0101 21. decembr\u012b Turpin\u0101s sarunas par kara Ukrain\u0101 izbeig\u0161anu Amerikas Savienotaj\u0101s&hellip;\n","protected":false},"author":2,"featured_media":6849,"comment_status":"","ping_status":"","sticky":false,"template":"","format":"standard","meta":{"footnotes":""},"categories":[14],"tags":[23,57,28,29,32,33,22,30,31,35,39,38,36,37,34,40,20,26,27,24,25,54,55,56,21,58],"class_list":{"0":"post-82576","1":"post","2":"type-post","3":"status-publish","4":"format-standard","5":"has-post-thumbnail","7":"category-zinas-no-arvalstim","8":"tag-aktualitates","9":"tag-arvalstim","10":"tag-breaking-news","11":"tag-breakingnews","12":"tag-featured-news","13":"tag-featurednews","14":"tag-headlines","15":"tag-latest-news","16":"tag-latestnews","17":"tag-latvia","18":"tag-latvian","19":"tag-latviesu","20":"tag-latviesu-valoda","21":"tag-latviesuvaloda","22":"tag-latvija","23":"tag-lv","24":"tag-news","25":"tag-popularakas-zinas","26":"tag-popularakaszinas","27":"tag-top-stories","28":"tag-topstories","29":"tag-world","30":"tag-world-news","31":"tag-worldnews","32":"tag-zinas","33":"tag-zinas-no-arvalstim"},"share_on_mastodon":{"url":"https:\/\/pubeurope.com\/@lv\/115761913804483878","error":""},"_links":{"self":[{"href":"https:\/\/www.europesays.com\/lv\/wp-json\/wp\/v2\/posts\/82576","targetHints":{"allow":["GET"]}}],"collection":[{"href":"https:\/\/www.europesays.com\/lv\/wp-json\/wp\/v2\/posts"}],"about":[{"href":"https:\/\/www.europesays.com\/lv\/wp-json\/wp\/v2\/types\/post"}],"author":[{"embeddable":true,"href":"https:\/\/www.europesays.com\/lv\/wp-json\/wp\/v2\/users\/2"}],"replies":[{"embeddable":true,"href":"https:\/\/www.europesays.com\/lv\/wp-json\/wp\/v2\/comments?post=82576"}],"version-history":[{"count":0,"href":"https:\/\/www.europesays.com\/lv\/wp-json\/wp\/v2\/posts\/82576\/revisions"}],"wp:featuredmedia":[{"embeddable":true,"href":"https:\/\/www.europesays.com\/lv\/wp-json\/wp\/v2\/media\/6849"}],"wp:attachment":[{"href":"https:\/\/www.europesays.com\/lv\/wp-json\/wp\/v2\/media?parent=82576"}],"wp:term":[{"taxonomy":"category","embeddable":true,"href":"https:\/\/www.europesays.com\/lv\/wp-json\/wp\/v2\/categories?post=82576"},{"taxonomy":"post_tag","embeddable":true,"href":"https:\/\/www.europesays.com\/lv\/wp-json\/wp\/v2\/tags?post=82576"}],"curies":[{"name":"wp","href":"https:\/\/api.w.org\/{rel}","templated":true}]}}