{"id":82582,"date":"2025-12-22T07:02:12","date_gmt":"2025-12-22T07:02:12","guid":{"rendered":"https:\/\/www.europesays.com\/lv\/82582\/"},"modified":"2025-12-22T07:02:12","modified_gmt":"2025-12-22T07:02:12","slug":"par-terorisma-apmacibu-notiesats-jaunietis-pienak-signali-par-digitalo-radikalizaciju","status":"publish","type":"post","link":"https:\/\/www.europesays.com\/lv\/82582\/","title":{"rendered":"Par terorisma apm\u0101c\u012bbu noties\u0101ts jaunietis; pien\u0101k sign\u0101li par digit\u0101lo radikaliz\u0101ciju"},"content":{"rendered":"<p class=\"lead\">\n                                Lai gan terorisma draudu l\u012bmenis Latvij\u0101 joproj\u0101m tiek v\u0113rt\u0113ts k\u0101 zems, p\u0113d\u0113jos divos gados b\u016btiski pieaudzis ar terorismu saist\u012bto krimin\u0101lprocesu skaits, un dro\u0161\u012bbas dienestu uzman\u012bbas lok\u0101 arvien bie\u017e\u0101k non\u0101k digit\u0101laj\u0101 vid\u0113 radikaliz\u0113ju\u0161ies jaunie\u0161i, zi\u0146o raid\u012bjums &#8220;De facto&#8221;.\n                            <\/p>\n<p>Raid\u012bjums v\u0113sta, ka R\u012bgas apgabaltiesa apel\u0101cijas instanc\u0113 11. decembr\u012b palielin\u0101ja sodu Maratam Aitullinam, noties\u0101jot vi\u0146u par apm\u0101c\u012b\u0161anos terorismam un spr\u0101gstvielu glab\u0101\u0161anu. Vi\u0146am piespriesta br\u012bv\u012bbas at\u0146em\u0161ana uz \u010detriem gadiem un viena gada prob\u0101cijas uzraudz\u012bba.<\/p>\n<p>Valsts dro\u0161\u012bbas dienests Aitullinu aiztur\u0113ja 2024. gada maij\u0101.<\/p>\n<blockquote>\n<p>Izmekl\u0113\u0161an\u0101 konstat\u0113ts, ka vi\u0146\u0161 internet\u0101 apguvis teroristisku uzbrukumu veik\u0161anas pam\u0101c\u012bbas un sav\u0101 dz\u012bvesviet\u0101 glab\u0101jis spr\u0101gstvielu,<\/p>\n<\/blockquote>\n<p>kas, p\u0113c ekspertu secin\u0101jumiem, ieg\u016bta no RPG tipa mun\u012bcijas. Telefon\u0101 un dator\u0101 atrasti simtiem ar isl\u0101mistu ekstr\u0113mismu saist\u012btu att\u0113lu, video un instrukciju, k\u0101 ar\u012b sarakstes ar radik\u0101l\u0101m grup\u0101m &#8220;Telegram&#8221;.<\/p>\n<p>Aps\u016bdz\u012bba nor\u0101d\u012bja, ka Aitullins iesaist\u012bjies t\u0101 d\u0113v\u0113taj\u0101 &#8220;inform\u0101cijas d\u017eih\u0101d\u0101&#8221;, mudinot citus pievienoties teroristisk\u0101m organiz\u0101cij\u0101m un sniedzot padomus par konspirat\u012bvu r\u012bc\u012bbu. Tiesas piesaist\u012btais eksperts secin\u0101ja, ka<\/p>\n<blockquote>\n<p>vi\u0146\u0161 atradies radikaliz\u0101cijas otraj\u0101 f\u0101z\u0113, kurai var\u0113tu sekot praktiska vardarb\u012bga r\u012bc\u012bba.<\/p>\n<\/blockquote>\n<p>Eksperti uzsver, ka jaunie\u0161u radikaliz\u0101cija ir pieaugo\u0161a glob\u0101la probl\u0113ma, ko veicina ilgsto\u0161a uztur\u0113\u0161an\u0101s tie\u0161saist\u0113 un teroristisko grup\u0113jumu m\u0113r\u0137tiec\u012bga verv\u0113\u0161ana soci\u0101laj\u0101s platform\u0101s. Kop\u0161 2019. gada Latvij\u0101 s\u0101kti devi\u0146i ar terorismu saist\u012bti krimin\u0101lprocesi, no kuriem pieci \u2014 p\u0113d\u0113jos divos gados.<\/p>\n<p>Lai mazin\u0101tu riskus, Valsts dro\u0161\u012bbas dienests veic prevent\u012bvas p\u0101rrunas ar riska person\u0101m, bet eksperti uzsver digit\u0101l\u0101s prat\u012bbas noz\u012bmi un nepiecie\u0161am\u012bbu platform\u0101m \u0101tr\u0101k rea\u0123\u0113t uz ekstr\u0113mistu saturu.<\/p>\n<p>Pla\u0161\u0101k skatieties 21. decembra &#8220;De facto&#8221; si\u017eet\u0101.<\/p>\n<p class=\"paragraph-muted\">Izv\u0113lies savu soct\u012bklu platformu, lai sekotu LASI.LV: <a href=\"https:\/\/www.facebook.com\/portals.lasi.lv\" target=\"_blank\" rel=\"noopener noreferrer nofollow\">Facebook<\/a>, <a href=\"https:\/\/twitter.com\/lasilvportals\" target=\"_blank\" rel=\"noopener noreferrer nofollow\">X<\/a>, <a href=\"https:\/\/bsky.app\/profile\/lasilv.bsky.social\" target=\"_blank\" rel=\"noopener noreferrer nofollow\">Bluesky<\/a>, <a href=\"https:\/\/www.draugiem.lv\/lasilv\/?pg=4\" target=\"_blank\" rel=\"noopener noreferrer nofollow\">Draugiem<\/a> vai ar\u012b <a href=\"https:\/\/www.instagram.com\/lasilv_zinas\/\" target=\"_blank\" rel=\"noopener noreferrer nofollow\">Instagram<\/a>. Pievienojies m\u016bsu las\u012bt\u0101ju pulkam, lai sa\u0146emtu \u012bpa\u0161i tev atlas\u012btu noder\u012bgu, praktisku un aktu\u0101lu saturu.\u00a0<\/p>\n<p><a href=\"https:\/\/lasi.lv\/abonesana\" rel=\"nofollow noopener\" target=\"_blank\">Abon\u0113<\/a>\u00a0LASI.LV gadam\u00a0vai k\u0101du no\u00a0&#8220;Latvijas Mediju&#8221; periodiskajiem izdevumiem 2026. gadam, un laim\u0113 1500 eiro vai Philips kafijas autom\u0101tu. Loterijas at\u013caujas nr. 8744.<\/p>\n<p><img decoding=\"async\" src=\"https:\/\/www.europesays.com\/lv\/wp-content\/uploads\/2025\/12\/1765963873_985_2025100311425268df8c8c1572e.jpg\" alt=\"\" loading=\"lazy\"\/><\/p>\n<p style=\"margin-left:auto;\">Pieraksties LASI.LV redaktora v\u0113stkopai <a href=\"https:\/\/lasi.lv\/vestkopa\/lasi-lv-galvena-redaktora-vestkopa\" rel=\"nofollow noopener\" target=\"_blank\">\u0161eit<\/a>.<\/p>\n<p>Pieraksties v\u0113stkopai un divas reizes ned\u0113\u013c\u0101 sa\u0146em padzi\u013cin\u0101tu LASI.LV galven\u0101 redaktora aktu\u0101lo zi\u0146u, kompetentu viedok\u013cu un interesant\u0101ko interviju apkopojumu.<\/p>\n<p>Ko tu sa\u0146emsi:<\/p>\n<ul>\n<li>Daudzveid\u012bgus koment\u0101rus un kompetentus Latvijas Mediju \u017eurn\u0101listu un autoru viedok\u013cus par aktu\u0101lo<\/li>\n<li>Ekspertu koment\u0101rus par da\u017e\u0101diem praktiskiem, noder\u012bgiem tematiem<\/li>\n<li>Aizraujo\u0161us materi\u0101lus par v\u0113sturi, psiholo\u0123iju, kult\u016bru<\/li>\n<li>Gata \u0160\u013c\u016bkas karikat\u016bru<\/li>\n<li>Tav\u0101 e-pasta kast\u012bt\u0113 katru ceturtdienu<\/li>\n<\/ul>\n<p style=\"margin-left:auto;\">\u00a0<\/p>\n<p><script async src=\"https:\/\/platform.twitter.com\/widgets.js\" charset=\"utf-8\"><\/script><script async src=\"\/\/www.instagram.com\/embed.js\"><\/script><\/p>\n","protected":false},"excerpt":{"rendered":"Lai gan terorisma draudu l\u012bmenis Latvij\u0101 joproj\u0101m tiek v\u0113rt\u0113ts k\u0101 zems, p\u0113d\u0113jos divos gados b\u016btiski pieaudzis ar terorismu&hellip;\n","protected":false},"author":2,"featured_media":82583,"comment_status":"","ping_status":"","sticky":false,"template":"","format":"standard","meta":{"footnotes":""},"categories":[12],"tags":[23,28,29,32,33,22,30,31,35,39,38,36,37,34,40,20,26,27,24,25,21],"class_list":{"0":"post-82582","1":"post","2":"type-post","3":"status-publish","4":"format-standard","5":"has-post-thumbnail","7":"category-latvija","8":"tag-aktualitates","9":"tag-breaking-news","10":"tag-breakingnews","11":"tag-featured-news","12":"tag-featurednews","13":"tag-headlines","14":"tag-latest-news","15":"tag-latestnews","16":"tag-latvia","17":"tag-latvian","18":"tag-latviesu","19":"tag-latviesu-valoda","20":"tag-latviesuvaloda","21":"tag-latvija","22":"tag-lv","23":"tag-news","24":"tag-popularakas-zinas","25":"tag-popularakaszinas","26":"tag-top-stories","27":"tag-topstories","28":"tag-zinas"},"share_on_mastodon":{"url":"https:\/\/pubeurope.com\/@lv\/115761941438621478","error":""},"_links":{"self":[{"href":"https:\/\/www.europesays.com\/lv\/wp-json\/wp\/v2\/posts\/82582","targetHints":{"allow":["GET"]}}],"collection":[{"href":"https:\/\/www.europesays.com\/lv\/wp-json\/wp\/v2\/posts"}],"about":[{"href":"https:\/\/www.europesays.com\/lv\/wp-json\/wp\/v2\/types\/post"}],"author":[{"embeddable":true,"href":"https:\/\/www.europesays.com\/lv\/wp-json\/wp\/v2\/users\/2"}],"replies":[{"embeddable":true,"href":"https:\/\/www.europesays.com\/lv\/wp-json\/wp\/v2\/comments?post=82582"}],"version-history":[{"count":0,"href":"https:\/\/www.europesays.com\/lv\/wp-json\/wp\/v2\/posts\/82582\/revisions"}],"wp:featuredmedia":[{"embeddable":true,"href":"https:\/\/www.europesays.com\/lv\/wp-json\/wp\/v2\/media\/82583"}],"wp:attachment":[{"href":"https:\/\/www.europesays.com\/lv\/wp-json\/wp\/v2\/media?parent=82582"}],"wp:term":[{"taxonomy":"category","embeddable":true,"href":"https:\/\/www.europesays.com\/lv\/wp-json\/wp\/v2\/categories?post=82582"},{"taxonomy":"post_tag","embeddable":true,"href":"https:\/\/www.europesays.com\/lv\/wp-json\/wp\/v2\/tags?post=82582"}],"curies":[{"name":"wp","href":"https:\/\/api.w.org\/{rel}","templated":true}]}}