{"id":82588,"date":"2025-12-22T07:08:09","date_gmt":"2025-12-22T07:08:09","guid":{"rendered":"https:\/\/www.europesays.com\/lv\/82588\/"},"modified":"2025-12-22T07:08:09","modified_gmt":"2025-12-22T07:08:09","slug":"valdiba-sanaks-uz-si-gada-pedejo-sedi","status":"publish","type":"post","link":"https:\/\/www.europesays.com\/lv\/82588\/","title":{"rendered":"Vald\u012bba san\u0101ks uz \u0161\u012b gada p\u0113d\u0113jo s\u0113di"},"content":{"rendered":"<p>Ministru kabinets \u0161odien san\u0101ks uz \u0161\u012b gada p\u0113d\u0113jo k\u0101rt\u0113jo s\u0113di, noskaidroja a\u0123ent\u016bra LETA.<\/p>\n<p>S\u0113de s\u0101ksies plkst. 12, un t\u0101 b\u016bs 53. vald\u012bbas s\u0113de \u0161ogad. S\u0113des darba k\u0101rt\u012bb\u0101 patlaban ir iek\u013cauti teju 100 jaut\u0101jumi.<\/p>\n<p>No vis\u0101m \u0161\u0101 gada vald\u012bbas s\u0113d\u0113m \u010detras biju\u0161as \u0101rk\u0101rtas, taj\u0101 skait\u0101 divas &#8211; aptaujas k\u0101rt\u012bb\u0101.<\/p>\n<p>Latvijas vald\u012bba sast\u0101v no Ministru prezidentes Evikas Sili\u0146as (JV) un 14 ministriem no partij\u0101m &#8220;Progres\u012bvie&#8221;, &#8220;Jaun\u0101 vienot\u012bba&#8221; un Za\u013co un zemnieku savien\u012bbas.<\/p>\n<p>Saeimas opoz\u012bcijas partijas Sili\u0146as demisiju \u0161ogad bija piepras\u012bju\u0161as \u010detras reizes, tom\u0113r visus parlamenta uztic\u012bbas balsojumus premjere iztur\u0113ja.<\/p>\n<p>\n                            Valodas k\u013c\u016bda rakst\u0101?<br \/>Iez\u012bm\u0113jiet tekstu un spiediet Zi\u0146ot par k\u013c\u016bdu pogas   , lai nos\u016bt\u012btu labojamo teksta fragmentu redaktoram!<\/p>\n<p>                                Zi\u0146ot par k\u013c\u016bdu<\/p>\n","protected":false},"excerpt":{"rendered":"Ministru kabinets \u0161odien san\u0101ks uz \u0161\u012b gada p\u0113d\u0113jo k\u0101rt\u0113jo s\u0113di, noskaidroja a\u0123ent\u016bra LETA. S\u0113de s\u0101ksies plkst. 12, un&hellip;\n","protected":false},"author":2,"featured_media":82589,"comment_status":"","ping_status":"","sticky":false,"template":"","format":"standard","meta":{"footnotes":""},"categories":[12],"tags":[23,28,29,32,33,22,30,31,35,39,38,36,37,34,40,20,26,27,24,25,21],"class_list":{"0":"post-82588","1":"post","2":"type-post","3":"status-publish","4":"format-standard","5":"has-post-thumbnail","7":"category-latvija","8":"tag-aktualitates","9":"tag-breaking-news","10":"tag-breakingnews","11":"tag-featured-news","12":"tag-featurednews","13":"tag-headlines","14":"tag-latest-news","15":"tag-latestnews","16":"tag-latvia","17":"tag-latvian","18":"tag-latviesu","19":"tag-latviesu-valoda","20":"tag-latviesuvaloda","21":"tag-latvija","22":"tag-lv","23":"tag-news","24":"tag-popularakas-zinas","25":"tag-popularakaszinas","26":"tag-top-stories","27":"tag-topstories","28":"tag-zinas"},"share_on_mastodon":{"url":"https:\/\/pubeurope.com\/@lv\/115761964939327891","error":""},"_links":{"self":[{"href":"https:\/\/www.europesays.com\/lv\/wp-json\/wp\/v2\/posts\/82588","targetHints":{"allow":["GET"]}}],"collection":[{"href":"https:\/\/www.europesays.com\/lv\/wp-json\/wp\/v2\/posts"}],"about":[{"href":"https:\/\/www.europesays.com\/lv\/wp-json\/wp\/v2\/types\/post"}],"author":[{"embeddable":true,"href":"https:\/\/www.europesays.com\/lv\/wp-json\/wp\/v2\/users\/2"}],"replies":[{"embeddable":true,"href":"https:\/\/www.europesays.com\/lv\/wp-json\/wp\/v2\/comments?post=82588"}],"version-history":[{"count":0,"href":"https:\/\/www.europesays.com\/lv\/wp-json\/wp\/v2\/posts\/82588\/revisions"}],"wp:featuredmedia":[{"embeddable":true,"href":"https:\/\/www.europesays.com\/lv\/wp-json\/wp\/v2\/media\/82589"}],"wp:attachment":[{"href":"https:\/\/www.europesays.com\/lv\/wp-json\/wp\/v2\/media?parent=82588"}],"wp:term":[{"taxonomy":"category","embeddable":true,"href":"https:\/\/www.europesays.com\/lv\/wp-json\/wp\/v2\/categories?post=82588"},{"taxonomy":"post_tag","embeddable":true,"href":"https:\/\/www.europesays.com\/lv\/wp-json\/wp\/v2\/tags?post=82588"}],"curies":[{"name":"wp","href":"https:\/\/api.w.org\/{rel}","templated":true}]}}