{"id":82590,"date":"2025-12-22T07:09:37","date_gmt":"2025-12-22T07:09:37","guid":{"rendered":"https:\/\/www.europesays.com\/lv\/82590\/"},"modified":"2025-12-22T07:09:37","modified_gmt":"2025-12-22T07:09:37","slug":"krievijas-u-15-futbolisti-varetu-atgriezties-starptautiskajas-sacensibas-jauna-fifa-turnira-lente-lv","status":"publish","type":"post","link":"https:\/\/www.europesays.com\/lv\/82590\/","title":{"rendered":"Krievijas U-15 futbolisti var\u0113tu atgriezties starptautiskaj\u0101s sacens\u012bb\u0101s jaun\u0101 FIFA turn\u012br\u0101\u00a0\u2014\u00a0Lente.lv"},"content":{"rendered":"<p>Jauns FIFA form\u0101ts paver durvis Krievijas jaunajiem futbolistiem<\/p>\n<p>Starptautisk\u0101 Futbola feder\u0101ciju asoci\u0101cija (FIFA) izzi\u0146ojusi jauna veida sacens\u012bbas U-15 vecuma grup\u0101, kas n\u0101kamgad var\u0113tu iez\u012bm\u0113t Krievijas jaunie\u0161u atgrie\u0161anos starptautiskaj\u0101 futbol\u0101. K\u0101 inform\u0113 port\u0101ls jauns.lv, \u0161is jaunais turn\u012brs paredz\u0113ts k\u0101 atkl\u0101ts visu 211 FIFA asoci\u0101ciju komand\u0101m, kas rada iesp\u0113ju Krievijas U-15 izlasei ats\u0101kt dal\u012bbu pasaules m\u0113roga sacens\u012bb\u0101s p\u0113c vair\u0101ku gadu p\u0101rtraukuma. \u0160is solis notiek kontekst\u0101, kad Krievijas izlas\u0113m un klubiem kop\u0161 2022. gad\u0101 uzs\u0101kt\u0101 pilna m\u0113roga kara Ukrain\u0101 ir piem\u0113roti aizliegumi start\u0113t FIFA un Eiropas Futbola asoci\u0101ciju savien\u012bbas (UEFA) organiz\u0113tajos pas\u0101kumos.<\/p>\n<p>Jaun\u0101 iniciat\u012bva, kas tiks \u012bstenota 2026. gad\u0101 pui\u0161u komand\u0101m un gadu v\u0113l\u0101k meite\u0146u komand\u0101m, kalpo k\u0101 iesp\u0113jams iz\u0146\u0113mums no pa\u0161reiz\u0113j\u0101s strikt\u0101s politikas, kas attiecas uz Krievijas nacion\u0101laj\u0101m un klub\u0113jo komand\u0101m. Lai gan politiskais spiediens un sankcijas turpina ietekm\u0113t lielos sporta veidus, \u0161\u0137iet, ka FIFA izv\u0113las at\u0161\u0137ir\u012bgu pieeju jaun\u0101kaj\u0101s vecuma grup\u0101s. \u0160\u012b iesp\u0113ja sakr\u012bt ar Starptautisk\u0101s Olimpisk\u0101s komitejas (SOK) nesenaj\u0101m rekomend\u0101cij\u0101m, kur\u0101s tika ierosin\u0101ts \u013caut agresorvalstu jaunajiem sportistiem piedal\u012bties starptautisk\u0101s sacens\u012bb\u0101s, lai gan ar nosac\u012bjumiem, piem\u0113ram, bez valsts simbolikas demonstr\u0113\u0161anas.<\/p>\n<p>Konteksts: Gadu ilgais starptautiskais izstumt\u012bba<\/p>\n<p>Kop\u0161 2022. gada Krievijas futbola feder\u0101cija ir saglab\u0101jusi savu statusu k\u0101 FIFA un UEFA biedrs, ta\u010du t\u0101s p\u0101rst\u0101vjiem ir liegta dal\u012bba starptautiskajos turn\u012bros. \u0160is st\u0101voklis rad\u012bja politisku un sportisku spriedzi, \u012bpa\u0161i attiec\u012bb\u0101 uz jaun\u0101kaj\u0101m paaudz\u0113m, kur\u0101m tas liedz b\u016btiskas att\u012bst\u012bbas iesp\u0113jas. Lai gan agr\u0101k UEFA apsv\u0113ra iesp\u0113ju \u013caut Krievijai atgriezties sacens\u012bb\u0101s U-17 vecuma grup\u0101 2023. gad\u0101, \u0161ie pl\u0101ni tika noraid\u012bti, pastiprinot izol\u0101ciju.<\/p>\n<p>Tagad, kad FIFA pl\u0101no jaunu U-15 form\u0101tu, kas m\u0113r\u0137tiec\u012bgi iek\u013cauj visu savien\u012bbu dal\u012bbniekus, situ\u0101cija main\u0101s. U-15 l\u012bmenis bie\u017ei tiek uzskat\u012bts par att\u012bst\u012bbas posmu, nevis tie\u0161u valsts presti\u017ea jaut\u0101jumu, kas dod organiz\u0101cij\u0101m liel\u0101ku manevra telpu politiski delik\u0101tos l\u0113mumos. \u0160\u0101da veida turn\u012bri ir svar\u012bgi sp\u0113l\u0113t\u0101ju mekl\u0113\u0161an\u0101 un sagatavo\u0161an\u0101 n\u0101kotnes pasaules \u010dempion\u0101tiem, piem\u0113ram, iepriek\u0161 notiku\u0161ais 2025. gada FIFA Jaunie\u0161u S\u0113rija \u0160veic\u0113, kur\u0101 piedal\u012bj\u0101s se\u0161as izlases.<\/p>\n<p>Reakcijas un politiskais fons<\/p>\n<p>Zi\u0146as par Krievijas iesp\u0113jamo atgrie\u0161anos sacens\u012bb\u0101s, pat jaun\u0101k\u0101s grup\u0101s, noteikti izrais\u012bs rezonansi gan Latvij\u0101, gan cit\u0101s valst\u012bs, kas stingri atbalsta Ukrainu un sankcijas pret Krieviju. Latvijas sporta sabiedr\u012bb\u0101 un politiskaj\u0101s aprind\u0101s \u0161\u0101ds solis, visticam\u0101k, tiks uztverts ar ba\u017e\u0101m un kritiku, \u0146emot v\u0113r\u0101 Latvijas nost\u0101ju agresorvalstu sporta atl\u0113tiem jebk\u0101da veida sacens\u012bb\u0101s.<\/p>\n<p>\u0160\u0101da FIFA l\u0113muma pamatojums, visticam\u0101k, balst\u012bsies uz principu par jaunatnes sporta noz\u012bmi, k\u0101 to ieteikusi SOK, mazinot politisko ietekmi uz b\u0113rnu un pusaud\u017eu att\u012bst\u012bbu. Tom\u0113r daudzi uzskata, ka jebk\u0101da veida starptautisk\u0101 legitimiz\u0101cija, pat ar netie\u0161u atbalstu, dod Krievijai iesp\u0113ju atjaunot savu sporta sist\u0113mu un potenci\u0101li integr\u0113t \u0161os jaunie\u0161us n\u0101kotn\u0113 pieaugu\u0161o izlas\u0113s. V\u0113l ir j\u0101gaida ofici\u0101las atbildes no nacion\u0101laj\u0101m feder\u0101cij\u0101m, tostarp no Latvijas Futbola feder\u0101cijas (LFF), par \u0161o iesp\u0113jamo scen\u0101riju.<\/p>\n<p>N\u0101kotnes perspekt\u012bvas un U-15 turn\u012bra noz\u012bme<\/p>\n<p>Ja FIFA patie\u0161\u0101m nodro\u0161in\u0101s U-15 turn\u012bru, kas b\u016bs atkl\u0101ts vis\u0101m 211 asoci\u0101cij\u0101m, tas rad\u012bs unik\u0101lu platformu jaunie\u0161u futbolam. T\u0101ds form\u0101ts sniegs iesp\u0113ju komand\u0101m, kas cit\u0101di nevar\u0113tu piedal\u012bties kvalifik\u0101cijas ciklos vai re\u0123ion\u0101los turn\u012bros, ieg\u016bt v\u0113rt\u012bgu starptautisku sp\u0113les pieredzi. U-15 vecums ir kritisks, lai jaunie talanti iepaz\u012btu da\u017e\u0101du sp\u0113les stilus un spiedienu, ko rada sacens\u012bbas \u0101rpus ierast\u0101s vides.<\/p>\n<p>Pa\u0161laik nav publiski zin\u0101ms prec\u012bzs turn\u012bra form\u0101ts vai vieta, ta\u010du fakts, ka FIFA to pl\u0101no n\u0101kamaj\u0101 gad\u0101, nor\u0101da uz steidz\u012bgu v\u0113lmi atjaunot pilnv\u0113rt\u012bgu glob\u0101lo futbolu, vismaz zem\u0101kaj\u0101 vecuma grup\u0101. Kam\u0113r pieaugu\u0161o l\u012bmenis un U-17\/U-19 izlases joproj\u0101m ir sankciju var\u0101, \u0161is U-15 solis var\u0113tu b\u016bt pirmais aplis liel\u0101kai diskusijai par Krievijas sporta piln\u012bgu vai da\u013c\u0113ju atjauno\u0161anu starptautiskaj\u0101 ar\u0113n\u0101 n\u0101kamajos gados.<\/p>\n","protected":false},"excerpt":{"rendered":"Jauns FIFA form\u0101ts paver durvis Krievijas jaunajiem futbolistiem Starptautisk\u0101 Futbola feder\u0101ciju asoci\u0101cija (FIFA) izzi\u0146ojusi jauna veida sacens\u012bbas U-15&hellip;\n","protected":false},"author":2,"featured_media":82591,"comment_status":"","ping_status":"","sticky":false,"template":"","format":"standard","meta":{"footnotes":""},"categories":[5],"tags":[23,28,29,32,33,20891,22,20893,20890,30,31,35,39,38,36,37,34,40,20,26,27,20894,20892,24,25,21],"class_list":{"0":"post-82590","1":"post","2":"type-post","3":"status-publish","4":"format-standard","5":"has-post-thumbnail","7":"category-aktualitates","8":"tag-aktualitates","9":"tag-breaking-news","10":"tag-breakingnews","11":"tag-featured-news","12":"tag-featurednews","13":"tag-fifa-u-15-turnirs","14":"tag-headlines","15":"tag-jaunatnes-futbols","16":"tag-krievijas-futbols","17":"tag-latest-news","18":"tag-latestnews","19":"tag-latvia","20":"tag-latvian","21":"tag-latviesu","22":"tag-latviesu-valoda","23":"tag-latviesuvaloda","24":"tag-latvija","25":"tag-lv","26":"tag-news","27":"tag-popularakas-zinas","28":"tag-popularakaszinas","29":"tag-sok-rekomendacijas","30":"tag-starptautiskas-sacensibas","31":"tag-top-stories","32":"tag-topstories","33":"tag-zinas"},"share_on_mastodon":{"url":"https:\/\/pubeurope.com\/@lv\/115761968845215220","error":""},"_links":{"self":[{"href":"https:\/\/www.europesays.com\/lv\/wp-json\/wp\/v2\/posts\/82590","targetHints":{"allow":["GET"]}}],"collection":[{"href":"https:\/\/www.europesays.com\/lv\/wp-json\/wp\/v2\/posts"}],"about":[{"href":"https:\/\/www.europesays.com\/lv\/wp-json\/wp\/v2\/types\/post"}],"author":[{"embeddable":true,"href":"https:\/\/www.europesays.com\/lv\/wp-json\/wp\/v2\/users\/2"}],"replies":[{"embeddable":true,"href":"https:\/\/www.europesays.com\/lv\/wp-json\/wp\/v2\/comments?post=82590"}],"version-history":[{"count":0,"href":"https:\/\/www.europesays.com\/lv\/wp-json\/wp\/v2\/posts\/82590\/revisions"}],"wp:featuredmedia":[{"embeddable":true,"href":"https:\/\/www.europesays.com\/lv\/wp-json\/wp\/v2\/media\/82591"}],"wp:attachment":[{"href":"https:\/\/www.europesays.com\/lv\/wp-json\/wp\/v2\/media?parent=82590"}],"wp:term":[{"taxonomy":"category","embeddable":true,"href":"https:\/\/www.europesays.com\/lv\/wp-json\/wp\/v2\/categories?post=82590"},{"taxonomy":"post_tag","embeddable":true,"href":"https:\/\/www.europesays.com\/lv\/wp-json\/wp\/v2\/tags?post=82590"}],"curies":[{"name":"wp","href":"https:\/\/api.w.org\/{rel}","templated":true}]}}