{"id":82598,"date":"2025-12-22T07:14:06","date_gmt":"2025-12-22T07:14:06","guid":{"rendered":"https:\/\/www.europesays.com\/lv\/82598\/"},"modified":"2025-12-22T07:14:06","modified_gmt":"2025-12-22T07:14:06","slug":"rigas-mazakais-kabare-aicina-uz-krasnam-gadumijas-svinibam-stricka-villa","status":"publish","type":"post","link":"https:\/\/www.europesays.com\/lv\/82598\/","title":{"rendered":"R\u012bgas Maz\u0101kais kabar\u0113 aicina uz kr\u0101\u0161\u0146\u0101m gadumijas svin\u012bb\u0101m Stricka vill\u0101"},"content":{"rendered":"<p>31. decembra vakar\u0101 K. K. fon Stricka vill\u0101 norisin\u0101sies R\u012bgas Maz\u0101kais jaungads \u2013 notikums, kur\u0101 vienuviet satiksies kabar\u0113 un mode, te\u0101tris un deja, fabulas un m\u012bti, stundas un gadi. Villas telp\u0101s gadu mijai velt\u012bt\u0101 programma veidota k\u0101 daudzsl\u0101\u0146aina pieredze, kur\u0101 svin\u012bbu ritu\u0101ls k\u013c\u016bst par m\u0101ksliniecisku notikumu.<\/p>\n<p>Par godu \u0161\u012b gada svin\u012bbu t\u0113mai tapusi ar\u012b \u012bpa\u0161a \u012bsfilma \u201cKosmisk\u0101 ola\u201d \u2013 m\u012btisks un ironisks st\u0101sts par pasaules un Jaungada ra\u0161anos, pied\u0101v\u0101jot skat\u012bt\u0101jam \u201cpatieso versiju\u201d.<\/p>\n<p>Svin\u012bbu programmas kodolu veido R\u012bgas Maz\u0101k\u0101 kabar\u0113 trupas m\u0101kslinieki Sarma Liede, Vilhelm\u012bne \u017dagata, Roberta Gail\u012bte, Ramona Levane, Vladimirs Gor\u0161antovs, Edvards Kurmi\u0146\u0161, Aleksandrs Bricis un Harijs Lo\u010dmelis. Vakara gait\u0101 tiks izpild\u012bti gan skat\u012bt\u0101ju iem\u012b\u013cot\u0101kie kabar\u0113 repertu\u0101ra priek\u0161nesumi, gan \u012bpa\u0161i Jaungada naktij rad\u012btas performances. Konferansj\u0113 un namat\u0113va lom\u0101 tradicion\u0101li iejut\u012bsies M\u0101rti\u0146\u0161 Mielavs.<\/p>\n<p>Vakara un nakts gait\u0101 viesi var\u0113s baud\u012bt ar\u012b tr\u012bs izcilu latvie\u0161u dzied\u0101t\u0101ju kl\u0101tb\u016btni \u2013 kabar\u0113 zvaigznes Aijas V\u012btoli\u0146as nians\u0113to un izjusto balsi, Brigitas Reisones apburo\u0161o sopr\u0101nu un d\u017eeza d\u012bvas Marijas Valmieras samtaino tembru. Dzied\u0101t\u0101jas pavad\u012bs m\u016bzi\u0137u ansamblis maestro Mat\u012bsa \u017dilinska vad\u012bb\u0101.<\/p>\n<p class=\"ad-desc ad-desc-main\">Saturs turpin\u0101s p\u0113c rekl\u0101mas<\/p>\n<p class=\"ad-desc ad-desc-sec\">Rekl\u0101ma<\/p>\n<p>Ar \u0137ermeni un apzi\u0146u izaicino\u0161\u0101kiem priek\u0161nesumiem uzst\u0101sies \u201cSwan Lake ReBorn\u201d, \u201cMetallhoof &amp; Arslan un Puppy Woff\u201d, savuk\u0101rt par melom\u0101nu diskot\u0113ku g\u0101d\u0101s Meile.<\/p>\n<p>Sv\u0113tku t\u0113ma, telpu noform\u0113jums un vizu\u0101l\u0101 vide ar\u012b \u0161ogad tapusi sadarb\u012bb\u0101 ar dizaineri Fjodoru Podgorniju. Priek\u0161nesumos, telpiskajos risin\u0101jumos un simbolos tiks apcer\u0113ta pasaules ra\u0161an\u0101s, s\u0101kums un p\u0101rdzim\u0161ana, iez\u012bm\u0113jot Jauno gadu k\u0101 transform\u0101cijas punktu.<\/p>\n<p>Bi\u013cetes uz R\u012bgas Maz\u0101k\u0101 kabar\u0113 Jaungada svin\u012bb\u0101m pieejamas \u013coti ierobe\u017eot\u0101 skait\u0101. Bi\u013cetes cen\u0101 iek\u013cautas uzkodas visas nakts garum\u0101 un sagaid\u012b\u0161anas dz\u0113riens. Bi\u013cetes nop\u0113rkamas <a href=\"https:\/\/www.aula.lv\/\" target=\"_blank\" rel=\"noopener nofollow\">Aula.lv<\/a>.<\/p>\n<p class=\"tv3-fw-500\">Zi\u0146o par k\u013c\u016bdu rakst\u0101<\/p>\n<p class=\"d-md-block d-none\">Iez\u012bm\u0113 k\u013c\u016bdaino tekstu un spied Ctrl+Enter.<\/p>\n<p class=\"d-md-none d-block\">Iez\u012bm\u0113 k\u013c\u016bdaino tekstu un zi\u0146o par to!<\/p>\n","protected":false},"excerpt":{"rendered":"31. decembra vakar\u0101 K. K. fon Stricka vill\u0101 norisin\u0101sies R\u012bgas Maz\u0101kais jaungads \u2013 notikums, kur\u0101 vienuviet satiksies kabar\u0113&hellip;\n","protected":false},"author":2,"featured_media":82599,"comment_status":"","ping_status":"","sticky":false,"template":"","format":"standard","meta":{"footnotes":""},"categories":[12],"tags":[23,28,29,32,33,22,20895,30,31,35,39,38,36,37,34,40,20,26,27,24,25,21],"class_list":{"0":"post-82598","1":"post","2":"type-post","3":"status-publish","4":"format-standard","5":"has-post-thumbnail","7":"category-latvija","8":"tag-aktualitates","9":"tag-breaking-news","10":"tag-breakingnews","11":"tag-featured-news","12":"tag-featurednews","13":"tag-headlines","14":"tag-k-k-fon-stricka-villamartins-mielavs","15":"tag-latest-news","16":"tag-latestnews","17":"tag-latvia","18":"tag-latvian","19":"tag-latviesu","20":"tag-latviesu-valoda","21":"tag-latviesuvaloda","22":"tag-latvija","23":"tag-lv","24":"tag-news","25":"tag-popularakas-zinas","26":"tag-popularakaszinas","27":"tag-top-stories","28":"tag-topstories","29":"tag-zinas"},"share_on_mastodon":{"url":"https:\/\/pubeurope.com\/@lv\/115761988525646020","error":""},"_links":{"self":[{"href":"https:\/\/www.europesays.com\/lv\/wp-json\/wp\/v2\/posts\/82598","targetHints":{"allow":["GET"]}}],"collection":[{"href":"https:\/\/www.europesays.com\/lv\/wp-json\/wp\/v2\/posts"}],"about":[{"href":"https:\/\/www.europesays.com\/lv\/wp-json\/wp\/v2\/types\/post"}],"author":[{"embeddable":true,"href":"https:\/\/www.europesays.com\/lv\/wp-json\/wp\/v2\/users\/2"}],"replies":[{"embeddable":true,"href":"https:\/\/www.europesays.com\/lv\/wp-json\/wp\/v2\/comments?post=82598"}],"version-history":[{"count":0,"href":"https:\/\/www.europesays.com\/lv\/wp-json\/wp\/v2\/posts\/82598\/revisions"}],"wp:featuredmedia":[{"embeddable":true,"href":"https:\/\/www.europesays.com\/lv\/wp-json\/wp\/v2\/media\/82599"}],"wp:attachment":[{"href":"https:\/\/www.europesays.com\/lv\/wp-json\/wp\/v2\/media?parent=82598"}],"wp:term":[{"taxonomy":"category","embeddable":true,"href":"https:\/\/www.europesays.com\/lv\/wp-json\/wp\/v2\/categories?post=82598"},{"taxonomy":"post_tag","embeddable":true,"href":"https:\/\/www.europesays.com\/lv\/wp-json\/wp\/v2\/tags?post=82598"}],"curies":[{"name":"wp","href":"https:\/\/api.w.org\/{rel}","templated":true}]}}