{"id":82615,"date":"2025-12-22T07:33:09","date_gmt":"2025-12-22T07:33:09","guid":{"rendered":"https:\/\/www.europesays.com\/lv\/82615\/"},"modified":"2025-12-22T07:33:09","modified_gmt":"2025-12-22T07:33:09","slug":"analitiki-verte-krievijas-spejas-uzbrukt-baltijas-valstim","status":"publish","type":"post","link":"https:\/\/www.europesays.com\/lv\/82615\/","title":{"rendered":"anal\u012bti\u0137i v\u0113rt\u0113 Krievijas sp\u0113jas uzbrukt Baltijas valst\u012bm"},"content":{"rendered":"<p>&#8220;Saska\u0146\u0101 ar pamatpl\u0101nu Krievijai j\u0101b\u016bt gatavai s\u0101kt darb\u012bbas 2030. gad\u0101. Tagad pl\u0101ni ir kori\u0123\u0113ti, p\u0101rskat\u012bti laika grafika samazin\u0101\u0161anas virzien\u0101 l\u012bdz 2027. gadam,&#8221; intervij\u0101 izdevumam &#8220;Lb.ua&#8221; sac\u012bja Budanovs.<\/p>\n<p>Budanovs piebilda, ka galvenais Krievijas agresijas virziens b\u016bs <a href=\"https:\/\/www.apollo.lv\/term\/648261\/baltijas-valstis\" class=\"topicLink\" target=\"_blank\" rel=\"nofollow noopener\">Baltijas valstis<\/a>. Vi\u0146\u0161 paskaidroja, ka iemesli sl\u0113pjas krievu pasaules redz\u0113jum\u0101, jo, lai imp\u0113rija att\u012bst\u012btos, tai nep\u0101rtraukti nepiecie\u0161ams papla\u0161in\u0101t savu ietekmi un teritoriju, un tas, p\u0113c Krievijas uzskata, ir vien\u012bgais &#8220;dro\u0161ais&#8221; virziens.<\/p>\n<p>&#8220;Zieme\u013cos &#8211; tikai Zieme\u013cu Ledus oke\u0101ns un t\u0101l\u0101k apk\u0101rt &#8211; Amerika. Nav variants, jo tas b\u016bs s\u0101p\u012bgi. Austrumos &#8211; Klusais oke\u0101ns un atkal Amerika. T\u0101 pati atbilde. Dienvidos &#8211; \u0136\u012bna, tas visp\u0101r b\u016bs katastrof\u0101li &#8211; sauszemes robe\u017ea, b\u016bs t\u0101di pa\u0161i apst\u0101k\u013ci k\u0101 mums kar\u0101 ar Krieviju, tikai vi\u0146iem. Vien\u012bgais, kas paliek, ir Rietumi, kas vi\u0146u izpratn\u0113, piedodiet par frazeolo\u0123ismu, ir &#8220;novecoju\u0161i&#8221;, &#8220;slimi&#8221;, &#8220;v\u0101ji&#8221; un &#8220;neizl\u0113m\u012bgi&#8221;,&#8221; teica Budanovs.<\/p>\n<p>P\u0113c vi\u0146a inform\u0101cijas, Krievija pl\u0101no okup\u0113t Baltijas valstis, savuk\u0101rt Polija tiek apsv\u0113rta tikai triecieniem, milit\u0101rai kampa\u0146ai bez sagr\u0101b\u0161anas.<\/p>\n","protected":false},"excerpt":{"rendered":"&#8220;Saska\u0146\u0101 ar pamatpl\u0101nu Krievijai j\u0101b\u016bt gatavai s\u0101kt darb\u012bbas 2030. gad\u0101. Tagad pl\u0101ni ir kori\u0123\u0113ti, p\u0101rskat\u012bti laika grafika samazin\u0101\u0161anas&hellip;\n","protected":false},"author":2,"featured_media":82616,"comment_status":"","ping_status":"","sticky":false,"template":"","format":"standard","meta":{"footnotes":""},"categories":[5],"tags":[1546,23,722,28,29,427,514,32,33,22,73,20901,234,74,30,31,35,39,38,36,37,34,40,71,20,26,27,24,25,21],"class_list":{"0":"post-82615","1":"post","2":"type-post","3":"status-publish","4":"format-standard","5":"has-post-thumbnail","7":"category-aktualitates","8":"tag-aizsardziba","9":"tag-aktualitates","10":"tag-baltijas-valstis","11":"tag-breaking-news","12":"tag-breakingnews","13":"tag-eiropa","14":"tag-eiropas-savieniba","15":"tag-featured-news","16":"tag-featurednews","17":"tag-headlines","18":"tag-igaunija","19":"tag-kaliningrada","20":"tag-krievija","21":"tag-krievijas-iebrukums-ukraina","22":"tag-latest-news","23":"tag-latestnews","24":"tag-latvia","25":"tag-latvian","26":"tag-latviesu","27":"tag-latviesu-valoda","28":"tag-latviesuvaloda","29":"tag-latvija","30":"tag-lv","31":"tag-nato","32":"tag-news","33":"tag-popularakas-zinas","34":"tag-popularakaszinas","35":"tag-top-stories","36":"tag-topstories","37":"tag-zinas"},"share_on_mastodon":{"url":"https:\/\/pubeurope.com\/@lv\/115762063195064207","error":""},"_links":{"self":[{"href":"https:\/\/www.europesays.com\/lv\/wp-json\/wp\/v2\/posts\/82615","targetHints":{"allow":["GET"]}}],"collection":[{"href":"https:\/\/www.europesays.com\/lv\/wp-json\/wp\/v2\/posts"}],"about":[{"href":"https:\/\/www.europesays.com\/lv\/wp-json\/wp\/v2\/types\/post"}],"author":[{"embeddable":true,"href":"https:\/\/www.europesays.com\/lv\/wp-json\/wp\/v2\/users\/2"}],"replies":[{"embeddable":true,"href":"https:\/\/www.europesays.com\/lv\/wp-json\/wp\/v2\/comments?post=82615"}],"version-history":[{"count":0,"href":"https:\/\/www.europesays.com\/lv\/wp-json\/wp\/v2\/posts\/82615\/revisions"}],"wp:featuredmedia":[{"embeddable":true,"href":"https:\/\/www.europesays.com\/lv\/wp-json\/wp\/v2\/media\/82616"}],"wp:attachment":[{"href":"https:\/\/www.europesays.com\/lv\/wp-json\/wp\/v2\/media?parent=82615"}],"wp:term":[{"taxonomy":"category","embeddable":true,"href":"https:\/\/www.europesays.com\/lv\/wp-json\/wp\/v2\/categories?post=82615"},{"taxonomy":"post_tag","embeddable":true,"href":"https:\/\/www.europesays.com\/lv\/wp-json\/wp\/v2\/tags?post=82615"}],"curies":[{"name":"wp","href":"https:\/\/api.w.org\/{rel}","templated":true}]}}