{"id":82621,"date":"2025-12-22T07:37:10","date_gmt":"2025-12-22T07:37:10","guid":{"rendered":"https:\/\/www.europesays.com\/lv\/82621\/"},"modified":"2025-12-22T07:37:10","modified_gmt":"2025-12-22T07:37:10","slug":"eiropa-nedrikst-atpalikt-no-asv-kinas-un-pat-krievijas-kosmosa-joma","status":"publish","type":"post","link":"https:\/\/www.europesays.com\/lv\/82621\/","title":{"rendered":"Eiropa nedr\u012bkst atpalikt no ASV, \u0136\u012bnas un pat Krievijas kosmosa jom\u0101"},"content":{"rendered":"<p>Ir pag\u0101ju\u0161i 56 gadi kop\u0161 br\u012b\u017ea, kad Aukst\u0101 kara kulmin\u0101cijas laik\u0101 N\u012bls \u0100rmstrongs izk\u0101pa uz M\u0113ness un p\u0101rsteidza visu pasauli. Ta\u010du kosmoss vairs nav tikai izp\u0113tes un inov\u0101ciju telpa. Tas ir k\u013cuvis par dro\u0161\u012bbas frontes l\u012bniju \u2013 \u012bpa\u0161i Eiropai. Tikai da\u017eas dienas p\u0113c Krievijas iebrukuma Ukrain\u0101 Krievijas kiberuzbrukums izsita no ierindas satel\u012btu t\u012bklu, kas nodro\u0161in\u0101ja kritiski svar\u012bgu savienojam\u012bbu ar Eiropu. Tagad gan Krievija, gan \u0136\u012bna akt\u012bvi att\u012bsta iero\u010dus, kuru m\u0113r\u0137is ir trauc\u0113t, p\u0101rslogot vai izn\u012bcin\u0101t Eiropas satel\u012btus.<\/p>\n","protected":false},"excerpt":{"rendered":"Ir pag\u0101ju\u0161i 56 gadi kop\u0161 br\u012b\u017ea, kad Aukst\u0101 kara kulmin\u0101cijas laik\u0101 N\u012bls \u0100rmstrongs izk\u0101pa uz M\u0113ness un p\u0101rsteidza&hellip;\n","protected":false},"author":2,"featured_media":82622,"comment_status":"","ping_status":"","sticky":false,"template":"","format":"standard","meta":{"footnotes":""},"categories":[14],"tags":[1546,23,57,28,29,32,33,22,12839,30,31,35,39,38,36,37,34,40,71,20,26,27,19448,24,25,2238,54,55,56,21,58],"class_list":{"0":"post-82621","1":"post","2":"type-post","3":"status-publish","4":"format-standard","5":"has-post-thumbnail","7":"category-zinas-no-arvalstim","8":"tag-aizsardziba","9":"tag-aktualitates","10":"tag-arvalstim","11":"tag-breaking-news","12":"tag-breakingnews","13":"tag-featured-news","14":"tag-featurednews","15":"tag-headlines","16":"tag-kosmoss","17":"tag-latest-news","18":"tag-latestnews","19":"tag-latvia","20":"tag-latvian","21":"tag-latviesu","22":"tag-latviesu-valoda","23":"tag-latviesuvaloda","24":"tag-latvija","25":"tag-lv","26":"tag-nato","27":"tag-news","28":"tag-popularakas-zinas","29":"tag-popularakaszinas","30":"tag-project-syndicate","31":"tag-top-stories","32":"tag-topstories","33":"tag-tvnet-arvalstis","34":"tag-world","35":"tag-world-news","36":"tag-worldnews","37":"tag-zinas","38":"tag-zinas-no-arvalstim"},"share_on_mastodon":{"url":"https:\/\/pubeurope.com\/@lv\/115762078943405303","error":""},"_links":{"self":[{"href":"https:\/\/www.europesays.com\/lv\/wp-json\/wp\/v2\/posts\/82621","targetHints":{"allow":["GET"]}}],"collection":[{"href":"https:\/\/www.europesays.com\/lv\/wp-json\/wp\/v2\/posts"}],"about":[{"href":"https:\/\/www.europesays.com\/lv\/wp-json\/wp\/v2\/types\/post"}],"author":[{"embeddable":true,"href":"https:\/\/www.europesays.com\/lv\/wp-json\/wp\/v2\/users\/2"}],"replies":[{"embeddable":true,"href":"https:\/\/www.europesays.com\/lv\/wp-json\/wp\/v2\/comments?post=82621"}],"version-history":[{"count":0,"href":"https:\/\/www.europesays.com\/lv\/wp-json\/wp\/v2\/posts\/82621\/revisions"}],"wp:featuredmedia":[{"embeddable":true,"href":"https:\/\/www.europesays.com\/lv\/wp-json\/wp\/v2\/media\/82622"}],"wp:attachment":[{"href":"https:\/\/www.europesays.com\/lv\/wp-json\/wp\/v2\/media?parent=82621"}],"wp:term":[{"taxonomy":"category","embeddable":true,"href":"https:\/\/www.europesays.com\/lv\/wp-json\/wp\/v2\/categories?post=82621"},{"taxonomy":"post_tag","embeddable":true,"href":"https:\/\/www.europesays.com\/lv\/wp-json\/wp\/v2\/tags?post=82621"}],"curies":[{"name":"wp","href":"https:\/\/api.w.org\/{rel}","templated":true}]}}