{"id":82623,"date":"2025-12-22T07:38:22","date_gmt":"2025-12-22T07:38:22","guid":{"rendered":"https:\/\/www.europesays.com\/lv\/82623\/"},"modified":"2025-12-22T07:38:22","modified_gmt":"2025-12-22T07:38:22","slug":"liepajas-dome-lauj-izdarit-deputati-dod-zalo-gaismu-pec-stridiem-stradajosam-vienradza-peldrinkim-lente-lv","status":"publish","type":"post","link":"https:\/\/www.europesays.com\/lv\/82623\/","title":{"rendered":"Liep\u0101jas dome \u013bauj Izdar\u012bt! Deput\u0101ti Dod Za\u013co Gaismu P\u0113c Str\u012bdiem Str\u0101d\u0101jo\u0161am Vienrad\u017ea Peldri\u0146\u0137im\u00a0\u2014\u00a0Lente.lv"},"content":{"rendered":"<p>L\u0113mums Pie\u0146emts P\u0113c Ilg\u0101m Diskusij\u0101m<\/p>\n<p>Liep\u0101jas pils\u0113tas dome pag\u0101ju\u0161\u0101s ned\u0113\u013cas nogal\u0113, iev\u0113rojot p\u0113d\u0113j\u0101s noz\u012bm\u012bg\u0101s diskusijas, tom\u0113r atbalst\u012bjusi ideju pils\u0113tas publiskaj\u0101 telp\u0101 uzst\u0101d\u012bt m\u0101kslas objektu \u2013 rota\u013c\u012bgu sp\u012bd\u012bgu peldri\u0146\u0137i ar vienrad\u017ea galvu. K\u0101 inform\u0113 port\u0101ls NRA, domes s\u0113d\u0113 \u0161is jaut\u0101jums tika skat\u012bts ar nopietnu iedzi\u013cin\u0101\u0161anos, un gal\u012bgais l\u0113mums tika pie\u0146emts ar septi\u0146u deput\u0101tu bals\u012bm, saska\u0146ojot dar\u012bjumu par vides objekta izveidi.<\/p>\n<p>\u0160is l\u0113mums sekoja p\u0113c pretrun\u012bgiem v\u0113st\u012bjumiem un iebildumiem no atsevi\u0161\u0137\u0101m domes komitej\u0101m. Iepriek\u0161 gan Izgl\u012bt\u012bbas, kult\u016bras un sporta komiteja, gan Finan\u0161u komiteja bija paudu\u0161as noraido\u0161u nost\u0101ju pret projekta virz\u012bbu, radot pat ba\u017eas par Liep\u0101jas k\u0101 Eiropas kult\u016bras galvaspils\u0113tas 2027 programmas norises gaitu. Tom\u0113r pilns domes sast\u0101vs tagad ir devis za\u013co sign\u0101lu realiz\u0101cijai.<\/p>\n<p>Projekta Izcelsme: \u201cP\u016btiens\u201d un V\u0113ju Pils\u0113tas Metafora<\/p>\n<p>Objekts ar nosaukumu \u201cP\u016btiens\u201d tika izraudz\u012bts jau pirms gada notiku\u0161aj\u0101 starptautiskaj\u0101 metu konkurs\u0101, ko r\u012bkoja nodibin\u0101jums \u201cLiep\u0101ja 2027\u201d. Konkursa m\u0113r\u0137is bija rad\u012bt laikmet\u012bgu un ori\u0123in\u0101lu m\u0101kslas darbu, kas atspogu\u013cotu Liep\u0101jas identit\u0101ti k\u0101 \u201cv\u0113ju pils\u0113tu\u201d. Konkurs\u0101 uzvar\u0113ja Latvijas m\u0101kslinieks Kri\u0161s Salmanis ar savu konceptu. Vi\u0146a ideja paredz\u0113ja spogu\u013cmet\u0101la skulpt\u016bru \u2013 milz\u012bgu peldri\u0146\u0137i ar vienrad\u017ea galvu, kas \u0161\u0137ietami \u201caizp\u016bsts no j\u016bras\u201d un ar savu ragu \u201cied\u016bries\u201d zem\u0113.<\/p>\n<blockquote>\n<p>M\u0101kslinieks Salma\u0146a pied\u0101v\u0101jums bija apsp\u0113l\u0113t tie\u0161i Liep\u0101jas v\u0113ju t\u0113mu, radot vizu\u0101li pievilc\u012bgu un interakt\u012bvu elementu pils\u0113tvid\u0113.<\/p>\n<\/blockquote>\n<p>Skulpt\u016bras izveidei tiek paredz\u0113ts valsts bud\u017eeta finans\u0113jums 60 000 eiro apm\u0113r\u0101, kas v\u0113l vair\u0101k uzsv\u0113ra diskusiju noz\u012bm\u012bgumu un saist\u012bbu ar valsts m\u0113roga kult\u016bras notikumiem.<\/p>\n<p>Deput\u0101tu Iebildumi un Ba\u017eas<\/p>\n<p>Neskatoties uz konkursa rezult\u0101tu un m\u0101kslinieka v\u012bziju, atsevi\u0161\u0137i deput\u0101ti pauda ba\u017eas, kas p\u0101rsniedza vienk\u0101r\u0161u est\u0113tisku nov\u0113rt\u0113jumu. Viens no galvenajiem iebildumiem, ko izteica deput\u0101ts J\u0101nis Viln\u012btis (LRA) Izgl\u012bt\u012bbas, kult\u016bras un sporta komitejas s\u0113d\u0113, bija saist\u012bts ar objekta izvietojuma vietu \u2013 Graudu ielas un K\u016brm\u0101jas prospekta krustojumu. Viln\u012btis uzskat\u012bja, ka \u0161\u012b vieta nav piem\u0113rota, jo t\u0101s tuvum\u0101 atrodas j\u016bgendstila arhitekt\u016bras objekti, un ierosin\u0101ja mekl\u0113t alternat\u012bvu, piem\u0113ram, tuv\u0101k j\u016brai.<\/p>\n<p>Citi deput\u0101ti ap\u0161aub\u012bja pa\u0161u vienrad\u017ea t\u0113lu, nor\u0101dot, ka tam neesot tie\u0161as saist\u012bbas ar Liep\u0101jas v\u0113sturi. Tika izteiktas ar\u012b pragmatisk\u0101kas pretenzijas, piem\u0113ram, par to, ka vizualiz\u0101cij\u0101s nav redzams vietas labiek\u0101rtojums, ieskaitot apgaismojumu. Deput\u0101ts Uldis Hmie\u013cevskis nor\u0101d\u012bja uz riskiem, ka sliktas vides d\u0113\u013c, l\u012bdz\u012bgi k\u0101 cit\u0101 maz\u0101k\u0101 skulpt\u016br\u0101 J\u016brmalas park\u0101, z\u0101le var\u0113tu tikt izm\u012bd\u0101ta.<\/p>\n<p>Tom\u0113r Liep\u0101jas pils\u0113tas domes priek\u0161s\u0113d\u0113t\u0101ja vietnieks J\u0101nis D\u017eeri\u0146\u0161 (Liep\u0101jas Partija) aizst\u0101v\u0113ja projektu, akcent\u0113jot laikmet\u012bg\u0101s m\u0101kslas b\u016bt\u012bbu. Vi\u0146\u0161 uzsv\u0113ra, ka pretrunas ir norm\u0101la laikmet\u012bg\u0101s m\u0101kslas sast\u0101vda\u013ca, kas atspogu\u013cojas gan deput\u0101tu, gan sabiedr\u012bbas viedok\u013cos.<\/p>\n<p>Pils\u0113tas Att\u012bst\u012bba un Objekta P\u0101rvieto\u0161anas Pl\u0101ns<\/p>\n<p>P\u0113c domes atbalsta sa\u0146em\u0161anas, Liep\u0101jas B\u016bvvaldei ir uzdots l\u012bdz 2027. gada 1. j\u016blijam iesniegt priek\u0161likumus par vides objekta uzst\u0101d\u012b\u0161anai piem\u0113rot\u0101kaj\u0101m viet\u0101m pils\u0113tvid\u0113. \u0160is termi\u0146\u0161 saskan ar intens\u012bv\u0101ko Eiropas kult\u016bras galvaspils\u0113tas aktivit\u0101\u0161u periodu.<\/p>\n<p>S\u0101kotn\u0113ji objekts pl\u0101nots nostiprin\u0101ts Graudu ielas un K\u016brm\u0101jas prospekta krustojum\u0101, ta\u010du tas nav paredz\u0113ts k\u0101 past\u0101v\u012bga instal\u0101cija. Jau \u0161obr\u012bd ir noteikts, ka 2028. gad\u0101 vides objekts tiks p\u0101rvietots uz citu pils\u0113tvides vietu. Jaun\u0101 lok\u0101cija tiks saska\u0146ota ar domi, pamatojoties uz B\u016bvvaldes priek\u0161likumu. \u0160\u0101ds solis \u013cauj m\u0101kslas darbam kalpot k\u0101 pagaidu akcentam pils\u0113tas centr\u0101, vienlaikus pl\u0101nojot t\u0101 ilgtsp\u0113j\u012bg\u0101ku integr\u0101ciju pils\u0113tvid\u0113 n\u0101kotn\u0113.<\/p>\n<p>Sabiedr\u012bbas Reakcija un Ietekme uz Kult\u016bras Programmu<\/p>\n<p>Lai gan politisk\u0101 sarun\u0101 bija j\u016btama spriedze, publiskaj\u0101 telp\u0101 un soci\u0101lajos t\u012bklos uzrun\u0101tie liep\u0101jnieki izteiku\u0161i pozit\u012bvu attieksmi pret \u0161o ideju. Iedz\u012bvot\u0101ji, piem\u0113ram, Patr\u012bcija, nor\u0101d\u012bja, ka \u0161\u0101da skulpt\u016bra der\u0113tu pils\u0113tai, kura lepojas ar savu v\u0113tru un v\u0113ju, un ka konkr\u0113t\u0101 vieta, kur paredz\u0113ta uzst\u0101d\u012b\u0161ana, \u0161obr\u012bd netiek pietiekami izmantota.<\/p>\n<p>Kult\u016bras ministrija iepriek\u0161 bija paudusi neizpratni par komiteju balsojumiem, uzsverot, ka m\u0101kslas noris\u0113s nedr\u012bkst notikt politiska iejauk\u0161an\u0101s, \u012bpa\u0161i projektos ar valsts l\u012bdzfinans\u0113jumu, kas saist\u012bti ar Eiropas kult\u016bras galvaspils\u0113tas statusu. Domes l\u0113mums tagad var\u0113tu mazin\u0101t \u0161o spriedzi un nodro\u0161in\u0101t projekta gaitu, \u013caujot \u201cP\u016btienam\u201d k\u013c\u016bt par jaunu pils\u0113tas vizu\u0101lo z\u012bmolu, vismaz uz noteiktu laiku.<\/p>\n","protected":false},"excerpt":{"rendered":"L\u0113mums Pie\u0146emts P\u0113c Ilg\u0101m Diskusij\u0101m Liep\u0101jas pils\u0113tas dome pag\u0101ju\u0161\u0101s ned\u0113\u013cas nogal\u0113, iev\u0113rojot p\u0113d\u0113j\u0101s noz\u012bm\u012bg\u0101s diskusijas, tom\u0113r atbalst\u012bjusi ideju&hellip;\n","protected":false},"author":2,"featured_media":82624,"comment_status":"","ping_status":"","sticky":false,"template":"","format":"standard","meta":{"footnotes":""},"categories":[12],"tags":[23,28,29,20903,32,33,22,19516,30,31,35,39,38,36,37,34,444,40,20,26,27,24,25,20548,20902,21],"class_list":{"0":"post-82623","1":"post","2":"type-post","3":"status-publish","4":"format-standard","5":"has-post-thumbnail","7":"category-latvija","8":"tag-aktualitates","9":"tag-breaking-news","10":"tag-breakingnews","11":"tag-eiropas-kulturas-galvaspilseta","12":"tag-featured-news","13":"tag-featurednews","14":"tag-headlines","15":"tag-kriss-salmanis","16":"tag-latest-news","17":"tag-latestnews","18":"tag-latvia","19":"tag-latvian","20":"tag-latviesu","21":"tag-latviesu-valoda","22":"tag-latviesuvaloda","23":"tag-latvija","24":"tag-liepaja","25":"tag-lv","26":"tag-news","27":"tag-popularakas-zinas","28":"tag-popularakaszinas","29":"tag-top-stories","30":"tag-topstories","31":"tag-vides-objekts","32":"tag-vienradzis","33":"tag-zinas"},"share_on_mastodon":{"url":"https:\/\/pubeurope.com\/@lv\/115762082961292354","error":""},"_links":{"self":[{"href":"https:\/\/www.europesays.com\/lv\/wp-json\/wp\/v2\/posts\/82623","targetHints":{"allow":["GET"]}}],"collection":[{"href":"https:\/\/www.europesays.com\/lv\/wp-json\/wp\/v2\/posts"}],"about":[{"href":"https:\/\/www.europesays.com\/lv\/wp-json\/wp\/v2\/types\/post"}],"author":[{"embeddable":true,"href":"https:\/\/www.europesays.com\/lv\/wp-json\/wp\/v2\/users\/2"}],"replies":[{"embeddable":true,"href":"https:\/\/www.europesays.com\/lv\/wp-json\/wp\/v2\/comments?post=82623"}],"version-history":[{"count":0,"href":"https:\/\/www.europesays.com\/lv\/wp-json\/wp\/v2\/posts\/82623\/revisions"}],"wp:featuredmedia":[{"embeddable":true,"href":"https:\/\/www.europesays.com\/lv\/wp-json\/wp\/v2\/media\/82624"}],"wp:attachment":[{"href":"https:\/\/www.europesays.com\/lv\/wp-json\/wp\/v2\/media?parent=82623"}],"wp:term":[{"taxonomy":"category","embeddable":true,"href":"https:\/\/www.europesays.com\/lv\/wp-json\/wp\/v2\/categories?post=82623"},{"taxonomy":"post_tag","embeddable":true,"href":"https:\/\/www.europesays.com\/lv\/wp-json\/wp\/v2\/tags?post=82623"}],"curies":[{"name":"wp","href":"https:\/\/api.w.org\/{rel}","templated":true}]}}