{"id":82647,"date":"2025-12-22T08:01:13","date_gmt":"2025-12-22T08:01:13","guid":{"rendered":"https:\/\/www.europesays.com\/lv\/82647\/"},"modified":"2025-12-22T08:01:13","modified_gmt":"2025-12-22T08:01:13","slug":"eiropa-mirst-un-to-redz-visi-iznemot-eiropiesus-2","status":"publish","type":"post","link":"https:\/\/www.europesays.com\/lv\/82647\/","title":{"rendered":"Eiropa mirst, un to redz visi, iz\u0146emot eiropie\u0161us"},"content":{"rendered":"<p>                                                                    <img decoding=\"async\" src=\"https:\/\/www.europesays.com\/lv\/wp-content\/uploads\/2025\/12\/1766390470_863_22164.jpg\" alt=\"Foto\" id=\"mainfoto\" \/><br \/> <br \/>\n                                    Haralds Brauns \u00b7 22.12.2025. \u00b7 <a href=\"\/\/m.pietiek.com\/lapa.php\/raksti\/eiropa_mirst,_un_to_redz_visi,_iznemot_eiropiesus\/komentari\">Koment\u0101ri (14)<\/a><\/p>\n<p id=\"share\">Iesaki rakstu:<br \/><a href=\"https:\/\/twitter.com\/intent\/tweet?text=Iesaku: Eiropa mirst, un to redz visi, iz\u0146emot eiropie\u0161us&amp;url=http:\/\/www.pietiek.com\/raksti\/eiropa_mirst,_un_to_redz_visi,_iznemot_eiropiesus\/\" rel=\"nofollow noopener\" target=\"_blank\"><img decoding=\"async\" src=\"https:\/\/www.europesays.com\/lv\/wp-content\/uploads\/2025\/12\/twt.png\" alt=\"Twitter\" border=\"0\" \/><\/a><br \/>\n                    <a href=\"https:\/\/www.facebook.com\/share.php?u=http:\/\/www.pietiek.com\/raksti\/eiropa_mirst,_un_to_redz_visi,_iznemot_eiropiesus\/\" rel=\"nofollow noopener\" target=\"_blank\"><img decoding=\"async\" src=\"https:\/\/www.europesays.com\/lv\/wp-content\/uploads\/2025\/12\/fcb.png\" alt=\"Facebook\" border=\"0\" \/><\/a><\/p>\n<p>                    <a href=\"http:\/\/www.pietiek.com\/raksti\/eiropa_mirst,_un_to_redz_visi,_iznemot_eiropiesus\/#\" onclick=\"DraugiemSay(&#039;Eiropa mirst, un to redz visi, iz\u0146emot eiropie\u0161us&#039;, &#039;http:\/\/www.pietiek.com\/raksti\/eiropa_mirst,_un_to_redz_visi,_iznemot_eiropiesus\/&#039;, &#039;Pietiek.com&#039;);return false;\" title=\"draugiem.lv\" rel=\"nofollow noopener\" target=\"_blank\"><img decoding=\"async\" src=\"https:\/\/www.europesays.com\/lv\/wp-content\/uploads\/2025\/12\/drg.png\" alt=\"Draugiem.lv\" border=\"0\" \/><\/a>\n                    <\/p>\n<p><p style=\"line-height: 19.5px;\">\u0160\u012b gada 5. decembr\u012b ASV public\u0113ja dokumentu, kas ir nacion\u0101l\u0101s dro\u0161\u012bbas strat\u0113\u0123ija.<a href=\"https:\/\/www.whitehouse.gov\/wp-content\/uploads\/2025\/12\/2025-National-Security-Strategy.pdf\" rel=\"nofollow noopener\" target=\"_blank\">[1]<\/a>\u00a0Amerik\u0101\u0146i ir brut\u0101li skarbi, nor\u0101dot, ka Eiropa turpina zaud\u0113t savu dominanci pasaul\u0113, atrodas izn\u012bc\u012bbas priek\u0161\u0101 un aktu\u0101ls ir jaut\u0101jums, vai Eiropa ir visp\u0101r var b\u016bt ilgtermi\u0146a partneris.<\/p>\n<\/p>\n<p>Kas tad konkr\u0113ti tika min\u0113ts \u0161aj\u0101 dokument\u0101? \u0145emts no ori\u0123in\u0101l\u0101 dokumenta<a href=\"https:\/\/www.whitehouse.gov\/wp-content\/uploads\/2025\/12\/2025-National-Security-Strategy.pdf\" rel=\"nofollow noopener\" target=\"_blank\">[2]<\/a>:<\/p>\n<p>1) Eiropa turpina k\u013c\u016bt aizvien maznoz\u012bm\u012bg\u0101ka uz pasaules fona: ja 1990. gad\u0101 Eiropas IKP veidoja 25% no pasaules IKP, tad \u0161odien tie ir vien 14%.<\/p>\n<p>2) Eiropa saskaras ar t\u0101s civiliz\u0101cijas izzu\u0161anu. Tas saist\u0101ms ar Eiropas Savien\u012bbas veikto politisko br\u012bv\u012bbu un suverenit\u0101tes mazin\u0101\u0161anu; migr\u0101cijas politiku, kas transform\u0113 kontinentu un rada \u0161\u0137el\u0161anos;\u00a0 runas br\u012bv\u012bbas ierobe\u017eo\u0161anu; politisk\u0101s opoz\u012bcijas apspie\u0161anu; dzimst\u012bbas mazin\u0101\u0161anos, nacion\u0101l\u0101s identit\u0101tes un pa\u0161p\u0101rliecin\u0101t\u012bbas zaud\u0113\u0161anu. Ja pa\u0161reiz\u0113j\u0101s tendences turpin\u0101sies, Eiropa k\u013c\u016bs neatpaz\u012bstama 20 gados vai pat \u0101tr\u0101k. <\/p>\n<p>\u201c(..) nav pa\u0161saprotami, vai noteikt\u0101m Eiropas valst\u012bm n\u0101kotn\u0113 b\u016bs pietiekami sp\u0113c\u012bgas ekonomikas un milit\u0101r\u0101s sp\u0113jas, lai t\u0101s var\u0113tu palikt uzticami sabiedrotie. Daudzas no \u0161\u012bm valst\u012bm pa\u0161laik v\u0113l vair\u0101k nostiprina savu l\u012bdz\u0161in\u0113jo kursu. M\u0113s v\u0113lamies, lai Eiropa paliktu Eiropa \u2014 lai t\u0101 atg\u016btu savu civiliz\u0101cijas pa\u0161apzi\u0146u un atteiktos no neveiksm\u012bg\u0101s koncentr\u0113\u0161an\u0101s uz nosmac\u0113jo\u0161u regulat\u012bvo kontroli.\u201d<a href=\"https:\/\/www.whitehouse.gov\/wp-content\/uploads\/2025\/12\/2025-National-Security-Strategy.pdf\" rel=\"nofollow noopener\" target=\"_blank\">[3]<\/a><\/p>\n<p>3) Eiropai ir b\u016btisks ciet\u0101s varas p\u0101rsvars p\u0101r Krieviju gandr\u012bz p\u0113c visiem r\u0101d\u012bt\u0101jiem, bet Eiropa nesp\u0113j tikt gal\u0101 ar Krieviju viena. Lai tiktu gal\u0101 ar Krieviju, Eiropai b\u016bs nepiecie\u0161ama b\u016btiska ASV diplom\u0101tisk\u0101 iesaiste.<\/p>\n<p>4) ASV nenoraksta Eiropu piln\u012bb\u0101 un redz vietu sadarb\u012bbai, bet uzskata, ka eiropie\u0161iem ir j\u0101sav\u0101cas.<\/p>\n<p>5) N\u0101kamaj\u0101s p\u0101ris desmitgad\u0113s noteiktas NATO dal\u012bbvalstis k\u013c\u016bs par liel\u0101koties ne-eiropeisk\u0101m. Atv\u0113rts paliek jaut\u0101jums, vai \u0161\u012bs valstis joproj\u0101m redz\u0113s savu vietu pasaul\u0113 vai sadarb\u012bbu ar ASV t\u0101d\u0101m, k\u0101das t\u0101s bija, kad tika izveidota NATO.<\/p>\n<p>6) ASV uzskata, ka Eiropai pa\u0161ai j\u0101uz\u0146emas l\u012bder\u012bba par savu dro\u0161\u012bbu.<\/p>\n<p>7) ASV \u0101rpolitikas strat\u0113\u0123ija b\u016bs r\u012bkoties, lai main\u012btu pa\u0161reiz\u0113jo Eiropas trajektoriju, valst\u012bm k\u013c\u016bstot ne-eiropeisk\u0101m un v\u0101j\u0101k\u0101m.<\/p>\n<p>8) Tiks nov\u0113rsts tas, ka NATO tiek uzskat\u012bta par m\u016b\u017e\u012bgi papla\u0161ino\u0161os organiz\u0101ciju.<\/p>\n<p>Ko par \u0161o saka Eiropas l\u012bderi?<\/p>\n<p>Nav p\u0101rsteigums, ka Eiropas progres\u012bvajiem, kuri kolekt\u012bvi ir nol\u0113mu\u0161i kontinenta pamatiedz\u012bvot\u0101jus nomain\u012bt ar imigrantiem, ir putas uz l\u016bp\u0101m, l\u0101doties par \u0161o ASV dokumentu.<\/p>\n<p>ASV strat\u0113\u0123ij\u0101 min\u0113ts, ka \u201cpatriotisk\u0101s partijas\u201d un to popularit\u0101tes pieaugums ir viena no cer\u012bb\u0101m Eiropas n\u0101kotnei. \u0160\u0101ds skats ir pretstats Eiropas progres\u012bvo skat\u012bjumam, kuriem \u201cAlternat\u012bva V\u0101cijai\u201d un Nacion\u0101l\u0101 apvien\u012bba Francij\u0101 ir \u201cgal\u0113ji lab\u0113jas\u201d, \u201cpopulistiskas\u201d, \u201cekstr\u0113miskas\u201d\u00a0 un visp\u0101r b\u016btu j\u0101aizliedz!<\/p>\n<p>Viens no pirmajiem izc\u0113l\u0101s Eiropadomes priek\u0161s\u0113d\u0113t\u0101js Antoniu Ko\u0161ta. Vi\u0146\u0161 kritiz\u0113ja ASV par to, ka t\u0101 lemj Eiropas pilso\u0146u viet\u0101, kuras partijas ir labas un kuras sliktas.<a href=\"https:\/\/www.lsm.lv\/raksts\/zinas\/arzemes\/08.12.2025-eiropadomes-priekssedetajs-kritize-asv-par-jauksanos-eiropas-ieksejas-lietas.a625567\/\" rel=\"nofollow noopener\" target=\"_blank\">[4]<\/a> Respekt\u012bvi, ja progres\u012bvie eiropie\u0161i lems, ka v\u0113l ir j\u0101iebrauc 50 miljoniem imigrantu, tad t\u0101 ar\u012b j\u0101b\u016bt!<\/p>\n<p>Putas uz l\u016bp\u0101m bija ar\u012b V\u0101cijas vald\u012bbas runasv\u012bram Sebastianam Hillem, kur\u0161 sac\u012bja, ka \u201cASV kritika par v\u0101rda br\u012bv\u012bbas ierobe\u017eojumiem Eirop\u0101 ir nepamatota un sak\u0146ojas ideolo\u0123ij\u0101.\u201d<a href=\"https:\/\/www.lsm.lv\/raksts\/zinas\/arzemes\/08.12.2025-eiropadomes-priekssedetajs-kritize-asv-par-jauksanos-eiropas-ieksejas-lietas.a625567\/\" rel=\"nofollow noopener\" target=\"_blank\">[5]<\/a> Interesanti, kur ir v\u0101rda br\u012bv\u012bba, kad tiek aiztur\u0113ti cilv\u0113ki par meme un joku public\u0113\u0161anu soci\u0101lajos t\u012bklos? Kur ir izpausmes br\u012bv\u012bba, kad cilv\u0113ks tiek aiztur\u0113ts Lielbrit\u0101nij\u0101 par to, ka ir pateicis musulma\u0146u priek\u0161\u0101, ka vi\u0146am pat\u012bk bekons?<\/p>\n<p>Lielbrit\u0101nij\u0101 tika rad\u012bts pat \u012bpa\u0161s \u201cNon-crime hate incident\u201d.\u00a0 Tas paredz\u0113ja, ka policija kr\u0101s pierakstus par to, ko cilv\u0113ks ir teicis vai dar\u012bjis, izr\u0101dot nepatiku pret aizsarg\u0101t\u0101m cilv\u0113ku kategorij\u0101m: rasi, reli\u0123iju, seksualit\u0101ti, invalidit\u0101ti. Par to netika piespriests re\u0101ls sods, bet deva iesp\u0113ja policijai teroriz\u0113t cilv\u0113kus par ierakstiem soci\u0101lajos t\u012bklos, ierasties pie vi\u0146u m\u0101ju durv\u012bm.<\/p>\n<p>Ja tu pateiktu, ka transsieviete (biolo\u0123isks v\u012brietis, kur\u0161 izliekas par sievieti) ir c\u016bka ar par\u016bku, tad pie tevis ierastos policija un \u201cstingri nor\u0101d\u012btu\u201d \u0161\u0101das replikas vairs neizteikt. Un, protams, uz m\u016b\u017e\u012bgiem laikiem tavs teiktais paliktu policijas datub\u0101z\u0113s.<\/p>\n<p>T\u0101 faktiski ir domu policija. Tevi nedr\u012bkst sod\u012bt, bet ir j\u0101dara viss, lai piespiestu tevi run\u0101t \u201cpareizi\u201d.<\/p>\n<p>Turpin\u0101m t\u0101l\u0101k ar V\u0101cijas kancleru Mercu, kur\u0161 ar\u012b kritiz\u0113ja ASV dro\u0161\u012bbas dokumentu. Vi\u0146\u0161 uzst\u0101ja, ka vair\u0101kas dokumenta da\u013cas no Eiropas viedok\u013ca nav pie\u0146emamas.<a href=\"https:\/\/www.dw.com\/en\/german-chancellor-some-of-us-security-plan-unacceptable\/a-75074744\" rel=\"nofollow noopener\" target=\"_blank\">[6]<\/a> Mercs piekrita, ka V\u0101cijai ir j\u0101k\u013c\u016bst dro\u0161\u012bbas zi\u0146\u0101 neatkar\u012bg\u0101kai, bet tas ar\u012b viss. Ne pu\u0161pl\u0113sta v\u0101rda par masu imigr\u0101cijas sek\u0101m V\u0101cij\u0101.<\/p>\n<p>Mercam gal\u012bgi negrib\u0113j\u0101s run\u0101t par to, k\u0101 musulma\u0146iem (jaunv\u0101cie\u0161iem) pat\u012bk ietriekties Ziemassv\u0113tku tirdzi\u0146os ar automa\u0161\u012bn\u0101m, t\u0101p\u0113c tie tagad ir apjozti ar betona blokiem. \u0160os blokus bie\u017ei rot\u0101 ironiski uzraksti \u201cDanke Merkel\u201d jeb \u201cPaldies, Merkele\u201d, jo t\u0101 bija tie\u0161i bijus\u012b kanclere Merkele, kura pateica: \u201cM\u0113s to varam!\u201d un V\u0101cij\u0101 br\u012bvpr\u0101t\u012bgi ielaida vair\u0101k nek\u0101 miljonu s\u012brie\u0161u.<\/p>\n<p>Eiropas \u201cl\u012bderi\u201d t\u0113lo idiotus<\/p>\n<p>Kad runa ir par masu imigr\u0101ciju, visi Eiropas \u201cl\u012bderi\u201d p\u0113k\u0161\u0146i k\u013c\u016bst par nezin\u012b\u0161iem. Kur\u0161 b\u016btu dom\u0101jis, ka miljoniem imigrantu ieve\u0161ana no tre\u0161aj\u0101m pasaules valst\u012bm ir slikta ideja?<\/p>\n<p>Par migr\u0101cijas ierobe\u017eo\u0161anu nu run\u0101 Lielbrit\u0101nija, D\u0101nija, pat viss ES bloks, bet t\u0101 ir nekaun\u012bga darb\u012bbas imit\u0113\u0161ana. Kad v\u0113zis bija izplat\u012bjies ar metast\u0101z\u0113m pa visu organismu, pacients nol\u0113ma, ka viss, ir \u012bstais laiks p\u0101rtraukt sm\u0113\u0137\u0113t!<\/p>\n<p>London\u0101 tre\u0161da\u013ca iedz\u012bvot\u0101ju ir balt\u0101daini briti; V\u012bnes b\u0113rnud\u0101rzos gandr\u012bz puse b\u0113rnu ir musulma\u0146i; Zviedrijas skol\u0101s ir piepras\u012bjums p\u0113c m\u0101c\u012bbu p\u0101rejas uz ar\u0101bu valodu, lai imigrantiem b\u016btu viegl\u0101k utt. Nek\u0101da imigr\u0101cijas ierobe\u017eo\u0161ana \u0161eit vairs nepal\u012bdz\u0113s.<\/p>\n<p>Eiropas progres\u012bvie politi\u0137i nevar t\u0113lot mu\u013c\u0137us, jo tika br\u012bdin\u0101ti par imigr\u0101cijas sek\u0101m jau vair\u0101kas desmitgades iepriek\u0161. Piem\u0113ram, esmu las\u012bjis dokumentu v\u0113l no 2007. gada, kur\u0101 tiek iztirz\u0101ta musulma\u0146u n\u0101kotne Eirop\u0101.<a href=\"https:\/\/www.esd.whs.mil\/Portals\/54\/Documents\/FOID\/Reading%20Room\/International_Security_Affairs\/09-F-0759_The_Future_Of_Europe_And_Its_Muslims_Four_Scenarios.pdf\" rel=\"nofollow noopener\" target=\"_blank\">[7]<\/a><\/p>\n<p>\u0160aj\u0101 dokument\u0101 tiek skat\u012bti \u010detri scen\u0101riji, k\u0101di var\u0113tu piemekl\u0113t Eiropu n\u0101kotn\u0113. Politikas eksperti secina, ka visticam\u0101kais scen\u0101rijs ir: musulma\u0146us kopienas turpin\u0101s augt, t\u0101s b\u016bs liel\u0101koties izol\u0113ti ankl\u0101vi lielaj\u0101s pils\u0113t\u0101s. Integr\u0101cijas vai asimil\u0101cijas programmas b\u016bs nesekm\u012bgas, bet musulma\u0146i ar\u012b nep\u0101r\u0146ems Eiropu. Vi\u0146i veidos paral\u0113l\u0101s sabiedr\u012bbas, kuras neintegr\u0113jas.<\/p>\n<p>Dokument\u0101 ar\u012b skaidri tiek pausts, ka musulma\u0146u integr\u0101cija ir \u013coti sare\u017e\u0123\u012bta. Ja to veic piespiedu k\u0101rt\u0101, seko naids, skepse, agresivit\u0101te, pat terorakti. \u0160is tika uzrakst\u012bts 2007. gad\u0101. Vai tas aptur\u0113ja k\u0101du progres\u012bvo? Protams, ka ne.<\/p>\n<p>Tiek skaidri teikts: \u201cVisbeidzot, Eiropas birokr\u0101tijas intensific\u0113s centienus integr\u0113t musulma\u0146u kopienas. Tas rad\u012bs pretreakciju no musulma\u0146u kopien\u0101m, pretreakcijai pa\u0161ai palielinot terorisma risku.\u201d<a href=\"https:\/\/www.esd.whs.mil\/Portals\/54\/Documents\/FOID\/Reading%20Room\/International_Security_Affairs\/09-F-0759_The_Future_Of_Europe_And_Its_Muslims_Four_Scenarios.pdf\" rel=\"nofollow noopener\" target=\"_blank\">[8]<\/a> Cik eiropie\u0161i ir nogalin\u0101ti un v\u0113l tiks nogalin\u0101ti pateicoties ievestajiem musulma\u0146iem? Protams, neviens par to neatbild\u0113s \u2013 vismaz ne politi\u0137i.<\/p>\n<p>Dokument\u0101 v\u0113l min\u0113ts, ka musulma\u0146u skaita palielin\u0101\u0161ana 2 vai 3 reizes b\u016btu pietiekama, lai islamiz\u0113tu padsmit liel\u0101s Eiropas pils\u0113tas. Un tas ir tie\u0161i tas, kas \u0161ajos 18 gados noticis. Zviedrij\u0101 l\u012bdz 2050. gadam katrs tre\u0161ais iedz\u012bvot\u0101js b\u016bs musulmanis.<a href=\"https:\/\/www.pewresearch.org\/religion\/2017\/11\/29\/europes-growing-muslim-population\/\" rel=\"nofollow noopener\" target=\"_blank\">[9]<\/a> V\u0101cij\u0101 l\u012bdz 2040. gadam 70% lielo pils\u0113tu iedz\u012bvot\u0101ji b\u016bs imigranti vai to p\u0113cte\u010di.<a href=\"https:\/\/www.dw.com\/en\/germany-in-20-years-1-in-3-people-will-have-migrant-roots\/a-51101172\" rel=\"nofollow noopener\" target=\"_blank\">[10]<\/a><\/p>\n<p>Nosl\u0113gum\u0101 v\u0113l par \u0161o dokumentu \u2013 t\u0101 k\u0101 to ir rakst\u012bju\u0161i amerik\u0101\u0146i, tad secin\u0101jumos tiek pausti scen\u0101riji imigr\u0101cijas ietekmei uz Eiropas sadarb\u012bbu ar ASV. Tiek skaidri pausts, ka musulma\u0146u kopienas un to integr\u0101cijas probl\u0113mas b\u016bs v\u0113l viens iemesls Eiropas norietam k\u0101 sp\u0113l\u0113t\u0101jam glob\u0101laj\u0101 ar\u0113n\u0101. Musulma\u0146u kopienas un to uzman\u012b\u0161ana izmaks\u0101 policijas un soci\u0101los resursus.<\/p>\n<p>Ironisk\u0101 k\u0101rt\u0101 tiek min\u0113ts ar\u012b ES aizsardz\u012bbas jomas v\u0101jums. Jau no 90tiem Eiropa nesp\u0113jot velt\u012bt pietiekamu daudzumu resursu bru\u0146oto sp\u0113ku stiprin\u0101\u0161anai. Soci\u0101l\u0101s labkl\u0101j\u012bbas un ES kop\u0113j\u0101 lauksaimniec\u012bbas politika atst\u0101j maz resursu aizsardz\u012bbas stiprin\u0101\u0161anai.<\/p>\n<p>Eiropas novecojo\u0161\u0101 sabiedr\u012bba, darbasp\u0113ka tr\u016bkums, neierobe\u017eota resursu atdeve musulma\u0146u integr\u0113\u0161anai \u2013 tas viss mazin\u0101s Eiropas lomu k\u0101 j\u0113gpilnam glob\u0101l\u0101s dro\u0161\u012bbas partnerim.<\/p>\n<p>T\u0101tad varam secin\u0101t, ka Eiropas \u201cl\u012bderu\u201d reakcija un \u0161oks par ASV dro\u0161\u012bbas strat\u0113\u0123iju ir l\u0113ts te\u0101tris.<\/p>\n<p>Nosl\u0113gum\u0101<\/p>\n<p>Fascin\u0113jo\u0161a ir Trampa doma, ka n\u0101kotnes Eiropa neb\u016bs t\u0101, kas pag\u0101tn\u0113, kad tika parakst\u012bts NATO l\u012bgums.<\/p>\n<p>Tramps ir person\u012bgi izteicies par Eiropu: \u201cEs uzskatu, ka vi\u0146i ir v\u0101ji, (..) vi\u0146i grib b\u016bt tik politkorekti. Es dom\u0101ju, ka vi\u0146i nezina, ko dar\u012bt.\u201d<a href=\"https:\/\/www.bbc.com\/news\/articles\/clydlwldkvko\" rel=\"nofollow noopener\" target=\"_blank\">[11]<\/a> Daudzas valstis Eirop\u0101 vairs neb\u016b\u0161ot dz\u012bvotsp\u0113j\u012bgas, ja kaut kas nemain\u012bsies un \u201ctas ko vi\u0146i dara ar imigr\u0101ciju, ir katastrofa\u201d.<\/p>\n<p>Tai pat laik\u0101 Tramps uzsaka Ung\u0101riju un Poliju, kuru imigr\u0101cijas politika ir \u013coti laba, bet vairums Eiropas valstu pagrimst.<\/p>\n<p>Tramps prec\u012bzi izteic\u0101s par Londonas m\u0113ru Sadiku Hanu, kur\u0161 ir pakist\u0101nie\u0161u imigrantu atvase. Hans ir \u201ckatastrofa\u201d un vi\u0146\u0161 tiek iev\u0113l\u0113ts pateicoties imigr\u0101cijas politikai: \u201cVi\u0146u iev\u0113l\u0113, jo tik daudzi cilv\u0113ki ir ieradu\u0161ies. Vi\u0146i v\u0113l\u0113 par vi\u0146u.\u201d<a href=\"https:\/\/www.politico.com\/news\/2025\/12\/09\/trump-dasha-burns-interview-europe-immigration-ukraine-00682016?nid=0000014f-1646-d88f-a1cf-5f46b7bd0000&amp;nname=playbook&amp;nrid=7b7f3232-30f3-4c1c-bcb2-ac598d41dc38\" rel=\"nofollow noopener\" target=\"_blank\">[12]<\/a> \u0160eit aprakst\u012bta ir skaudr\u0101 realit\u0101te, jo briti ir k\u013cuvu\u0161i minorit\u0101te pa\u0161i sav\u0101 galvaspils\u0113t\u0101. Pat ja vi\u0146i grib\u0113tu, vi\u0146i nevar\u0113tu iev\u0113l\u0113t savu kandid\u0101tu, jo imigrantiem vienk\u0101r\u0161i ir vair\u0101k balsu!<\/p>\n<p>Ja nevaru piekrist ASV skat\u012bjumam uz karu Ukrain\u0101, tad vismaz v\u0113lu veiksmi Trampam ietekm\u0113t Eiropas politiku, lai pie varas non\u0101ktu lab\u0113jie. Ir skaidrs, ka progres\u012bvie neapst\u0101sies Eiropas pazudin\u0101\u0161an\u0101. Ne, kad London\u0101 balt\u0101dainie briti b\u016bs paliku\u0161i vien 20%, ne 10%, ne 5%.<\/p>\n<p>Nov\u0113rt\u0113 \u0161o rakstu:<\/p>\n<p>28<\/p>\n<p>1<\/p>\n<p>                <script async src=\"https:\/\/platform.twitter.com\/widgets.js\" charset=\"utf-8\"><\/script><\/p>\n","protected":false},"excerpt":{"rendered":"Haralds Brauns \u00b7 22.12.2025. \u00b7 Koment\u0101ri (14) Iesaki rakstu: \u0160\u012b gada 5. decembr\u012b ASV public\u0113ja dokumentu, kas ir&hellip;\n","protected":false},"author":2,"featured_media":82648,"comment_status":"","ping_status":"","sticky":false,"template":"","format":"standard","meta":{"footnotes":""},"categories":[14],"tags":[23,57,28,29,32,33,22,30,31,35,39,38,36,37,34,40,20,26,27,24,25,54,55,56,21,58],"class_list":{"0":"post-82647","1":"post","2":"type-post","3":"status-publish","4":"format-standard","5":"has-post-thumbnail","7":"category-zinas-no-arvalstim","8":"tag-aktualitates","9":"tag-arvalstim","10":"tag-breaking-news","11":"tag-breakingnews","12":"tag-featured-news","13":"tag-featurednews","14":"tag-headlines","15":"tag-latest-news","16":"tag-latestnews","17":"tag-latvia","18":"tag-latvian","19":"tag-latviesu","20":"tag-latviesu-valoda","21":"tag-latviesuvaloda","22":"tag-latvija","23":"tag-lv","24":"tag-news","25":"tag-popularakas-zinas","26":"tag-popularakaszinas","27":"tag-top-stories","28":"tag-topstories","29":"tag-world","30":"tag-world-news","31":"tag-worldnews","32":"tag-zinas","33":"tag-zinas-no-arvalstim"},"share_on_mastodon":{"url":"https:\/\/pubeurope.com\/@lv\/115762173388929824","error":""},"_links":{"self":[{"href":"https:\/\/www.europesays.com\/lv\/wp-json\/wp\/v2\/posts\/82647","targetHints":{"allow":["GET"]}}],"collection":[{"href":"https:\/\/www.europesays.com\/lv\/wp-json\/wp\/v2\/posts"}],"about":[{"href":"https:\/\/www.europesays.com\/lv\/wp-json\/wp\/v2\/types\/post"}],"author":[{"embeddable":true,"href":"https:\/\/www.europesays.com\/lv\/wp-json\/wp\/v2\/users\/2"}],"replies":[{"embeddable":true,"href":"https:\/\/www.europesays.com\/lv\/wp-json\/wp\/v2\/comments?post=82647"}],"version-history":[{"count":0,"href":"https:\/\/www.europesays.com\/lv\/wp-json\/wp\/v2\/posts\/82647\/revisions"}],"wp:featuredmedia":[{"embeddable":true,"href":"https:\/\/www.europesays.com\/lv\/wp-json\/wp\/v2\/media\/82648"}],"wp:attachment":[{"href":"https:\/\/www.europesays.com\/lv\/wp-json\/wp\/v2\/media?parent=82647"}],"wp:term":[{"taxonomy":"category","embeddable":true,"href":"https:\/\/www.europesays.com\/lv\/wp-json\/wp\/v2\/categories?post=82647"},{"taxonomy":"post_tag","embeddable":true,"href":"https:\/\/www.europesays.com\/lv\/wp-json\/wp\/v2\/tags?post=82647"}],"curies":[{"name":"wp","href":"https:\/\/api.w.org\/{rel}","templated":true}]}}