{"id":82652,"date":"2025-12-22T08:07:13","date_gmt":"2025-12-22T08:07:13","guid":{"rendered":"https:\/\/www.europesays.com\/lv\/82652\/"},"modified":"2025-12-22T08:07:13","modified_gmt":"2025-12-22T08:07:13","slug":"latvija-partikas-cenas-veikalos-sak-sekot-tendencem-pasaule","status":"publish","type":"post","link":"https:\/\/www.europesays.com\/lv\/82652\/","title":{"rendered":"Latvij\u0101 p\u0101rtikas cenas veikalos s\u0101k sekot tendenc\u0113m pasaul\u0113"},"content":{"rendered":"<p>Vi\u0146\u0161 min\u0113ja, ka iepriek\u0161\u0113jos gados Latvij\u0101 bija nov\u0113rota tendence, ja pasaul\u0113 cenas p\u0101rtikai auga, ar\u012b Latvij\u0101 cenas &#8220;g\u0101ja l\u012bdzi&#8221;, bet, ja pasaul\u0113 p\u0101rtikas cenas krit\u0101s, Latvij\u0101 t\u0101s saglab\u0101j\u0101s iepriek\u0161\u0113j\u0101 l\u012bmen\u012b un nesamazin\u0101j\u0101s.<\/p>\n<p>&#8220;Pamaz\u0101m izskat\u0101s, ka cenas tom\u0113r s\u0101k sekot pasaules tendenc\u0113m &#8211; ja pasaul\u0113 kr\u012bt, tad pie mums ar\u012b s\u0101k krist,&#8221; sac\u012bja Kaz\u0101ks.<\/p>\n<p>Tostarp vi\u0146\u0161 pozit\u012bvi nov\u0113rt\u0113ja Latvijas mazumtirdzniec\u012bb\u0101 ieviesto zemo cenu grozu.<\/p>\n<p>Kaz\u0101ks ar\u012b nor\u0101d\u012bja, ka <a href=\"https:\/\/www.tvnet.lv\/term\/556059\/latvijas-banka\" class=\"topicLink\" target=\"_blank\" rel=\"nofollow noopener\">Latvijas Banka<\/a> p\u0101rtikas cenu k\u0101pumu var\u0113tu ierobe\u017eot tikai vien\u0101 veid\u0101, proti, ce\u013cot procentu likmes, ta\u010du \u0161aj\u0101 gad\u012bjum\u0101 tas neb\u016btu pareizs risin\u0101jums.<\/p>\n<p>&#8220;Monet\u0101r\u0101 politika cenu k\u0101pumu var atrisin\u0101t vien\u0101 veid\u0101 &#8211; ce\u013cot procentu likmes, bet atrisin\u0101t viena sektora struktur\u0101las probl\u0113mas ar likmju cel\u0161anu un tad iedzenot visu p\u0101r\u0113jo ekonomiku recesija, t\u0101s b\u016btu nepareizas z\u0101les. L\u012bdz ar to \u0161eit monet\u0101r\u0101 politika p\u0101rtikas cenu k\u0101pumu atrisin\u0101t nevar,&#8221; sac\u012bja Kaz\u0101ks, atz\u012bm\u0113jot, ka \u0161aj\u0101 jaut\u0101jum\u0101 Latvijas Bankas loma ir vair\u0101k k\u0101 ekonomikas ekspertam.<\/p>\n<p>Vi\u0146\u0161 ar\u012b pauda, ka p\u0101rtikas cenu jaut\u0101jum\u0101 \u013coti liela loma ir iedz\u012bvot\u0101jiem, kuri balso ar savu naudas maci\u0146u, ieg\u0101d\u0101joties preces.<\/p>\n","protected":false},"excerpt":{"rendered":"Vi\u0146\u0161 min\u0113ja, ka iepriek\u0161\u0113jos gados Latvij\u0101 bija nov\u0113rota tendence, ja pasaul\u0113 cenas p\u0101rtikai auga, ar\u012b Latvij\u0101 cenas &#8220;g\u0101ja&hellip;\n","protected":false},"author":2,"featured_media":82653,"comment_status":"","ping_status":"","sticky":false,"template":"","format":"standard","meta":{"footnotes":""},"categories":[14],"tags":[23,57,28,29,32,33,22,30,31,35,39,38,36,37,34,46,40,45,20,26,27,24,25,54,55,56,21,58],"class_list":{"0":"post-82652","1":"post","2":"type-post","3":"status-publish","4":"format-standard","5":"has-post-thumbnail","7":"category-zinas-no-arvalstim","8":"tag-aktualitates","9":"tag-arvalstim","10":"tag-breaking-news","11":"tag-breakingnews","12":"tag-featured-news","13":"tag-featurednews","14":"tag-headlines","15":"tag-latest-news","16":"tag-latestnews","17":"tag-latvia","18":"tag-latvian","19":"tag-latviesu","20":"tag-latviesu-valoda","21":"tag-latviesuvaloda","22":"tag-latvija","23":"tag-latvijas-banka","24":"tag-lv","25":"tag-martins-kazaks","26":"tag-news","27":"tag-popularakas-zinas","28":"tag-popularakaszinas","29":"tag-top-stories","30":"tag-topstories","31":"tag-world","32":"tag-world-news","33":"tag-worldnews","34":"tag-zinas","35":"tag-zinas-no-arvalstim"},"share_on_mastodon":{"url":"https:\/\/pubeurope.com\/@lv\/115762196886800559","error":""},"_links":{"self":[{"href":"https:\/\/www.europesays.com\/lv\/wp-json\/wp\/v2\/posts\/82652","targetHints":{"allow":["GET"]}}],"collection":[{"href":"https:\/\/www.europesays.com\/lv\/wp-json\/wp\/v2\/posts"}],"about":[{"href":"https:\/\/www.europesays.com\/lv\/wp-json\/wp\/v2\/types\/post"}],"author":[{"embeddable":true,"href":"https:\/\/www.europesays.com\/lv\/wp-json\/wp\/v2\/users\/2"}],"replies":[{"embeddable":true,"href":"https:\/\/www.europesays.com\/lv\/wp-json\/wp\/v2\/comments?post=82652"}],"version-history":[{"count":0,"href":"https:\/\/www.europesays.com\/lv\/wp-json\/wp\/v2\/posts\/82652\/revisions"}],"wp:featuredmedia":[{"embeddable":true,"href":"https:\/\/www.europesays.com\/lv\/wp-json\/wp\/v2\/media\/82653"}],"wp:attachment":[{"href":"https:\/\/www.europesays.com\/lv\/wp-json\/wp\/v2\/media?parent=82652"}],"wp:term":[{"taxonomy":"category","embeddable":true,"href":"https:\/\/www.europesays.com\/lv\/wp-json\/wp\/v2\/categories?post=82652"},{"taxonomy":"post_tag","embeddable":true,"href":"https:\/\/www.europesays.com\/lv\/wp-json\/wp\/v2\/tags?post=82652"}],"curies":[{"name":"wp","href":"https:\/\/api.w.org\/{rel}","templated":true}]}}