{"id":82658,"date":"2025-12-22T08:13:14","date_gmt":"2025-12-22T08:13:14","guid":{"rendered":"https:\/\/www.europesays.com\/lv\/82658\/"},"modified":"2025-12-22T08:13:14","modified_gmt":"2025-12-22T08:13:14","slug":"tramps-iecelis-ipaso-sutni-grenlandes-jautajumos","status":"publish","type":"post","link":"https:\/\/www.europesays.com\/lv\/82658\/","title":{"rendered":"Tramps iec\u0113lis \u012bpa\u0161o s\u016btni Grenlandes jaut\u0101jumos"},"content":{"rendered":"<p>&#8220;D\u017eefs saprot, cik b\u016btiska m\u016bsu nacion\u0101lajai dro\u0161\u012bbai ir <a href=\"https:\/\/www.apollo.lv\/term\/556529\/grenlande\" class=\"topicLink\" target=\"_blank\" rel=\"nofollow noopener\">Grenlande<\/a>, un vi\u0146\u0161 stingri aizst\u0101v\u0113s m\u016bsu valsts intereses m\u016bsu sabiedroto un visas pasaules dro\u0161\u012bbai un izdz\u012bvo\u0161anai,&#8221; teikts Trampa sv\u0113tdienas vakar\u0101 izplat\u012btaj\u0101 pazi\u0146ojum\u0101.<\/p>\n<p>54 gadus vecais republik\u0101\u0146u politi\u0137is Lendrijs saglab\u0101s Luizi\u0101nas gubernatora amatu, kur\u0101 vi\u0146\u0161 ir kop\u0161 2024. gada. No 2016. l\u012bdz 2024. gadam Lendrijs bija Luizi\u0101nas \u0161tata \u0123ener\u0101lprokurors, bet no 2011. l\u012bdz 2013. gadam &#8211; <a href=\"https:\/\/www.apollo.lv\/term\/555410\/asv\" class=\"topicLink\" target=\"_blank\" rel=\"nofollow noopener\">ASV<\/a> Kongresa P\u0101rst\u0101vju pal\u0101tas deput\u0101ts no Luizi\u0101nas.<\/p>\n<p>Tramps p\u0113c atgrie\u0161an\u0101s Baltaj\u0101 nam\u0101 vair\u0101kk\u0101rt pazi\u0146ojis, ka D\u0101nijas p\u0101rvald\u012btajai Grenlandei b\u016btu j\u0101non\u0101k ASV kontrol\u0113.<\/p>\n<p>August\u0101 D\u0101nijas amatpersonas izsauca ASV v\u0113stnieku saist\u012bb\u0101 ar to, ka vismaz tr\u012bs ar Trampu saist\u012bti cilv\u0113ki Grenland\u0113 ir veiku\u0161i slepenas ietekmes oper\u0101cijas.<\/p>\n<p>Tramps uzsver, ka Grenlande ir b\u016btiska ASV dro\u0161\u012bbai, un nav izsl\u0113dzis iesp\u0113ju ie\u0146emt salu ar milit\u0101ru sp\u0113ku, lai gan D\u0101nija, t\u0101pat k\u0101 ASV, ir NATO dal\u012bbvalsts.<\/p>\n","protected":false},"excerpt":{"rendered":"&#8220;D\u017eefs saprot, cik b\u016btiska m\u016bsu nacion\u0101lajai dro\u0161\u012bbai ir Grenlande, un vi\u0146\u0161 stingri aizst\u0101v\u0113s m\u016bsu valsts intereses m\u016bsu sabiedroto&hellip;\n","protected":false},"author":2,"featured_media":82659,"comment_status":"","ping_status":"","sticky":false,"template":"","format":"standard","meta":{"footnotes":""},"categories":[14],"tags":[23,57,292,28,29,542,32,33,20878,22,30,31,35,39,38,36,37,34,40,20,26,27,24,25,54,55,56,21,58],"class_list":{"0":"post-82658","1":"post","2":"type-post","3":"status-publish","4":"format-standard","5":"has-post-thumbnail","7":"category-zinas-no-arvalstim","8":"tag-aktualitates","9":"tag-arvalstim","10":"tag-asv","11":"tag-breaking-news","12":"tag-breakingnews","13":"tag-donalds-tramps","14":"tag-featured-news","15":"tag-featurednews","16":"tag-grenlande","17":"tag-headlines","18":"tag-latest-news","19":"tag-latestnews","20":"tag-latvia","21":"tag-latvian","22":"tag-latviesu","23":"tag-latviesu-valoda","24":"tag-latviesuvaloda","25":"tag-latvija","26":"tag-lv","27":"tag-news","28":"tag-popularakas-zinas","29":"tag-popularakaszinas","30":"tag-top-stories","31":"tag-topstories","32":"tag-world","33":"tag-world-news","34":"tag-worldnews","35":"tag-zinas","36":"tag-zinas-no-arvalstim"},"share_on_mastodon":{"url":"https:\/\/pubeurope.com\/@lv\/115762220438879893","error":""},"_links":{"self":[{"href":"https:\/\/www.europesays.com\/lv\/wp-json\/wp\/v2\/posts\/82658","targetHints":{"allow":["GET"]}}],"collection":[{"href":"https:\/\/www.europesays.com\/lv\/wp-json\/wp\/v2\/posts"}],"about":[{"href":"https:\/\/www.europesays.com\/lv\/wp-json\/wp\/v2\/types\/post"}],"author":[{"embeddable":true,"href":"https:\/\/www.europesays.com\/lv\/wp-json\/wp\/v2\/users\/2"}],"replies":[{"embeddable":true,"href":"https:\/\/www.europesays.com\/lv\/wp-json\/wp\/v2\/comments?post=82658"}],"version-history":[{"count":0,"href":"https:\/\/www.europesays.com\/lv\/wp-json\/wp\/v2\/posts\/82658\/revisions"}],"wp:featuredmedia":[{"embeddable":true,"href":"https:\/\/www.europesays.com\/lv\/wp-json\/wp\/v2\/media\/82659"}],"wp:attachment":[{"href":"https:\/\/www.europesays.com\/lv\/wp-json\/wp\/v2\/media?parent=82658"}],"wp:term":[{"taxonomy":"category","embeddable":true,"href":"https:\/\/www.europesays.com\/lv\/wp-json\/wp\/v2\/categories?post=82658"},{"taxonomy":"post_tag","embeddable":true,"href":"https:\/\/www.europesays.com\/lv\/wp-json\/wp\/v2\/tags?post=82658"}],"curies":[{"name":"wp","href":"https:\/\/api.w.org\/{rel}","templated":true}]}}