{"id":82662,"date":"2025-12-22T08:15:12","date_gmt":"2025-12-22T08:15:12","guid":{"rendered":"https:\/\/www.europesays.com\/lv\/82662\/"},"modified":"2025-12-22T08:15:12","modified_gmt":"2025-12-22T08:15:12","slug":"spried-ar-delfi-ka-aizejosais-gads-ietekmejis-ekonomiku-un-musu-macinu-biezumu","status":"publish","type":"post","link":"https:\/\/www.europesays.com\/lv\/82662\/","title":{"rendered":"&#8220;Spried ar Delfi&#8221;, k\u0101 aizejo\u0161ais gads ietekm\u0113jis ekonomiku un m\u016bsu maci\u0146u biezumu"},"content":{"rendered":"<p>Laik\u0101, kad ieg\u0101d\u0101jamies Ziemassv\u0113tku d\u0101vanas un sar\u016bp\u0113jam visu vajadz\u012bgo sv\u0113tku mielastam, \u012bpa\u0161i piev\u0113r\u0161am uzman\u012bbu cen\u0101m un tam, ko varam vai nevaram at\u013cauties pirkt. K\u0101 aizvad\u0101m\u0101 gada norises pasaul\u0113 un Latvij\u0101 ietekm\u0113ju\u0161as cenu izmai\u0146as? Vai ir bijusi ietekme centieniem mazin\u0101t <a rel=\"noopener nofollow\" target=\"_blank\" href=\"https:\/\/www.delfi.lv\/temas\/44669182\/partikas-cenas\" tag-id=\"44669182\">p\u0101rtikas cenas<\/a>? Ko cenu izmai\u0146as v\u0113sta par m\u016bsu ekonomikas situ\u0101ciju? Un kas \u0161aj\u0101 jom\u0101 sagaid\u0101ms n\u0101kamaj\u0101 gad\u0101? Par to pirmdien, 22. decembr\u012b, pulksten 12 raid\u012bjum\u0101 &#8220;<a rel=\"noopener nofollow\" target=\"_blank\" href=\"https:\/\/www.delfi.lv\/temas\/52957207\/spried-ar-delfi\" tag-id=\"52957207\">Spried ar Delfi<\/a>&#8221; \u017eurn\u0101liste Laura Ozoli\u0146a izjaut\u0101s Agroresursu un ekonomikas instit\u016bta Lauksaimniec\u012bbas tirgus veicin\u0101\u0161anas da\u013cas vad\u012bt\u0101ju Ing\u016bnu Gulbi un &#8220;SEB bankas&#8221; ekonomistu Daini Ga\u0161puiti.<\/p>\n<p>Latvij\u0101 p\u0101rtikas cenas veikalos s\u0101k sekot tendenc\u0113m pasaul\u0113, pirmdien intervij\u0101 <a rel=\"noopener nofollow\" target=\"_blank\" href=\"https:\/\/www.delfi.lv\/temas\/37258914\/tv3\" tag-id=\"37258914\">TV3<\/a> raid\u012bjumam &#8220;900 sekundes&#8221; sac\u012bja <a rel=\"noopener nofollow\" target=\"_blank\" href=\"https:\/\/www.delfi.lv\/temas\/37208433\/latvijas-banka\" tag-id=\"37208433\">Latvijas Bankas<\/a> prezidents <a rel=\"noopener nofollow\" target=\"_blank\" href=\"https:\/\/www.delfi.lv\/temas\/49649169\/martins-kazaks\" tag-id=\"49649169\">M\u0101rti\u0146\u0161 Kaz\u0101ks<\/a>.<\/p>\n<p>Vi\u0146\u0161 min\u0113ja, ka iepriek\u0161\u0113jos gados Latvij\u0101 bija nov\u0113rota tendence, ja pasaul\u0113 cenas p\u0101rtikai auga, ar\u012b Latvij\u0101 cenas &#8220;g\u0101ja l\u012bdzi&#8221;, bet, ja pasaul\u0113 p\u0101rtikas cenas krit\u0101s, Latvij\u0101 t\u0101s saglab\u0101j\u0101s iepriek\u0161\u0113j\u0101 l\u012bmen\u012b un nesamazin\u0101j\u0101s.<\/p>\n<p>&#8220;Pamaz\u0101m izskat\u0101s, ka cenas tom\u0113r s\u0101k sekot pasaules tendenc\u0113m \u2013 ja pasaul\u0113 kr\u012bt, tad pie mums ar\u012b s\u0101k krist,&#8221; sac\u012bja Kaz\u0101ks.<\/p>\n<p>Vi\u0146\u0161 ar\u012b pauda, ka p\u0101rtikas cenu jaut\u0101jum\u0101 \u013coti liela loma ir iedz\u012bvot\u0101jiem, kuri balso ar savu naudas maci\u0146u, ieg\u0101d\u0101joties preces.<\/p>\n<p>Tiek zi\u0146ots ar\u012b, ka Latvijas Banka palielin\u0101jusi gada vid\u0113j\u0101s <a rel=\"noopener nofollow\" target=\"_blank\" href=\"https:\/\/www.delfi.lv\/temas\/37303769\/inflacija\" tag-id=\"37303769\">infl\u0101cijas<\/a> prognozi \u0161im gadam no iepriek\u0161 prognoz\u0113tajiem 3,4% l\u012bdz 3,9%.<\/p>\n<p>Savuk\u0101rt 2026. gadam gada vid\u0113j\u0101s infl\u0101cijas prognoze palielin\u0101ta no \u0161ogad j\u016bnij\u0101 prognoz\u0113tajiem 2,1% l\u012bdz 3,2%, bet 2027. gadam gada vid\u0113j\u0101s infl\u0101cijas prognoze paaugstin\u0101ta no 2,8% l\u012bdz 2,9%. Savuk\u0101rt 2028. gad\u0101 Latvijas Banka prognoz\u0113 infl\u0101cijas pieaugumu 3,6%.<\/p>\n<p>Latvij\u0101 pat\u0113ri\u0146a cenas \u0161ogad novembr\u012b sal\u012bdzin\u0101jum\u0101 ar oktobri samazin\u0101j\u0101s par 0,3%, bet gada laik\u0101 &#8211; \u0161ogad novembr\u012b sal\u012bdzin\u0101jum\u0101 ar 2024. gada novembri \u2013 pieauga par 3,8%, kam\u0113r m\u0113nesi iepriek\u0161 gada infl\u0101cija bija 4,3%, liecina Centr\u0101l\u0101s statistikas p\u0101rvaldes dati.<\/p>\n<p>Vienlaikus 12 m\u0113ne\u0161u vid\u0113jais pat\u0113ri\u0146a cenu l\u012bmenis, sal\u012bdzinot ar iepriek\u0161\u0113jiem 12 m\u0113ne\u0161iem, novembr\u012b pieaudzis par 3,7%.<\/p>\n<p>B\u016btisk\u0101k\u0101 ietekme uz cenu l\u012bme\u0146a izmai\u0146\u0101m 2025. gada novembr\u012b, sal\u012bdzinot ar 2025. gada oktobri, bija ar transportu saist\u012bt\u0101m prec\u0113m un pakalpojumiem (-0,2 procentpunkti), p\u0101rtikai un bezalkoholiskajiem dz\u0113rieniem (-0,1 procentpunkts), k\u0101 ar\u012b da\u017e\u0101du pre\u010du un pakalpojumu grupai (+0,1 procentpunkts).<\/p>\n<p>M\u0113ne\u0161a laik\u0101 p\u0101rtikas un bezalkoholisko dz\u0113rienu cenas samazin\u0101j\u0101s par 0,5%.<\/p>\n<p>Savus jaut\u0101jumus raid\u012bjuma viesiem s\u016btiet uz e-pastu spried@delfi.lv vai vietn\u0113 <a rel=\"noopener nofollow\" target=\"_blank\" href=\"https:\/\/app.sli.do\/event\/sm9SVLgB8fo6iFZigLHT2W\" data-rel-date-range=\"[]\">slido.com<\/a>, izmantojot kodu <a rel=\"noopener nofollow\" target=\"_blank\" href=\"https:\/\/app.sli.do\/event\/sm9SVLgB8fo6iFZigLHT2W\" data-rel-date-range=\"[]\">#Cenas<\/a>.<\/p>\n<p>Raid\u012bjuma <a rel=\"noopener nofollow\" target=\"_blank\" href=\"https:\/\/www.delfi.lv\/temas\/52957207\/spried-ar-delfi\" data-rel-date-range=\"[]\">&#8220;Spried ar Delfi<\/a>&#8221; jaun\u0101k\u0101s epizodes ir pieejamas <a rel=\"noopener nofollow\" target=\"_blank\" href=\"https:\/\/podcasts.apple.com\/lv\/podcast\/spried-ar-delfi\/id1600051267\" data-rel-date-range=\"[]\">Apple<\/a> un <a rel=\"noopener nofollow\" target=\"_blank\" href=\"https:\/\/open.spotify.com\/show\/1xlLIWwWF0TtscTAUhGMUv?si=Q8r5UNi3QYyF1w3cUZrAWw&amp;nd=1&amp;dlsi=f709a12a5af54acf\" data-rel-date-range=\"[]\">Spotify<\/a> podk\u0101stos!<\/p>\n<p class=\"m-0\">Seko &#8220;Delfi&#8221; ar\u012b  <a target=\"_blank\" href=\"https:\/\/www.instagram.com\/delfi.lv\/\" rel=\"nofollow noopener\">Instagram<\/a>  un <a target=\"_blank\" href=\"https:\/\/www.youtube.com\/channel\/UCw5foWtcJvAbUm64rv7jwUQ\" rel=\"nofollow noopener\">YouTube<\/a>  profil\u0101 \u2013 pievienojies, lai uzzin\u0101tu svar\u012bg\u0101ko un interesant\u0101ko pirmais!<\/p>\n<p>Publik\u0101cijas saturs vai t\u0101s jebk\u0101da apjoma da\u013ca ir aizsarg\u0101ts autorties\u012bbu objekts Autorties\u012bbu likuma izpratn\u0113, un t\u0101 izmanto\u0161ana bez izdev\u0113ja at\u013caujas ir aizliegta. Vair\u0101k lasi  <a target=\"_blank\" href=\"https:\/\/www.delfi.lv\/noteikumi#autortiesibas\" rel=\"nofollow noopener\">\u0161eit<\/a><script async src=\"\/\/www.instagram.com\/embed.js\"><\/script><\/p>\n","protected":false},"excerpt":{"rendered":"Laik\u0101, kad ieg\u0101d\u0101jamies Ziemassv\u0113tku d\u0101vanas un sar\u016bp\u0113jam visu vajadz\u012bgo sv\u0113tku mielastam, \u012bpa\u0161i piev\u0113r\u0161am uzman\u012bbu cen\u0101m un tam, ko&hellip;\n","protected":false},"author":2,"featured_media":82663,"comment_status":"","ping_status":"","sticky":false,"template":"","format":"standard","meta":{"footnotes":""},"categories":[5],"tags":[23,28,29,32,33,22,550,30,31,35,39,38,36,37,34,46,40,45,20,4955,44,26,27,4954,24,25,267,21],"class_list":{"0":"post-82662","1":"post","2":"type-post","3":"status-publish","4":"format-standard","5":"has-post-thumbnail","7":"category-aktualitates","8":"tag-aktualitates","9":"tag-breaking-news","10":"tag-breakingnews","11":"tag-featured-news","12":"tag-featurednews","13":"tag-headlines","14":"tag-inflacija","15":"tag-latest-news","16":"tag-latestnews","17":"tag-latvia","18":"tag-latvian","19":"tag-latviesu","20":"tag-latviesu-valoda","21":"tag-latviesuvaloda","22":"tag-latvija","23":"tag-latvijas-banka","24":"tag-lv","25":"tag-martins-kazaks","26":"tag-news","27":"tag-par-aktualo","28":"tag-partikas-cenas","29":"tag-popularakas-zinas","30":"tag-popularakaszinas","31":"tag-spried-ar-delfi","32":"tag-top-stories","33":"tag-topstories","34":"tag-tv3","35":"tag-zinas"},"share_on_mastodon":{"url":"https:\/\/pubeurope.com\/@lv\/115762228338133172","error":""},"_links":{"self":[{"href":"https:\/\/www.europesays.com\/lv\/wp-json\/wp\/v2\/posts\/82662","targetHints":{"allow":["GET"]}}],"collection":[{"href":"https:\/\/www.europesays.com\/lv\/wp-json\/wp\/v2\/posts"}],"about":[{"href":"https:\/\/www.europesays.com\/lv\/wp-json\/wp\/v2\/types\/post"}],"author":[{"embeddable":true,"href":"https:\/\/www.europesays.com\/lv\/wp-json\/wp\/v2\/users\/2"}],"replies":[{"embeddable":true,"href":"https:\/\/www.europesays.com\/lv\/wp-json\/wp\/v2\/comments?post=82662"}],"version-history":[{"count":0,"href":"https:\/\/www.europesays.com\/lv\/wp-json\/wp\/v2\/posts\/82662\/revisions"}],"wp:featuredmedia":[{"embeddable":true,"href":"https:\/\/www.europesays.com\/lv\/wp-json\/wp\/v2\/media\/82663"}],"wp:attachment":[{"href":"https:\/\/www.europesays.com\/lv\/wp-json\/wp\/v2\/media?parent=82662"}],"wp:term":[{"taxonomy":"category","embeddable":true,"href":"https:\/\/www.europesays.com\/lv\/wp-json\/wp\/v2\/categories?post=82662"},{"taxonomy":"post_tag","embeddable":true,"href":"https:\/\/www.europesays.com\/lv\/wp-json\/wp\/v2\/tags?post=82662"}],"curies":[{"name":"wp","href":"https:\/\/api.w.org\/{rel}","templated":true}]}}