{"id":82668,"date":"2025-12-22T08:20:09","date_gmt":"2025-12-22T08:20:09","guid":{"rendered":"https:\/\/www.europesays.com\/lv\/82668\/"},"modified":"2025-12-22T08:20:09","modified_gmt":"2025-12-22T08:20:09","slug":"pasvaldibas-policijas-darbiniekiem-piemeroti-disciplinarsodi","status":"publish","type":"post","link":"https:\/\/www.europesays.com\/lv\/82668\/","title":{"rendered":"pa\u0161vald\u012bbas policijas darbiniekiem piem\u0113roti disciplin\u0101rsodi"},"content":{"rendered":"<p>Par notiku\u0161o Valsts policij\u0101 (VP) s\u0101kts krimin\u0101lprocess p\u0113c Krimin\u0101llikuma 230. panta 2. da\u013cas par cietsird\u012bgu iztur\u0113\u0161anos pret dz\u012bvniekiem. Par \u0161\u0101du nodar\u012bjumu var sod\u012bt ar br\u012bv\u012bbas at\u0146em\u0161anu uz laiku l\u012bdz pieciem gadiem, \u012bslaic\u012bgu br\u012bv\u012bbas at\u0146em\u0161anu vai prob\u0101cijas uzraudz\u012bbu, at\u0146emot ties\u012bbas uz noteiktu vai visu sugu dz\u012bvnieku tur\u0113\u0161anu uz laiku l\u012bdz pieciem gadiem.<\/p>\n<p>Pa\u0161vald\u012bbas policij\u0101 tika s\u0101ktas divas administrat\u012bv\u0101s lietved\u012bbas &#8211; saist\u012bb\u0101 ar stirnas non\u0101v\u0113\u0161anu, ko izdar\u012bja su\u0146i, k\u0101 ar\u012b par to, ka tika pie\u013cauta dz\u012bvnieku klai\u0146o\u0161ana.<\/p>\n<p>S\u0101kum\u0101 uz dienesta p\u0101rbaudes laiku pa\u0161vald\u012bbas policijas priek\u0161nieks Eg\u012bls Gailis tika atst\u0101din\u0101ts no amata pien\u0101kumu pild\u012b\u0161anas. V\u0113l\u0101k, \u0146emot v\u0113r\u0101 p\u0101rbaudes starpzi\u0146ojumu, Gaili atlaida.<\/p>\n<p>Vienlaikus Bauskas novada <a href=\"https:\/\/www.apollo.lv\/term\/571369\/pasvaldibas-policija\" class=\"topicLink\" target=\"_blank\" rel=\"nofollow noopener\">pa\u0161vald\u012bbas policija<\/a> ir v\u0113rsusies Iek\u0161\u0113j\u0101 dro\u0161\u012bbas biroj\u0101, VP un Iek\u0161lietu ministrijas Inform\u0101cijas centr\u0101 saist\u012bb\u0101 ar datu nopl\u016bdi.<\/p>\n<p>Uz\u0146\u0113m\u0113js Modris Konovalovs, kur\u0161 ir saimniec\u012bbas &#8220;Modra olas&#8221; \u012bpa\u0161nieks, soci\u0101lajos t\u012bklos ir pazi\u0146ojis, ka <a href=\"https:\/\/www.apollo.lv\/term\/555403\/dzivnieki\" class=\"topicLink\" target=\"_blank\" rel=\"nofollow noopener\">dz\u012bvnieki<\/a> pieder\u0113ja vi\u0146am.<\/p>\n","protected":false},"excerpt":{"rendered":"Par notiku\u0161o Valsts policij\u0101 (VP) s\u0101kts krimin\u0101lprocess p\u0113c Krimin\u0101llikuma 230. panta 2. da\u013cas par cietsird\u012bgu iztur\u0113\u0161anos pret dz\u012bvniekiem.&hellip;\n","protected":false},"author":2,"featured_media":27234,"comment_status":"","ping_status":"","sticky":false,"template":"","format":"standard","meta":{"footnotes":""},"categories":[12],"tags":[23,28,29,5807,32,33,22,30,31,35,39,38,36,37,34,40,5943,20,6878,163,26,27,316,24,25,21],"class_list":{"0":"post-82668","1":"post","2":"type-post","3":"status-publish","4":"format-standard","5":"has-post-thumbnail","7":"category-latvija","8":"tag-aktualitates","9":"tag-breaking-news","10":"tag-breakingnews","11":"tag-dzivnieki","12":"tag-featured-news","13":"tag-featurednews","14":"tag-headlines","15":"tag-latest-news","16":"tag-latestnews","17":"tag-latvia","18":"tag-latvian","19":"tag-latviesu","20":"tag-latviesu-valoda","21":"tag-latviesuvaloda","22":"tag-latvija","23":"tag-lv","24":"tag-majdzivnieki","25":"tag-news","26":"tag-pasvaldibas-policija","27":"tag-policija","28":"tag-popularakas-zinas","29":"tag-popularakaszinas","30":"tag-suns","31":"tag-top-stories","32":"tag-topstories","33":"tag-zinas"},"share_on_mastodon":{"url":"https:\/\/pubeurope.com\/@lv\/115762248195159999","error":""},"_links":{"self":[{"href":"https:\/\/www.europesays.com\/lv\/wp-json\/wp\/v2\/posts\/82668","targetHints":{"allow":["GET"]}}],"collection":[{"href":"https:\/\/www.europesays.com\/lv\/wp-json\/wp\/v2\/posts"}],"about":[{"href":"https:\/\/www.europesays.com\/lv\/wp-json\/wp\/v2\/types\/post"}],"author":[{"embeddable":true,"href":"https:\/\/www.europesays.com\/lv\/wp-json\/wp\/v2\/users\/2"}],"replies":[{"embeddable":true,"href":"https:\/\/www.europesays.com\/lv\/wp-json\/wp\/v2\/comments?post=82668"}],"version-history":[{"count":0,"href":"https:\/\/www.europesays.com\/lv\/wp-json\/wp\/v2\/posts\/82668\/revisions"}],"wp:featuredmedia":[{"embeddable":true,"href":"https:\/\/www.europesays.com\/lv\/wp-json\/wp\/v2\/media\/27234"}],"wp:attachment":[{"href":"https:\/\/www.europesays.com\/lv\/wp-json\/wp\/v2\/media?parent=82668"}],"wp:term":[{"taxonomy":"category","embeddable":true,"href":"https:\/\/www.europesays.com\/lv\/wp-json\/wp\/v2\/categories?post=82668"},{"taxonomy":"post_tag","embeddable":true,"href":"https:\/\/www.europesays.com\/lv\/wp-json\/wp\/v2\/tags?post=82668"}],"curies":[{"name":"wp","href":"https:\/\/api.w.org\/{rel}","templated":true}]}}